{"id":13467,"date":"2024-09-12T09:34:27","date_gmt":"2024-09-12T12:34:27","guid":{"rendered":"https:\/\/www.tribunanf.com.br\/blogdoralfereis\/?p=13467"},"modified":"2024-09-12T09:34:27","modified_gmt":"2024-09-12T12:34:27","slug":"cofre-aberto-na-mira-da-cpi-da-transparencia-governo-do-estado-ja-gastou-r-145-milhoes-em-propaganda","status":"publish","type":"post","link":"https:\/\/www.tribunanf.com.br\/blogdoralfereis\/2024\/09\/12\/cofre-aberto-na-mira-da-cpi-da-transparencia-governo-do-estado-ja-gastou-r-145-milhoes-em-propaganda\/","title":{"rendered":"Cofre aberto: Na mira da CPI da Transpar\u00eancia, governo do Estado j\u00e1 gastou R$ 145 milh\u00f5es em propaganda"},"content":{"rendered":"<p><img loading=\"lazy\" decoding=\"async\" class=\"aligncenter size-large wp-image-11756\" src=\"https:\/\/www.tribunanf.com.br\/blogdoralfereis\/wp-content\/uploads\/sites\/11\/2023\/10\/a_palacio_guanabara_Easy-Resize.com_-1024x590.jpg\" alt=\"\" width=\"800\" height=\"461\" srcset=\"https:\/\/www.tribunanf.com.br\/blogdoralfereis\/wp-content\/uploads\/sites\/11\/2023\/10\/a_palacio_guanabara_Easy-Resize.com_-1024x590.jpg 1024w, https:\/\/www.tribunanf.com.br\/blogdoralfereis\/wp-content\/uploads\/sites\/11\/2023\/10\/a_palacio_guanabara_Easy-Resize.com_-300x173.jpg 300w, https:\/\/www.tribunanf.com.br\/blogdoralfereis\/wp-content\/uploads\/sites\/11\/2023\/10\/a_palacio_guanabara_Easy-Resize.com_-768x443.jpg 768w, https:\/\/www.tribunanf.com.br\/blogdoralfereis\/wp-content\/uploads\/sites\/11\/2023\/10\/a_palacio_guanabara_Easy-Resize.com_.jpg 1280w\" sizes=\"auto, (max-width: 800px) 100vw, 800px\" \/><\/p>\n<p style=\"text-align: justify;\">Na mira da CPI da Transpar\u00eancia da Alerj, o governo do Estado n\u00e3o economiza nos gastos de propaganda e publicidade.<\/p>\n<p style=\"text-align: justify;\">Segundo a planilha de gastos de publicidade que consta no SEI Sistema Eletr\u00f4nico, o governo j\u00e1 gastou mais de R$ 145 milh\u00f5es com propaganda, quase todo o or\u00e7amento anual, faltando ainda alguns meses para o fim do ano.<\/p>\n<p style=\"text-align: justify;\">O or\u00e7amento anual \u00e9 de R$ 156 milh\u00f5es.<\/p>\n<p style=\"text-align: justify;\">E vale destacar, que muitos documentos relacionados a publicidade tamb\u00e9m ficam sob sigilo.<\/p>\n<p style=\"text-align: justify;\"><strong>Cofre aberto<\/strong><\/p>\n<p style=\"text-align: justify;\">Da semana passada pra c\u00e1, enquanto o governo est\u00e1 em enfrentamento com a Alerj, foram liberados mais R$ 12 milh\u00f5es em propaganda.<\/p>\n<p style=\"text-align: justify;\"><strong>Not\u00edcia ruim<\/strong><\/p>\n<p style=\"text-align: justify;\">A m\u00e1 not\u00edcia \u00e9 que s\u00f3 restam R$ 11 milh\u00f5es para gastar, o que deve fazer a imprensa amiga do governo a mudar o verbo. Salvo se o governo fizer aditivo.<\/p>\n<p style=\"text-align: justify;\">Veja a planilha:<\/p>\n<p><img loading=\"lazy\" decoding=\"async\" class=\"aligncenter size-large wp-image-13468\" src=\"https:\/\/www.tribunanf.com.br\/blogdoralfereis\/wp-content\/uploads\/sites\/11\/2024\/09\/3.5___Planilha_Saldo_page-0001-791x1024.jpg\" alt=\"\" width=\"791\" height=\"1024\" srcset=\"https:\/\/www.tribunanf.com.br\/blogdoralfereis\/wp-content\/uploads\/sites\/11\/2024\/09\/3.5___Planilha_Saldo_page-0001-791x1024.jpg 791w, https:\/\/www.tribunanf.com.br\/blogdoralfereis\/wp-content\/uploads\/sites\/11\/2024\/09\/3.5___Planilha_Saldo_page-0001-232x300.jpg 232w, https:\/\/www.tribunanf.com.br\/blogdoralfereis\/wp-content\/uploads\/sites\/11\/2024\/09\/3.5___Planilha_Saldo_page-0001-768x994.jpg 768w, https:\/\/www.tribunanf.com.br\/blogdoralfereis\/wp-content\/uploads\/sites\/11\/2024\/09\/3.5___Planilha_Saldo_page-0001-1187x1536.jpg 1187w, https:\/\/www.tribunanf.com.br\/blogdoralfereis\/wp-content\/uploads\/sites\/11\/2024\/09\/3.5___Planilha_Saldo_page-0001.jpg 1275w\" sizes=\"auto, (max-width: 791px) 100vw, 791px\" \/><\/p>\n","protected":false},"excerpt":{"rendered":"<p>Na mira da CPI da Transpar\u00eancia da Alerj, o governo do Estado n\u00e3o economiza nos gastos de propaganda e publicidade&#8230;.<\/p>\n","protected":false},"author":2,"featured_media":11756,"comment_status":"open","ping_status":"open","sticky":false,"template":"","format":"standard","meta":{"colormag_page_container_layout":"default_layout","colormag_page_sidebar_layout":"default_layout","jetpack_post_was_ever_published":false,"_jetpack_newsletter_access":"","_jetpack_dont_email_post_to_subs":false,"_jetpack_newsletter_tier_id":0,"_jetpack_memberships_contains_paywalled_content":false,"_jetpack_memberships_contains_paid_content":false,"footnotes":""},"categories":[2],"tags":[],"class_list":["post-13467","post","type-post","status-publish","format-standard","has-post-thumbnail","hentry","category-politica"],"jetpack_featured_media_url":"https:\/\/www.tribunanf.com.br\/blogdoralfereis\/wp-content\/uploads\/sites\/11\/2023\/10\/a_palacio_guanabara_Easy-Resize.com_.jpg","jetpack_sharing_enabled":true,"_links":{"self":[{"href":"https:\/\/www.tribunanf.com.br\/blogdoralfereis\/wp-json\/wp\/v2\/posts\/13467","targetHints":{"allow":["GET"]}}],"collection":[{"href":"https:\/\/www.tribunanf.com.br\/blogdoralfereis\/wp-json\/wp\/v2\/posts"}],"about":[{"href":"https:\/\/www.tribunanf.com.br\/blogdoralfereis\/wp-json\/wp\/v2\/types\/post"}],"author":[{"embeddable":true,"href":"https:\/\/www.tribunanf.com.br\/blogdoralfereis\/wp-json\/wp\/v2\/users\/2"}],"replies":[{"embeddable":true,"href":"https:\/\/www.tribunanf.com.br\/blogdoralfereis\/wp-json\/wp\/v2\/comments?post=13467"}],"version-history":[{"count":0,"href":"https:\/\/www.tribunanf.com.br\/blogdoralfereis\/wp-json\/wp\/v2\/posts\/13467\/revisions"}],"wp:featuredmedia":[{"embeddable":true,"href":"https:\/\/www.tribunanf.com.br\/blogdoralfereis\/wp-json\/wp\/v2\/media\/11756"}],"wp:attachment":[{"href":"https:\/\/www.tribunanf.com.br\/blogdoralfereis\/wp-json\/wp\/v2\/media?parent=13467"}],"wp:term":[{"taxonomy":"category","embeddable":true,"href":"https:\/\/www.tribunanf.com.br\/blogdoralfereis\/wp-json\/wp\/v2\/categories?post=13467"},{"taxonomy":"post_tag","embeddable":true,"href":"https:\/\/www.tribunanf.com.br\/blogdoralfereis\/wp-json\/wp\/v2\/tags?post=13467"}],"curies":[{"name":"wp","href":"https:\/\/api.w.org\/{rel}","templated":true}]}}