{"id":13440,"date":"2024-09-04T18:00:33","date_gmt":"2024-09-04T21:00:33","guid":{"rendered":"https:\/\/www.tribunanf.com.br\/blogdoralfereis\/?p=13440"},"modified":"2024-09-04T18:00:33","modified_gmt":"2024-09-04T21:00:33","slug":"cpi-da-transparencia-mira-na-area-de-publicidade-e-eventos-do-governo-claudio-castro","status":"publish","type":"post","link":"https:\/\/www.tribunanf.com.br\/blogdoralfereis\/2024\/09\/04\/cpi-da-transparencia-mira-na-area-de-publicidade-e-eventos-do-governo-claudio-castro\/","title":{"rendered":"CPI da Transpar\u00eancia mira na \u00e1rea de publicidade e eventos do governo Cl\u00e1udio Castro"},"content":{"rendered":"<p><img loading=\"lazy\" decoding=\"async\" class=\"aligncenter size-large wp-image-11756\" src=\"https:\/\/www.tribunanf.com.br\/blogdoralfereis\/wp-content\/uploads\/sites\/11\/2023\/10\/a_palacio_guanabara_Easy-Resize.com_-1024x590.jpg\" alt=\"\" width=\"800\" height=\"461\" srcset=\"https:\/\/www.tribunanf.com.br\/blogdoralfereis\/wp-content\/uploads\/sites\/11\/2023\/10\/a_palacio_guanabara_Easy-Resize.com_-1024x590.jpg 1024w, https:\/\/www.tribunanf.com.br\/blogdoralfereis\/wp-content\/uploads\/sites\/11\/2023\/10\/a_palacio_guanabara_Easy-Resize.com_-300x173.jpg 300w, https:\/\/www.tribunanf.com.br\/blogdoralfereis\/wp-content\/uploads\/sites\/11\/2023\/10\/a_palacio_guanabara_Easy-Resize.com_-768x443.jpg 768w, https:\/\/www.tribunanf.com.br\/blogdoralfereis\/wp-content\/uploads\/sites\/11\/2023\/10\/a_palacio_guanabara_Easy-Resize.com_.jpg 1280w\" sizes=\"auto, (max-width: 800px) 100vw, 800px\" \/><\/p>\n<p style=\"text-align: justify;\">A CPI da Transpar\u00eancia da Assembleia Legislativa apontou a mira para a \u00e1rea de eventos e publicidade do governo do estado, informa o site Tempo Real.<\/p>\n<p style=\"text-align: justify;\">O presidente da CPI, deputado Alan Lopes (PL), prop\u00f4s que a comiss\u00e3o envie ao governo do estado um requerimento pedindo informa\u00e7\u00f5es sobre toda verba destinada a eventos e publicidade nos \u00faltimos 30 meses. Os deputados querem passar um pente-fino nos patroc\u00ednios. O envio do documento foi aprovado pela maioria.<\/p>\n<p style=\"text-align: justify;\"><strong>Gastan\u00e7a com publicidade para contrapor CPI?\u00a0<\/strong><\/p>\n<p style=\"text-align: justify;\">Conforme o blog revelou em duas publica\u00e7\u00f5es, a Casa Civil do Estado abriu o cofre para disparar uma campanha publicit\u00e1ria denominada &#8220;Transforma\u00e7\u00e3o Digital&#8221;, para enaltecer as secretarias respons\u00e1veis pela transpar\u00eancia do governo.<\/p>\n<p style=\"text-align: justify;\">A gastan\u00e7a foi de mais de R$ 2,5 milh\u00f5es.<\/p>\n<p>A CPI deve apertar o governo.<\/p>\n<p style=\"text-align: justify;\">Relembre nos links abaixo:<\/p>\n<blockquote class=\"wp-embedded-content\" data-secret=\"e8mQ9b3brF\"><p><a href=\"https:\/\/www.tribunanf.com.br\/blogdoralfereis\/2024\/07\/18\/na-mira-da-cpi-da-transparencia-casa-civil-libera-mais-r-15-milhao-para-campanha-publicitaria-transformacao-digital\/\">Na mira da CPI da Transpar\u00eancia, Casa Civil libera mais R$ 1,5 milh\u00e3o para campanha publicit\u00e1ria &#8220;Transforma\u00e7\u00e3o Digital&#8221;<\/a><\/p><\/blockquote>\n<p><iframe loading=\"lazy\" class=\"wp-embedded-content\" sandbox=\"allow-scripts\" security=\"restricted\" style=\"position: absolute; visibility: hidden;\" title=\"&#8220;Na mira da CPI da Transpar\u00eancia, Casa Civil libera mais R$ 1,5 milh\u00e3o para campanha publicit\u00e1ria &#8220;Transforma\u00e7\u00e3o Digital&#8221;&#8221; &#8212; Blog do Ralfe Reis\" src=\"https:\/\/www.tribunanf.com.br\/blogdoralfereis\/2024\/07\/18\/na-mira-da-cpi-da-transparencia-casa-civil-libera-mais-r-15-milhao-para-campanha-publicitaria-transformacao-digital\/embed\/#?secret=jLdZB9AiPG#?secret=e8mQ9b3brF\" data-secret=\"e8mQ9b3brF\" width=\"600\" height=\"338\" frameborder=\"0\" marginwidth=\"0\" marginheight=\"0\" scrolling=\"no\"><\/iframe><\/p>\n<blockquote class=\"wp-embedded-content\" data-secret=\"fJSAab4lO5\"><p><a href=\"https:\/\/www.tribunanf.com.br\/blogdoralfereis\/2024\/05\/15\/na-mira-da-cpi-da-transparencia-governo-do-estado-rj-destina-quase-r1-milhao-para-campanha-publicitaria-transformacao-digital\/\">Na mira da CPI da Transpar\u00eancia, Governo do Estado RJ destina quase R$1 milh\u00e3o para campanha publicit\u00e1ria \u201cTransforma\u00e7\u00e3o Digital\u201d<\/a><\/p><\/blockquote>\n<p><iframe loading=\"lazy\" class=\"wp-embedded-content\" sandbox=\"allow-scripts\" security=\"restricted\" style=\"position: absolute; visibility: hidden;\" title=\"&#8220;Na mira da CPI da Transpar\u00eancia, Governo do Estado RJ destina quase R$1 milh\u00e3o para campanha publicit\u00e1ria \u201cTransforma\u00e7\u00e3o Digital\u201d&#8221; &#8212; Blog do Ralfe Reis\" src=\"https:\/\/www.tribunanf.com.br\/blogdoralfereis\/2024\/05\/15\/na-mira-da-cpi-da-transparencia-governo-do-estado-rj-destina-quase-r1-milhao-para-campanha-publicitaria-transformacao-digital\/embed\/#?secret=Fusi8AXtSZ#?secret=fJSAab4lO5\" data-secret=\"fJSAab4lO5\" width=\"600\" height=\"338\" frameborder=\"0\" marginwidth=\"0\" marginheight=\"0\" scrolling=\"no\"><\/iframe><\/p>\n","protected":false},"excerpt":{"rendered":"<p>A CPI da Transpar\u00eancia da Assembleia Legislativa apontou a mira para a \u00e1rea de eventos e publicidade do governo do&#8230;<\/p>\n","protected":false},"author":2,"featured_media":11756,"comment_status":"open","ping_status":"open","sticky":false,"template":"","format":"standard","meta":{"colormag_page_container_layout":"default_layout","colormag_page_sidebar_layout":"default_layout","jetpack_post_was_ever_published":false,"_jetpack_newsletter_access":"","_jetpack_dont_email_post_to_subs":false,"_jetpack_newsletter_tier_id":0,"_jetpack_memberships_contains_paywalled_content":false,"_jetpack_memberships_contains_paid_content":false,"footnotes":""},"categories":[2],"tags":[],"class_list":["post-13440","post","type-post","status-publish","format-standard","has-post-thumbnail","hentry","category-politica"],"jetpack_featured_media_url":"https:\/\/www.tribunanf.com.br\/blogdoralfereis\/wp-content\/uploads\/sites\/11\/2023\/10\/a_palacio_guanabara_Easy-Resize.com_.jpg","jetpack_sharing_enabled":true,"_links":{"self":[{"href":"https:\/\/www.tribunanf.com.br\/blogdoralfereis\/wp-json\/wp\/v2\/posts\/13440","targetHints":{"allow":["GET"]}}],"collection":[{"href":"https:\/\/www.tribunanf.com.br\/blogdoralfereis\/wp-json\/wp\/v2\/posts"}],"about":[{"href":"https:\/\/www.tribunanf.com.br\/blogdoralfereis\/wp-json\/wp\/v2\/types\/post"}],"author":[{"embeddable":true,"href":"https:\/\/www.tribunanf.com.br\/blogdoralfereis\/wp-json\/wp\/v2\/users\/2"}],"replies":[{"embeddable":true,"href":"https:\/\/www.tribunanf.com.br\/blogdoralfereis\/wp-json\/wp\/v2\/comments?post=13440"}],"version-history":[{"count":0,"href":"https:\/\/www.tribunanf.com.br\/blogdoralfereis\/wp-json\/wp\/v2\/posts\/13440\/revisions"}],"wp:featuredmedia":[{"embeddable":true,"href":"https:\/\/www.tribunanf.com.br\/blogdoralfereis\/wp-json\/wp\/v2\/media\/11756"}],"wp:attachment":[{"href":"https:\/\/www.tribunanf.com.br\/blogdoralfereis\/wp-json\/wp\/v2\/media?parent=13440"}],"wp:term":[{"taxonomy":"category","embeddable":true,"href":"https:\/\/www.tribunanf.com.br\/blogdoralfereis\/wp-json\/wp\/v2\/categories?post=13440"},{"taxonomy":"post_tag","embeddable":true,"href":"https:\/\/www.tribunanf.com.br\/blogdoralfereis\/wp-json\/wp\/v2\/tags?post=13440"}],"curies":[{"name":"wp","href":"https:\/\/api.w.org\/{rel}","templated":true}]}}