{"id":13418,"date":"2024-09-02T18:55:18","date_gmt":"2024-09-02T21:55:18","guid":{"rendered":"https:\/\/www.tribunanf.com.br\/blogdoralfereis\/?p=13418"},"modified":"2024-09-02T18:55:18","modified_gmt":"2024-09-02T21:55:18","slug":"claudio-castro-troca-comandos-da-policia-civil-e-da-defesa-civil-do-rj","status":"publish","type":"post","link":"https:\/\/www.tribunanf.com.br\/blogdoralfereis\/2024\/09\/02\/claudio-castro-troca-comandos-da-policia-civil-e-da-defesa-civil-do-rj\/","title":{"rendered":"Cl\u00e1udio Castro troca comandos da Pol\u00edcia Civil e da Defesa Civil do RJ"},"content":{"rendered":"<p><img loading=\"lazy\" decoding=\"async\" class=\"aligncenter size-large wp-image-13419\" src=\"https:\/\/www.tribunanf.com.br\/blogdoralfereis\/wp-content\/uploads\/sites\/11\/2024\/09\/Snapinsta.app_458212785_18455672392063638_2252219111782688642_n_1080_Easy-Resize.com_-1024x682.jpg\" alt=\"\" width=\"800\" height=\"533\" srcset=\"https:\/\/www.tribunanf.com.br\/blogdoralfereis\/wp-content\/uploads\/sites\/11\/2024\/09\/Snapinsta.app_458212785_18455672392063638_2252219111782688642_n_1080_Easy-Resize.com_-1024x682.jpg 1024w, https:\/\/www.tribunanf.com.br\/blogdoralfereis\/wp-content\/uploads\/sites\/11\/2024\/09\/Snapinsta.app_458212785_18455672392063638_2252219111782688642_n_1080_Easy-Resize.com_-300x200.jpg 300w, https:\/\/www.tribunanf.com.br\/blogdoralfereis\/wp-content\/uploads\/sites\/11\/2024\/09\/Snapinsta.app_458212785_18455672392063638_2252219111782688642_n_1080_Easy-Resize.com_-768x511.jpg 768w, https:\/\/www.tribunanf.com.br\/blogdoralfereis\/wp-content\/uploads\/sites\/11\/2024\/09\/Snapinsta.app_458212785_18455672392063638_2252219111782688642_n_1080_Easy-Resize.com_.jpg 1280w\" sizes=\"auto, (max-width: 800px) 100vw, 800px\" \/><\/p>\n<p style=\"text-align: justify;\">O governador Cl\u00e1udio Castro demitiu nesta segunda-feira (2) o chefe de Pol\u00edcia Civil, Marcus Amim, e o secret\u00e1rio de Defesa Civil e comandante-geral do Corpo de Bombeiros, Leandro Monteiro.<\/p>\n<p style=\"text-align: justify;\">Os dois foram chamados ao Pal\u00e1cio Guanabara pelo governador para serem comunicados de sua decis\u00e3o. Os motivos n\u00e3o foram divulgados.<\/p>\n<ul class=\"content-unordered-list\" style=\"text-align: justify;\" data-mrf-recirculation=\"Recomendado\">\n<li><strong><span class=\"highlight highlighted\">Felipe Curi<\/span><\/strong><span class=\"highlight highlighted\">, atual diretor do Departamento de Homic\u00eddios, assume a chefia da Pol\u00edcia Civil<\/span>;<\/li>\n<li><span class=\"highlight highlighted\">coronel\u00a0<\/span><strong><span class=\"highlight highlighted\">Tarciso Ant\u00f4nio de Salles Junior<\/span><\/strong><span class=\"highlight highlighted\">, atual corregedor-geral da Secretaria de Sa\u00fade, assume a Defesa Civil e o comando-geral do Corpo de Bombeiros.<\/span><\/li>\n<\/ul>\n<p style=\"text-align: justify;\">&#8220;<em>Com o objetivo de fortalecer ainda mais as for\u00e7as de Seguran\u00e7a do Estado, determinei uma reestrutura\u00e7\u00e3o importante no secretariado.<\/em><\/p>\n<p style=\"text-align: justify;\"><em>Felipe Curi, atual diretor do Departamento de Homic\u00eddios do Estado, assume agora a chefia da Pol\u00edcia Civil. O coronel Tarciso Ant\u00f4nio de Salles Junior, corregedor-geral da Secretaria de Sa\u00fade, assume o comando da Defesa Civil e do Corpo de Bombeiros.<\/em><\/p>\n<p style=\"text-align: justify;\"><em>Agrade\u00e7o aos ex-secret\u00e1rios Marcus Amim e Leandro Monteiro pelo importante trabalho e dedica\u00e7\u00e3o ao longo do tempo em que lideraram suas pastas.<\/em><\/p>\n<p style=\"text-align: justify;\"><em>Com essas mudan\u00e7as, seguimos firmes no compromisso de servir cada vez melhor a popula\u00e7\u00e3o do Rio de Janeiro.<\/em>&#8220;, disse Castro nas redes sociais.<\/p>\n<p>Leia tamb\u00e9m:<\/p>\n<blockquote class=\"wp-embedded-content\" data-secret=\"aAP97Nztsr\"><p><a href=\"https:\/\/www.tribunanf.com.br\/blogdoralfereis\/2024\/09\/02\/claudio-castro-demite-marcus-amim-chefe-da-policia-civil\/\">Cl\u00e1udio Castro demite Marcus Amim, chefe da Pol\u00edcia Civil<\/a><\/p><\/blockquote>\n<p><iframe loading=\"lazy\" class=\"wp-embedded-content\" sandbox=\"allow-scripts\" security=\"restricted\" style=\"position: absolute; visibility: hidden;\" title=\"&#8220;Cl\u00e1udio Castro demite Marcus Amim, chefe da Pol\u00edcia Civil&#8221; &#8212; Blog do Ralfe Reis\" src=\"https:\/\/www.tribunanf.com.br\/blogdoralfereis\/2024\/09\/02\/claudio-castro-demite-marcus-amim-chefe-da-policia-civil\/embed\/#?secret=ANfeCGZjuh#?secret=aAP97Nztsr\" data-secret=\"aAP97Nztsr\" width=\"600\" height=\"338\" frameborder=\"0\" marginwidth=\"0\" marginheight=\"0\" scrolling=\"no\"><\/iframe><\/p>\n","protected":false},"excerpt":{"rendered":"<p>O governador Cl\u00e1udio Castro demitiu nesta segunda-feira (2) o chefe de Pol\u00edcia Civil, Marcus Amim, e o secret\u00e1rio de Defesa&#8230;<\/p>\n","protected":false},"author":2,"featured_media":13419,"comment_status":"open","ping_status":"open","sticky":false,"template":"","format":"standard","meta":{"colormag_page_container_layout":"default_layout","colormag_page_sidebar_layout":"default_layout","jetpack_post_was_ever_published":false,"_jetpack_newsletter_access":"","_jetpack_dont_email_post_to_subs":false,"_jetpack_newsletter_tier_id":0,"_jetpack_memberships_contains_paywalled_content":false,"_jetpack_memberships_contains_paid_content":false,"footnotes":""},"categories":[2],"tags":[],"class_list":["post-13418","post","type-post","status-publish","format-standard","has-post-thumbnail","hentry","category-politica"],"jetpack_featured_media_url":"https:\/\/www.tribunanf.com.br\/blogdoralfereis\/wp-content\/uploads\/sites\/11\/2024\/09\/Snapinsta.app_458212785_18455672392063638_2252219111782688642_n_1080_Easy-Resize.com_.jpg","jetpack_sharing_enabled":true,"_links":{"self":[{"href":"https:\/\/www.tribunanf.com.br\/blogdoralfereis\/wp-json\/wp\/v2\/posts\/13418","targetHints":{"allow":["GET"]}}],"collection":[{"href":"https:\/\/www.tribunanf.com.br\/blogdoralfereis\/wp-json\/wp\/v2\/posts"}],"about":[{"href":"https:\/\/www.tribunanf.com.br\/blogdoralfereis\/wp-json\/wp\/v2\/types\/post"}],"author":[{"embeddable":true,"href":"https:\/\/www.tribunanf.com.br\/blogdoralfereis\/wp-json\/wp\/v2\/users\/2"}],"replies":[{"embeddable":true,"href":"https:\/\/www.tribunanf.com.br\/blogdoralfereis\/wp-json\/wp\/v2\/comments?post=13418"}],"version-history":[{"count":0,"href":"https:\/\/www.tribunanf.com.br\/blogdoralfereis\/wp-json\/wp\/v2\/posts\/13418\/revisions"}],"wp:featuredmedia":[{"embeddable":true,"href":"https:\/\/www.tribunanf.com.br\/blogdoralfereis\/wp-json\/wp\/v2\/media\/13419"}],"wp:attachment":[{"href":"https:\/\/www.tribunanf.com.br\/blogdoralfereis\/wp-json\/wp\/v2\/media?parent=13418"}],"wp:term":[{"taxonomy":"category","embeddable":true,"href":"https:\/\/www.tribunanf.com.br\/blogdoralfereis\/wp-json\/wp\/v2\/categories?post=13418"},{"taxonomy":"post_tag","embeddable":true,"href":"https:\/\/www.tribunanf.com.br\/blogdoralfereis\/wp-json\/wp\/v2\/tags?post=13418"}],"curies":[{"name":"wp","href":"https:\/\/api.w.org\/{rel}","templated":true}]}}