{"id":13384,"date":"2024-08-24T14:37:57","date_gmt":"2024-08-24T17:37:57","guid":{"rendered":"https:\/\/www.tribunanf.com.br\/blogdoralfereis\/?p=13384"},"modified":"2024-08-24T15:25:04","modified_gmt":"2024-08-24T18:25:04","slug":"sfi-ex-candidato-a-vereador-chacal-do-batuque-e-mais-um-que-deixa-grupo-de-pedrinho-cherene-e-declara-apoio-a-yara-cinthia","status":"publish","type":"post","link":"https:\/\/www.tribunanf.com.br\/blogdoralfereis\/2024\/08\/24\/sfi-ex-candidato-a-vereador-chacal-do-batuque-e-mais-um-que-deixa-grupo-de-pedrinho-cherene-e-declara-apoio-a-yara-cinthia\/","title":{"rendered":"SFI: Ex-candidato a vereador, Chacal do Batuque \u00e9 mais um que deixa grupo de Pedrinho Cherene e declara apoio a Yara Cinthia"},"content":{"rendered":"<p><img loading=\"lazy\" decoding=\"async\" class=\"aligncenter size-large wp-image-13385\" src=\"https:\/\/www.tribunanf.com.br\/blogdoralfereis\/wp-content\/uploads\/sites\/11\/2024\/08\/WhatsApp-Image-2024-08-24-at-14.10.52_Easy-Resize.com_-1024x917.jpg\" alt=\"\" width=\"800\" height=\"716\" srcset=\"https:\/\/www.tribunanf.com.br\/blogdoralfereis\/wp-content\/uploads\/sites\/11\/2024\/08\/WhatsApp-Image-2024-08-24-at-14.10.52_Easy-Resize.com_-1024x917.jpg 1024w, https:\/\/www.tribunanf.com.br\/blogdoralfereis\/wp-content\/uploads\/sites\/11\/2024\/08\/WhatsApp-Image-2024-08-24-at-14.10.52_Easy-Resize.com_-300x269.jpg 300w, https:\/\/www.tribunanf.com.br\/blogdoralfereis\/wp-content\/uploads\/sites\/11\/2024\/08\/WhatsApp-Image-2024-08-24-at-14.10.52_Easy-Resize.com_-768x688.jpg 768w, https:\/\/www.tribunanf.com.br\/blogdoralfereis\/wp-content\/uploads\/sites\/11\/2024\/08\/WhatsApp-Image-2024-08-24-at-14.10.52_Easy-Resize.com_.jpg 1280w\" sizes=\"auto, (max-width: 800px) 100vw, 800px\" \/><\/p>\n<p style=\"text-align: justify;\">O agora ex-candidato a vereador pelo Avante em S\u00e3o Francisco de Itabapoana, Clauderlei Chaves, o Chacal do Batuque, \u00e9 mais uma lideran\u00e7a pol\u00edtica que decidiu romper com o grupo do candidato a prefeito Pedrinho Cherene. Ele anunciou apoio a Yara Cinthia.<\/p>\n<p style=\"text-align: justify;\">O partido Avante est\u00e1 na coliga\u00e7\u00e3o de Pedrinho, entretanto, os candidatos \u00e0 C\u00e2mara n\u00e3o est\u00e3o aceitando apoiar o ex-prefeito.<\/p>\n<p style=\"text-align: justify;\">Chacal do Batuque \u00e9 mais um que deixou o antigo grupo e declarou apoio a professora e vereadora Yara Cinthia (SD), candidata a prefeita, juntamente com o candidato a vice, o produtor rural e vereador Renato Roxinho (Republicanos).<\/p>\n<p style=\"text-align: justify;\">A chapa Yara Cinthia\/Roxinho \u00e9 apoiada pela prefeita Francimara Barbosa Lemos e seu marido, o ex-prefeito e suplente de deputado Frederico Barbosa Lemos.<\/p>\n<p style=\"text-align: justify;\">Conforme o blog informou ontem, a sa\u00edda de L\u00e9o Tavares abriu a temporada de debandada no grupo de Pedrinho Cherene.<\/p>\n<p style=\"text-align: justify;\">Lideran\u00e7as e candidatos de outros partidos tamb\u00e9m devem anunciar rompimento com o ex-prefeito.<\/p>\n<p>Leia tamb\u00e9m:<\/p>\n<blockquote class=\"wp-embedded-content\" data-secret=\"00gPRtjGHc\"><p><a href=\"https:\/\/www.tribunanf.com.br\/blogdoralfereis\/2024\/08\/23\/sfi-leo-tavares-desiste-de-concorrer-a-camara-deixa-grupo-de-pedrinho-cherene-e-declara-apoio-a-yara-cinthia\/\">SFI: L\u00e9o Tavares desiste de concorrer \u00e0 C\u00e2mara, deixa grupo de Pedrinho Cherene e declara apoio a Yara Cinthia<\/a><\/p><\/blockquote>\n<p><iframe loading=\"lazy\" class=\"wp-embedded-content\" sandbox=\"allow-scripts\" security=\"restricted\" style=\"position: absolute; visibility: hidden;\" title=\"&#8220;SFI: L\u00e9o Tavares desiste de concorrer \u00e0 C\u00e2mara, deixa grupo de Pedrinho Cherene e declara apoio a Yara Cinthia&#8221; &#8212; Blog do Ralfe Reis\" src=\"https:\/\/www.tribunanf.com.br\/blogdoralfereis\/2024\/08\/23\/sfi-leo-tavares-desiste-de-concorrer-a-camara-deixa-grupo-de-pedrinho-cherene-e-declara-apoio-a-yara-cinthia\/embed\/#?secret=7qZ0zWQc07#?secret=00gPRtjGHc\" data-secret=\"00gPRtjGHc\" width=\"600\" height=\"338\" frameborder=\"0\" marginwidth=\"0\" marginheight=\"0\" scrolling=\"no\"><\/iframe><\/p>\n","protected":false},"excerpt":{"rendered":"<p>O agora ex-candidato a vereador pelo Avante em S\u00e3o Francisco de Itabapoana, Clauderlei Chaves, o Chacal do Batuque, \u00e9 mais&#8230;<\/p>\n","protected":false},"author":2,"featured_media":13385,"comment_status":"open","ping_status":"open","sticky":false,"template":"","format":"standard","meta":{"colormag_page_container_layout":"default_layout","colormag_page_sidebar_layout":"default_layout","jetpack_post_was_ever_published":false,"_jetpack_newsletter_access":"","_jetpack_dont_email_post_to_subs":false,"_jetpack_newsletter_tier_id":0,"_jetpack_memberships_contains_paywalled_content":false,"_jetpack_memberships_contains_paid_content":false,"footnotes":""},"categories":[2],"tags":[],"class_list":["post-13384","post","type-post","status-publish","format-standard","has-post-thumbnail","hentry","category-politica"],"jetpack_featured_media_url":"https:\/\/www.tribunanf.com.br\/blogdoralfereis\/wp-content\/uploads\/sites\/11\/2024\/08\/WhatsApp-Image-2024-08-24-at-14.10.52_Easy-Resize.com_.jpg","jetpack_sharing_enabled":true,"_links":{"self":[{"href":"https:\/\/www.tribunanf.com.br\/blogdoralfereis\/wp-json\/wp\/v2\/posts\/13384","targetHints":{"allow":["GET"]}}],"collection":[{"href":"https:\/\/www.tribunanf.com.br\/blogdoralfereis\/wp-json\/wp\/v2\/posts"}],"about":[{"href":"https:\/\/www.tribunanf.com.br\/blogdoralfereis\/wp-json\/wp\/v2\/types\/post"}],"author":[{"embeddable":true,"href":"https:\/\/www.tribunanf.com.br\/blogdoralfereis\/wp-json\/wp\/v2\/users\/2"}],"replies":[{"embeddable":true,"href":"https:\/\/www.tribunanf.com.br\/blogdoralfereis\/wp-json\/wp\/v2\/comments?post=13384"}],"version-history":[{"count":0,"href":"https:\/\/www.tribunanf.com.br\/blogdoralfereis\/wp-json\/wp\/v2\/posts\/13384\/revisions"}],"wp:featuredmedia":[{"embeddable":true,"href":"https:\/\/www.tribunanf.com.br\/blogdoralfereis\/wp-json\/wp\/v2\/media\/13385"}],"wp:attachment":[{"href":"https:\/\/www.tribunanf.com.br\/blogdoralfereis\/wp-json\/wp\/v2\/media?parent=13384"}],"wp:term":[{"taxonomy":"category","embeddable":true,"href":"https:\/\/www.tribunanf.com.br\/blogdoralfereis\/wp-json\/wp\/v2\/categories?post=13384"},{"taxonomy":"post_tag","embeddable":true,"href":"https:\/\/www.tribunanf.com.br\/blogdoralfereis\/wp-json\/wp\/v2\/tags?post=13384"}],"curies":[{"name":"wp","href":"https:\/\/api.w.org\/{rel}","templated":true}]}}