{"id":13349,"date":"2024-08-19T20:43:41","date_gmt":"2024-08-19T23:43:41","guid":{"rendered":"https:\/\/www.tribunanf.com.br\/blogdoralfereis\/?p=13349"},"modified":"2024-08-19T20:44:43","modified_gmt":"2024-08-19T23:44:43","slug":"ele-e-que-esta-nervoso-com-alguma-coisa-diz-paes-em-meio-a-embate-com-castro","status":"publish","type":"post","link":"https:\/\/www.tribunanf.com.br\/blogdoralfereis\/2024\/08\/19\/ele-e-que-esta-nervoso-com-alguma-coisa-diz-paes-em-meio-a-embate-com-castro\/","title":{"rendered":"&#8216;Ele \u00e9 que est\u00e1 nervoso com alguma coisa&#8217;, diz Paes em meio a embate com Castro"},"content":{"rendered":"<p><img loading=\"lazy\" decoding=\"async\" class=\"aligncenter size-large wp-image-13350\" src=\"https:\/\/www.tribunanf.com.br\/blogdoralfereis\/wp-content\/uploads\/sites\/11\/2024\/08\/whatsapp-image-2024-08-19-at-17.02.19_Easy-Resize.com_-1024x805.jpg\" alt=\"\" width=\"800\" height=\"629\" srcset=\"https:\/\/www.tribunanf.com.br\/blogdoralfereis\/wp-content\/uploads\/sites\/11\/2024\/08\/whatsapp-image-2024-08-19-at-17.02.19_Easy-Resize.com_-1024x805.jpg 1024w, https:\/\/www.tribunanf.com.br\/blogdoralfereis\/wp-content\/uploads\/sites\/11\/2024\/08\/whatsapp-image-2024-08-19-at-17.02.19_Easy-Resize.com_-300x236.jpg 300w, https:\/\/www.tribunanf.com.br\/blogdoralfereis\/wp-content\/uploads\/sites\/11\/2024\/08\/whatsapp-image-2024-08-19-at-17.02.19_Easy-Resize.com_-768x604.jpg 768w, https:\/\/www.tribunanf.com.br\/blogdoralfereis\/wp-content\/uploads\/sites\/11\/2024\/08\/whatsapp-image-2024-08-19-at-17.02.19_Easy-Resize.com_.jpg 1280w\" sizes=\"auto, (max-width: 800px) 100vw, 800px\" \/><\/p>\n<p style=\"text-align: justify;\">As cr\u00edticas m\u00fatuas recentes entre o prefeito do Rio, Eduardo Paes (PSD), e o governador Cl\u00e1udio Castro (PL) nas redes sociais resultou em um racha entre os dois e culminou na exonera\u00e7\u00e3o do secret\u00e1rio estadual de Energia Felipe Peixoto (PSD), correligion\u00e1rio de Paes. Em agenda nesta segunda-feira, o prefeito disse que o governador est\u00e1 \u201cnervoso\u201d.<\/p>\n<p style=\"text-align: justify;\">\u2014 Ele \u00e9 que &#8216;t\u00e1&#8217; l\u00e1 nervoso com alguma coisa. A \u00fanica coisa que eu falei \u00e9 que o candidato dele \u00e9 o Ramagem e que ele cuida da seguran\u00e7a p\u00fablica, n\u00e3o \u00e9? Isso \u00e9 uma ofensa? \u2014 questionou.<\/p>\n<p style=\"text-align: justify;\">Paes negou que a indica\u00e7\u00e3o de Felipe Peixoto ao governo estadual tenha sido sua. O prefeito afirma que, apesar de serem do mesmo partido, Peixoto era uma indica\u00e7\u00e3o do deputado federal Hugo Leal (PSD) \u2014 que, ainda de acordo com ele, seria \u201ca vida inteira ligada a Castro\u201d.<\/p>\n<p style=\"text-align: justify;\">\u2014 O partido n\u00e3o tem qualquer participa\u00e7\u00e3o no governo dele. Acho que \u00e9 normal ele n\u00e3o querer a nossa vit\u00f3ria aqui na cidade. \u00c9 natural que ele defenda os candidatos dele (Ramagem, Rodrigo Amorim e Marcelo Queiroz). Convivo e o respeito. Mas o meu apoio pol\u00edtico ele n\u00e3o vai ter. Como eu tamb\u00e9m, orgulhosamente, falo que n\u00e3o tenho o apoio pol\u00edtico dele \u2014 afirmou Paes.<\/p>\n<p style=\"text-align: justify;\"><em>Com informa\u00e7\u00f5es O Globo*<\/em><\/p>\n","protected":false},"excerpt":{"rendered":"<p>As cr\u00edticas m\u00fatuas recentes entre o prefeito do Rio, Eduardo Paes (PSD), e o governador Cl\u00e1udio Castro (PL) nas redes&#8230;<\/p>\n","protected":false},"author":2,"featured_media":13350,"comment_status":"open","ping_status":"open","sticky":false,"template":"","format":"standard","meta":{"colormag_page_container_layout":"default_layout","colormag_page_sidebar_layout":"default_layout","jetpack_post_was_ever_published":false,"_jetpack_newsletter_access":"","_jetpack_dont_email_post_to_subs":false,"_jetpack_newsletter_tier_id":0,"_jetpack_memberships_contains_paywalled_content":false,"_jetpack_memberships_contains_paid_content":false,"footnotes":""},"categories":[2],"tags":[],"class_list":["post-13349","post","type-post","status-publish","format-standard","has-post-thumbnail","hentry","category-politica"],"jetpack_featured_media_url":"https:\/\/www.tribunanf.com.br\/blogdoralfereis\/wp-content\/uploads\/sites\/11\/2024\/08\/whatsapp-image-2024-08-19-at-17.02.19_Easy-Resize.com_.jpg","jetpack_sharing_enabled":true,"_links":{"self":[{"href":"https:\/\/www.tribunanf.com.br\/blogdoralfereis\/wp-json\/wp\/v2\/posts\/13349","targetHints":{"allow":["GET"]}}],"collection":[{"href":"https:\/\/www.tribunanf.com.br\/blogdoralfereis\/wp-json\/wp\/v2\/posts"}],"about":[{"href":"https:\/\/www.tribunanf.com.br\/blogdoralfereis\/wp-json\/wp\/v2\/types\/post"}],"author":[{"embeddable":true,"href":"https:\/\/www.tribunanf.com.br\/blogdoralfereis\/wp-json\/wp\/v2\/users\/2"}],"replies":[{"embeddable":true,"href":"https:\/\/www.tribunanf.com.br\/blogdoralfereis\/wp-json\/wp\/v2\/comments?post=13349"}],"version-history":[{"count":0,"href":"https:\/\/www.tribunanf.com.br\/blogdoralfereis\/wp-json\/wp\/v2\/posts\/13349\/revisions"}],"wp:featuredmedia":[{"embeddable":true,"href":"https:\/\/www.tribunanf.com.br\/blogdoralfereis\/wp-json\/wp\/v2\/media\/13350"}],"wp:attachment":[{"href":"https:\/\/www.tribunanf.com.br\/blogdoralfereis\/wp-json\/wp\/v2\/media?parent=13349"}],"wp:term":[{"taxonomy":"category","embeddable":true,"href":"https:\/\/www.tribunanf.com.br\/blogdoralfereis\/wp-json\/wp\/v2\/categories?post=13349"},{"taxonomy":"post_tag","embeddable":true,"href":"https:\/\/www.tribunanf.com.br\/blogdoralfereis\/wp-json\/wp\/v2\/tags?post=13349"}],"curies":[{"name":"wp","href":"https:\/\/api.w.org\/{rel}","templated":true}]}}