{"id":13343,"date":"2024-08-17T09:34:40","date_gmt":"2024-08-17T12:34:40","guid":{"rendered":"https:\/\/www.tribunanf.com.br\/blogdoralfereis\/?p=13343"},"modified":"2024-08-17T09:37:29","modified_gmt":"2024-08-17T12:37:29","slug":"liberado-pelo-stf-garotinho-tem-candidatura-registrada-para-concorrer-a-vereador-no-rio","status":"publish","type":"post","link":"https:\/\/www.tribunanf.com.br\/blogdoralfereis\/2024\/08\/17\/liberado-pelo-stf-garotinho-tem-candidatura-registrada-para-concorrer-a-vereador-no-rio\/","title":{"rendered":"Liberado pelo STF, Garotinho tem candidatura registrada para concorrer a vereador no Rio"},"content":{"rendered":"<p><img loading=\"lazy\" decoding=\"async\" class=\"aligncenter size-large wp-image-13344\" src=\"https:\/\/www.tribunanf.com.br\/blogdoralfereis\/wp-content\/uploads\/sites\/11\/2024\/08\/SaveInsta.App_454526269_18348678805188436_1895749559413955958_n_Easy-Resize.com_-1024x972.jpg\" alt=\"\" width=\"800\" height=\"759\" srcset=\"https:\/\/www.tribunanf.com.br\/blogdoralfereis\/wp-content\/uploads\/sites\/11\/2024\/08\/SaveInsta.App_454526269_18348678805188436_1895749559413955958_n_Easy-Resize.com_-1024x972.jpg 1024w, https:\/\/www.tribunanf.com.br\/blogdoralfereis\/wp-content\/uploads\/sites\/11\/2024\/08\/SaveInsta.App_454526269_18348678805188436_1895749559413955958_n_Easy-Resize.com_-300x285.jpg 300w, https:\/\/www.tribunanf.com.br\/blogdoralfereis\/wp-content\/uploads\/sites\/11\/2024\/08\/SaveInsta.App_454526269_18348678805188436_1895749559413955958_n_Easy-Resize.com_-768x729.jpg 768w, https:\/\/www.tribunanf.com.br\/blogdoralfereis\/wp-content\/uploads\/sites\/11\/2024\/08\/SaveInsta.App_454526269_18348678805188436_1895749559413955958_n_Easy-Resize.com_.jpg 1280w\" sizes=\"auto, (max-width: 800px) 100vw, 800px\" \/><\/p>\n<p style=\"text-align: justify;\">O ex-governador Anthony Garotinho obteve uma vit\u00f3ria no Supremo Tribunal Federal nessa sexta-feira (16), que suspendeu a condena\u00e7\u00e3o no \u00e2mbito da opera\u00e7\u00e3o Chequinho (Confira no link mais abaixo).<\/p>\n<p style=\"text-align: justify;\">Liberado, Garotinho j\u00e1 registrou sua candidatura a vereador pelo Rio de Janeiro.<\/p>\n<p style=\"text-align: justify;\">O ex-governador deve ser o puxador de votos do partido Republicanos, com potencial de ser o vereador mais votado do Rio de Janeiro.<\/p>\n<p><img loading=\"lazy\" decoding=\"async\" class=\"aligncenter size-large wp-image-13345\" src=\"https:\/\/www.tribunanf.com.br\/blogdoralfereis\/wp-content\/uploads\/sites\/11\/2024\/08\/Sem-titulo-1024x576.png\" alt=\"\" width=\"800\" height=\"450\" srcset=\"https:\/\/www.tribunanf.com.br\/blogdoralfereis\/wp-content\/uploads\/sites\/11\/2024\/08\/Sem-titulo-1024x576.png 1024w, https:\/\/www.tribunanf.com.br\/blogdoralfereis\/wp-content\/uploads\/sites\/11\/2024\/08\/Sem-titulo-300x169.png 300w, https:\/\/www.tribunanf.com.br\/blogdoralfereis\/wp-content\/uploads\/sites\/11\/2024\/08\/Sem-titulo-768x432.png 768w, https:\/\/www.tribunanf.com.br\/blogdoralfereis\/wp-content\/uploads\/sites\/11\/2024\/08\/Sem-titulo.png 1366w\" sizes=\"auto, (max-width: 800px) 100vw, 800px\" \/><\/p>\n<blockquote class=\"wp-embedded-content\" data-secret=\"9aKIjNLxXc\"><p><a href=\"https:\/\/www.tribunanf.com.br\/blogdoralfereis\/2024\/08\/16\/stf-suspende-condenacao-de-garotinho-no-ambito-da-operacao-chequinho-ex-governador-esta-liberado-para-concorrer-as-eleicoes-2024\/\">STF suspende condena\u00e7\u00e3o de Garotinho no \u00e2mbito da Opera\u00e7\u00e3o Chequinho; ex-governador est\u00e1 liberado para concorrer as elei\u00e7\u00f5es 2024<\/a><\/p><\/blockquote>\n<p><iframe loading=\"lazy\" class=\"wp-embedded-content\" sandbox=\"allow-scripts\" security=\"restricted\" style=\"position: absolute; visibility: hidden;\" title=\"&#8220;STF suspende condena\u00e7\u00e3o de Garotinho no \u00e2mbito da Opera\u00e7\u00e3o Chequinho; ex-governador est\u00e1 liberado para concorrer as elei\u00e7\u00f5es 2024&#8221; &#8212; Blog do Ralfe Reis\" src=\"https:\/\/www.tribunanf.com.br\/blogdoralfereis\/2024\/08\/16\/stf-suspende-condenacao-de-garotinho-no-ambito-da-operacao-chequinho-ex-governador-esta-liberado-para-concorrer-as-eleicoes-2024\/embed\/#?secret=52gfK5UhT1#?secret=9aKIjNLxXc\" data-secret=\"9aKIjNLxXc\" width=\"600\" height=\"338\" frameborder=\"0\" marginwidth=\"0\" marginheight=\"0\" scrolling=\"no\"><\/iframe><\/p>\n","protected":false},"excerpt":{"rendered":"<p>O ex-governador Anthony Garotinho obteve uma vit\u00f3ria no Supremo Tribunal Federal nessa sexta-feira (16), que suspendeu a condena\u00e7\u00e3o no \u00e2mbito&#8230;<\/p>\n","protected":false},"author":2,"featured_media":13344,"comment_status":"open","ping_status":"open","sticky":false,"template":"","format":"standard","meta":{"colormag_page_container_layout":"default_layout","colormag_page_sidebar_layout":"default_layout","jetpack_post_was_ever_published":false,"_jetpack_newsletter_access":"","_jetpack_dont_email_post_to_subs":false,"_jetpack_newsletter_tier_id":0,"_jetpack_memberships_contains_paywalled_content":false,"_jetpack_memberships_contains_paid_content":false,"footnotes":""},"categories":[2],"tags":[],"class_list":["post-13343","post","type-post","status-publish","format-standard","has-post-thumbnail","hentry","category-politica"],"jetpack_featured_media_url":"https:\/\/www.tribunanf.com.br\/blogdoralfereis\/wp-content\/uploads\/sites\/11\/2024\/08\/SaveInsta.App_454526269_18348678805188436_1895749559413955958_n_Easy-Resize.com_.jpg","jetpack_sharing_enabled":true,"_links":{"self":[{"href":"https:\/\/www.tribunanf.com.br\/blogdoralfereis\/wp-json\/wp\/v2\/posts\/13343","targetHints":{"allow":["GET"]}}],"collection":[{"href":"https:\/\/www.tribunanf.com.br\/blogdoralfereis\/wp-json\/wp\/v2\/posts"}],"about":[{"href":"https:\/\/www.tribunanf.com.br\/blogdoralfereis\/wp-json\/wp\/v2\/types\/post"}],"author":[{"embeddable":true,"href":"https:\/\/www.tribunanf.com.br\/blogdoralfereis\/wp-json\/wp\/v2\/users\/2"}],"replies":[{"embeddable":true,"href":"https:\/\/www.tribunanf.com.br\/blogdoralfereis\/wp-json\/wp\/v2\/comments?post=13343"}],"version-history":[{"count":0,"href":"https:\/\/www.tribunanf.com.br\/blogdoralfereis\/wp-json\/wp\/v2\/posts\/13343\/revisions"}],"wp:featuredmedia":[{"embeddable":true,"href":"https:\/\/www.tribunanf.com.br\/blogdoralfereis\/wp-json\/wp\/v2\/media\/13344"}],"wp:attachment":[{"href":"https:\/\/www.tribunanf.com.br\/blogdoralfereis\/wp-json\/wp\/v2\/media?parent=13343"}],"wp:term":[{"taxonomy":"category","embeddable":true,"href":"https:\/\/www.tribunanf.com.br\/blogdoralfereis\/wp-json\/wp\/v2\/categories?post=13343"},{"taxonomy":"post_tag","embeddable":true,"href":"https:\/\/www.tribunanf.com.br\/blogdoralfereis\/wp-json\/wp\/v2\/tags?post=13343"}],"curies":[{"name":"wp","href":"https:\/\/api.w.org\/{rel}","templated":true}]}}