{"id":13289,"date":"2024-07-26T16:50:12","date_gmt":"2024-07-26T19:50:12","guid":{"rendered":"https:\/\/www.tribunanf.com.br\/blogdoralfereis\/?p=13289"},"modified":"2024-07-26T16:50:35","modified_gmt":"2024-07-26T19:50:35","slug":"francimara-e-yara-se-reunem-e-chapa-governista-esta-mantida-a-luta-continua","status":"publish","type":"post","link":"https:\/\/www.tribunanf.com.br\/blogdoralfereis\/2024\/07\/26\/francimara-e-yara-se-reunem-e-chapa-governista-esta-mantida-a-luta-continua\/","title":{"rendered":"Francimara e Yara se re\u00fanem e chapa governista est\u00e1 mantida: \u201ca luta continua\u201d"},"content":{"rendered":"<p><img loading=\"lazy\" decoding=\"async\" class=\"aligncenter size-large wp-image-13291\" src=\"https:\/\/www.tribunanf.com.br\/blogdoralfereis\/wp-content\/uploads\/sites\/11\/2024\/07\/SFI-Francimara-e-Yara-Cinthia-scaled_Easy-Resize.com_-987x1024.jpg\" alt=\"\" width=\"800\" height=\"830\" srcset=\"https:\/\/www.tribunanf.com.br\/blogdoralfereis\/wp-content\/uploads\/sites\/11\/2024\/07\/SFI-Francimara-e-Yara-Cinthia-scaled_Easy-Resize.com_-987x1024.jpg 987w, https:\/\/www.tribunanf.com.br\/blogdoralfereis\/wp-content\/uploads\/sites\/11\/2024\/07\/SFI-Francimara-e-Yara-Cinthia-scaled_Easy-Resize.com_-289x300.jpg 289w, https:\/\/www.tribunanf.com.br\/blogdoralfereis\/wp-content\/uploads\/sites\/11\/2024\/07\/SFI-Francimara-e-Yara-Cinthia-scaled_Easy-Resize.com_-768x797.jpg 768w, https:\/\/www.tribunanf.com.br\/blogdoralfereis\/wp-content\/uploads\/sites\/11\/2024\/07\/SFI-Francimara-e-Yara-Cinthia-scaled_Easy-Resize.com_.jpg 1015w\" sizes=\"auto, (max-width: 800px) 100vw, 800px\" \/><\/p>\n<p style=\"text-align: justify;\">A prefeita Francimara Barbosa Lemos (SD) e a vereadora Yara Cinthia (SD) se reuniram nesta sexta-feira (26) e acertaram os ponteiros para a disputa eleitoral deste ano em S\u00e3o Francisco de Itabapoana. A chapa encabe\u00e7ada por Yara, tendo o vereador Renato Roxinho (Republicanos) como vice, est\u00e1 mantida e ser\u00e1 lan\u00e7ada na pr\u00f3xima semana, no dia 3 de agosto, quando acontecem as conven\u00e7\u00f5es dos partidos governistas.<\/p>\n<p style=\"text-align: justify;\">Conforme o blog do Arnaldo Neto mostrou nessa quinta-feira (26), boatos ganharam for\u00e7a sobre poss\u00edveis mudan\u00e7as no tabuleiro da cidade. Nem a prefeita Francimara, l\u00edder do grupo, descartou a possibilidade. Uma reuni\u00e3o estava marcada para quinta, mas s\u00f3 aconteceu entre a manh\u00e3 e tarde desta sexta-feira (26). Enquanto elas estavam reunidas, apoiadores do grupo espalharam nas redes sociais uma foto das duas, com a inscri\u00e7\u00e3o \u201ca luta continua\u201d.<\/p>\n<p style=\"text-align: justify;\">Mais pr\u00e9-candidata a prefeita do que antes, Yara Cinthia comentou sobre a situa\u00e7\u00e3o: \u201cEu vejo que a oposi\u00e7\u00e3o criou uma situa\u00e7\u00e3o muito maior do que existia. Sou pr\u00e9-candidata e nunca parei minha caminhada. Estou na rua e em bate-papo todos os dias\u201d.<\/p>\n<p style=\"text-align: justify;\">Fonte: Com informa\u00e7\u00f5es do blog do Arnaldo Neto.<\/p>\n","protected":false},"excerpt":{"rendered":"<p>A prefeita Francimara Barbosa Lemos (SD) e a vereadora Yara Cinthia (SD) se reuniram nesta sexta-feira (26) e acertaram os&#8230;<\/p>\n","protected":false},"author":2,"featured_media":13291,"comment_status":"open","ping_status":"open","sticky":false,"template":"","format":"standard","meta":{"colormag_page_container_layout":"default_layout","colormag_page_sidebar_layout":"default_layout","jetpack_post_was_ever_published":false,"_jetpack_newsletter_access":"","_jetpack_dont_email_post_to_subs":false,"_jetpack_newsletter_tier_id":0,"_jetpack_memberships_contains_paywalled_content":false,"_jetpack_memberships_contains_paid_content":false,"footnotes":""},"categories":[2],"tags":[],"class_list":["post-13289","post","type-post","status-publish","format-standard","has-post-thumbnail","hentry","category-politica"],"jetpack_featured_media_url":"https:\/\/www.tribunanf.com.br\/blogdoralfereis\/wp-content\/uploads\/sites\/11\/2024\/07\/SFI-Francimara-e-Yara-Cinthia-scaled_Easy-Resize.com_.jpg","jetpack_sharing_enabled":true,"_links":{"self":[{"href":"https:\/\/www.tribunanf.com.br\/blogdoralfereis\/wp-json\/wp\/v2\/posts\/13289","targetHints":{"allow":["GET"]}}],"collection":[{"href":"https:\/\/www.tribunanf.com.br\/blogdoralfereis\/wp-json\/wp\/v2\/posts"}],"about":[{"href":"https:\/\/www.tribunanf.com.br\/blogdoralfereis\/wp-json\/wp\/v2\/types\/post"}],"author":[{"embeddable":true,"href":"https:\/\/www.tribunanf.com.br\/blogdoralfereis\/wp-json\/wp\/v2\/users\/2"}],"replies":[{"embeddable":true,"href":"https:\/\/www.tribunanf.com.br\/blogdoralfereis\/wp-json\/wp\/v2\/comments?post=13289"}],"version-history":[{"count":0,"href":"https:\/\/www.tribunanf.com.br\/blogdoralfereis\/wp-json\/wp\/v2\/posts\/13289\/revisions"}],"wp:featuredmedia":[{"embeddable":true,"href":"https:\/\/www.tribunanf.com.br\/blogdoralfereis\/wp-json\/wp\/v2\/media\/13291"}],"wp:attachment":[{"href":"https:\/\/www.tribunanf.com.br\/blogdoralfereis\/wp-json\/wp\/v2\/media?parent=13289"}],"wp:term":[{"taxonomy":"category","embeddable":true,"href":"https:\/\/www.tribunanf.com.br\/blogdoralfereis\/wp-json\/wp\/v2\/categories?post=13289"},{"taxonomy":"post_tag","embeddable":true,"href":"https:\/\/www.tribunanf.com.br\/blogdoralfereis\/wp-json\/wp\/v2\/tags?post=13289"}],"curies":[{"name":"wp","href":"https:\/\/api.w.org\/{rel}","templated":true}]}}