{"id":13285,"date":"2024-07-26T08:11:54","date_gmt":"2024-07-26T11:11:54","guid":{"rendered":"https:\/\/www.tribunanf.com.br\/blogdoralfereis\/?p=13285"},"modified":"2024-07-26T08:11:54","modified_gmt":"2024-07-26T11:11:54","slug":"tce-determina-que-estado-do-rio-contabilize-estagio-experimental-para-fins-previdenciarios","status":"publish","type":"post","link":"https:\/\/www.tribunanf.com.br\/blogdoralfereis\/2024\/07\/26\/tce-determina-que-estado-do-rio-contabilize-estagio-experimental-para-fins-previdenciarios\/","title":{"rendered":"TCE determina que Estado do Rio contabilize est\u00e1gio experimental para fins previdenci\u00e1rios"},"content":{"rendered":"<p><img loading=\"lazy\" decoding=\"async\" class=\"aligncenter size-large wp-image-13000\" src=\"https:\/\/www.tribunanf.com.br\/blogdoralfereis\/wp-content\/uploads\/sites\/11\/2024\/05\/rioprevidencia_Easy-Resize.com_-1024x640.jpg\" alt=\"\" width=\"800\" height=\"500\" srcset=\"https:\/\/www.tribunanf.com.br\/blogdoralfereis\/wp-content\/uploads\/sites\/11\/2024\/05\/rioprevidencia_Easy-Resize.com_-1024x640.jpg 1024w, https:\/\/www.tribunanf.com.br\/blogdoralfereis\/wp-content\/uploads\/sites\/11\/2024\/05\/rioprevidencia_Easy-Resize.com_-300x188.jpg 300w, https:\/\/www.tribunanf.com.br\/blogdoralfereis\/wp-content\/uploads\/sites\/11\/2024\/05\/rioprevidencia_Easy-Resize.com_-768x480.jpg 768w, https:\/\/www.tribunanf.com.br\/blogdoralfereis\/wp-content\/uploads\/sites\/11\/2024\/05\/rioprevidencia_Easy-Resize.com_.jpg 1280w\" sizes=\"auto, (max-width: 800px) 100vw, 800px\" \/><\/p>\n<p style=\"text-align: justify;\">O Tribunal de Contas do Estado do Rio de Janeiro (TCE) emitiu uma senten\u00e7a que muda o panorama das aposentadorias dos servidores p\u00fablicos. O ac\u00f3rd\u00e3o determina que o per\u00edodo de est\u00e1gio experimental deve ser contabilizado para fins previdenci\u00e1rios. Com a decis\u00e3o da Corte, o Fundo \u00danico de Previd\u00eancia Social do Estado do Rio de Janeiro (Rioprevid\u00eancia) dever\u00e1 revisar todos os processos de aposentadoria em que houve negativa de contagem do per\u00edodo de est\u00e1gio experimental.<\/p>\n<p style=\"text-align: justify;\">A decis\u00e3o tamb\u00e9m implica na necessidade de orienta\u00e7\u00e3o \u00e0 Controladoria-Geral do Estado para que promova os recolhimentos devidos ao Instituto Nacional do Seguro Social (INSS), garantindo a emiss\u00e3o da Certid\u00e3o de Tempo de Contribui\u00e7\u00e3o (CTC) para fins de averba\u00e7\u00e3o no regime pr\u00f3prio de previd\u00eancia social.<\/p>\n<p style=\"text-align: justify;\">O Minist\u00e9rio P\u00fablico de Contas, representado pelo Procurador-Geral Henrique Cunha de Lima, argumentou que a negativa de contagem do est\u00e1gio experimental desrespeita a estabilidade das rela\u00e7\u00f5es jur\u00eddicas e a leg\u00edtima expectativa dos servidores. O parecer destacou a jurisprud\u00eancia consolidada que reconhece o per\u00edodo de est\u00e1gio experimental como tempo de efetivo exerc\u00edcio, desde que o servidor seja aprovado ao final do concurso p\u00fablico.<\/p>\n<p style=\"text-align: justify;\">A determina\u00e7\u00e3o veio ap\u00f3s uma milhares de den\u00fancias contra o Fundo \u00danico de Previd\u00eancia Social do Estado do Rio de Janeiro, o Rioprevid\u00eancia, noticiadas pela coluna Servidor P\u00fablico, as quais apontavam irregularidades na negativa de contagem do per\u00edodo de est\u00e1gio experimental em certid\u00f5es de tempo de contribui\u00e7\u00e3o.<\/p>\n<p style=\"text-align: justify;\">Entenda o caso<\/p>\n<p style=\"text-align: justify;\">H\u00e1 um ano, funcion\u00e1rios estaduais da Secretaria estadual de Sa\u00fade enfrentam uma via-cr\u00facis: ao pedirem suas aposentadorias, ap\u00f3s receberem avisos dos Recursos Humanos de que poderiam dar entrada nos processos, s\u00e3o comunicados pelo Instituto Nacional do Seguro Social (INSS) de que n\u00e3o atendem aos requisitos.<\/p>\n<p style=\"text-align: justify;\">O motivo? O tempo de contribui\u00e7\u00e3o desses trabalhadores, referentes ao tempo em que estavam em est\u00e1gio experimental, antes de receberem as investiduras, foram descontados de seus contracheques, mas n\u00e3o foram enviados ao INSS. At\u00e9 agora, a d\u00favida mais frequente n\u00e3o foi respondida: se o dinheiro foi recolhido e n\u00e3o foi destinado \u00e0 institui\u00e7\u00e3o devida, onde foi parar?<\/p>\n<p style=\"text-align: justify;\">Respons\u00e1vel pelo repasse referente ao per\u00edodo \u2013 em que o servidor, mesmo empossado, deve ter os recolhimentos previdenci\u00e1rios destinados ao INSS \u2013, o Rioprevid\u00eancia explica que o trabalha, junto \u00e0s secretarias, para regularizar a situa\u00e7\u00e3o funcional dos servidores.<\/p>\n<p style=\"text-align: justify;\">O \u00f3rg\u00e3o tamb\u00e9m salienta que est\u00e1gio experimental foi extinto do Estatuto dos Servidores do Estado do Rio de Janeiro em 2011.<\/p>\n<p style=\"text-align: justify;\">&#8220;Nesta etapa era avaliada a performance do candidato, bem como a verifica\u00e7\u00e3o das aptid\u00f5es exigidas pelo cargo pretendido, em um intervalo que poderia variar de seis a 12 meses. Encerrado esse per\u00edodo, a Administra\u00e7\u00e3o opinava pela habilita\u00e7\u00e3o ou n\u00e3o do candidato, para a consequente investidura no cargo&#8221;, descreve a nota.<\/p>\n<p style=\"text-align: justify;\">Fonte: Extra<\/p>\n","protected":false},"excerpt":{"rendered":"<p>O Tribunal de Contas do Estado do Rio de Janeiro (TCE) emitiu uma senten\u00e7a que muda o panorama das aposentadorias&#8230;<\/p>\n","protected":false},"author":2,"featured_media":13000,"comment_status":"open","ping_status":"open","sticky":false,"template":"","format":"standard","meta":{"colormag_page_container_layout":"default_layout","colormag_page_sidebar_layout":"default_layout","jetpack_post_was_ever_published":false,"_jetpack_newsletter_access":"","_jetpack_dont_email_post_to_subs":false,"_jetpack_newsletter_tier_id":0,"_jetpack_memberships_contains_paywalled_content":false,"_jetpack_memberships_contains_paid_content":false,"footnotes":""},"categories":[45],"tags":[],"class_list":["post-13285","post","type-post","status-publish","format-standard","has-post-thumbnail","hentry","category-variedade"],"jetpack_featured_media_url":"https:\/\/www.tribunanf.com.br\/blogdoralfereis\/wp-content\/uploads\/sites\/11\/2024\/05\/rioprevidencia_Easy-Resize.com_.jpg","jetpack_sharing_enabled":true,"_links":{"self":[{"href":"https:\/\/www.tribunanf.com.br\/blogdoralfereis\/wp-json\/wp\/v2\/posts\/13285","targetHints":{"allow":["GET"]}}],"collection":[{"href":"https:\/\/www.tribunanf.com.br\/blogdoralfereis\/wp-json\/wp\/v2\/posts"}],"about":[{"href":"https:\/\/www.tribunanf.com.br\/blogdoralfereis\/wp-json\/wp\/v2\/types\/post"}],"author":[{"embeddable":true,"href":"https:\/\/www.tribunanf.com.br\/blogdoralfereis\/wp-json\/wp\/v2\/users\/2"}],"replies":[{"embeddable":true,"href":"https:\/\/www.tribunanf.com.br\/blogdoralfereis\/wp-json\/wp\/v2\/comments?post=13285"}],"version-history":[{"count":0,"href":"https:\/\/www.tribunanf.com.br\/blogdoralfereis\/wp-json\/wp\/v2\/posts\/13285\/revisions"}],"wp:featuredmedia":[{"embeddable":true,"href":"https:\/\/www.tribunanf.com.br\/blogdoralfereis\/wp-json\/wp\/v2\/media\/13000"}],"wp:attachment":[{"href":"https:\/\/www.tribunanf.com.br\/blogdoralfereis\/wp-json\/wp\/v2\/media?parent=13285"}],"wp:term":[{"taxonomy":"category","embeddable":true,"href":"https:\/\/www.tribunanf.com.br\/blogdoralfereis\/wp-json\/wp\/v2\/categories?post=13285"},{"taxonomy":"post_tag","embeddable":true,"href":"https:\/\/www.tribunanf.com.br\/blogdoralfereis\/wp-json\/wp\/v2\/tags?post=13285"}],"curies":[{"name":"wp","href":"https:\/\/api.w.org\/{rel}","templated":true}]}}