{"id":13272,"date":"2024-07-22T16:46:52","date_gmt":"2024-07-22T19:46:52","guid":{"rendered":"https:\/\/www.tribunanf.com.br\/blogdoralfereis\/?p=13272"},"modified":"2024-07-22T16:46:52","modified_gmt":"2024-07-22T19:46:52","slug":"tce-rj-suspende-licitacao-de-r-622-milhoes-para-compra-de-uniformes-escolares-do-governo-do-estado-rj","status":"publish","type":"post","link":"https:\/\/www.tribunanf.com.br\/blogdoralfereis\/2024\/07\/22\/tce-rj-suspende-licitacao-de-r-622-milhoes-para-compra-de-uniformes-escolares-do-governo-do-estado-rj\/","title":{"rendered":"TCE-RJ suspende licita\u00e7\u00e3o de R$ 622 milh\u00f5es para compra de uniformes escolares do governo do Estado RJ"},"content":{"rendered":"<p><img loading=\"lazy\" decoding=\"async\" class=\"aligncenter size-large wp-image-11756\" src=\"https:\/\/www.tribunanf.com.br\/blogdoralfereis\/wp-content\/uploads\/sites\/11\/2023\/10\/a_palacio_guanabara_Easy-Resize.com_-1024x590.jpg\" alt=\"\" width=\"800\" height=\"461\" srcset=\"https:\/\/www.tribunanf.com.br\/blogdoralfereis\/wp-content\/uploads\/sites\/11\/2023\/10\/a_palacio_guanabara_Easy-Resize.com_-1024x590.jpg 1024w, https:\/\/www.tribunanf.com.br\/blogdoralfereis\/wp-content\/uploads\/sites\/11\/2023\/10\/a_palacio_guanabara_Easy-Resize.com_-300x173.jpg 300w, https:\/\/www.tribunanf.com.br\/blogdoralfereis\/wp-content\/uploads\/sites\/11\/2023\/10\/a_palacio_guanabara_Easy-Resize.com_-768x443.jpg 768w, https:\/\/www.tribunanf.com.br\/blogdoralfereis\/wp-content\/uploads\/sites\/11\/2023\/10\/a_palacio_guanabara_Easy-Resize.com_.jpg 1280w\" sizes=\"auto, (max-width: 800px) 100vw, 800px\" \/><\/p>\n<p style=\"text-align: justify;\">O Tribunal de Contas do Estado do Rio de Janeiro suspendeu, nesta segunda-feira (22), a licita\u00e7\u00e3o para compra de uniforme escolar pela Secretaria de Estado de Educa\u00e7\u00e3o do Rio. A decis\u00e3o \u00e9 do Conselheiro Christiano Lacerda Ghuerren.<\/p>\n<p style=\"text-align: justify;\">A licita\u00e7\u00e3o tem valor estimado em\u00a0<strong>R$ 622.727.228,40<\/strong> (seiscentos e vinte e dois milh\u00f5es, setecentos e vinte e sete mil duzentos e vinte e oito reais e quarenta centavos).<\/p>\n<p style=\"text-align: justify;\">A Representa\u00e7\u00e3o pedindo a suspens\u00e3o do certame, alega que o Edital cont\u00e9m ilegalidade nas exig\u00eancias para fins de qualifica\u00e7\u00e3o t\u00e9cnica, uma vez que prev\u00ea a necessidade de apresenta\u00e7\u00e3o de atestados de capacidade t\u00e9cnica exigindo 40% do total licitado, limitando a comprova\u00e7\u00e3o a itens\/produtos espec\u00edficos. A alega\u00e7\u00e3o da Representante teve parecer favor\u00e1vel das inst\u00e2ncias instrutivas do tribunal.<\/p>\n<p style=\"text-align: justify;\">Em sua decis\u00e3o, o Conselheiro verificou a possibilidade de comprometimento do car\u00e1ter competitivo do certame e consequente preju\u00edzo \u00e0 sele\u00e7\u00e3o da proposta mais vantajosa.<\/p>\n<p style=\"text-align: justify;\"><em>&#8220;Em sua manifesta\u00e7\u00e3o, trazida aos autos por meio do documento TCE-RJ n\u00ba 16403-4\/2024), o jurisdicionado limitou-se a arguir a observ\u00e2ncia do limite quantitativo de 50%, restando demonstra\u00e7\u00e3o de que os itens escolhidos foram aqueles de maior relev\u00e2ncia ou valor significativo do objeto da licita\u00e7\u00e3o, com valor individual superior ou igual a 4% do valor total estimado da contrata\u00e7\u00e3o.<\/em><\/p>\n<p style=\"text-align: justify;\"><em>Assim, ante a possibilidade de comprometimento do car\u00e1ter competitivo do certame e consequente preju\u00edzo \u00e0 sele\u00e7\u00e3o da proposta mais vantajosa, diante da n\u00e3o demonstra\u00e7\u00e3o da necessidade da exig\u00eancia formulada pela Administra\u00e7\u00e3o, entendo demonstrado o requisito do fumus boni juris. Somado ao fato de que o certame encontra-se em andamento, observo a presente o periculum in mora, em raz\u00e3o dos riscos de inefic\u00e1cia de eventuais decis\u00f5es proferidas por esta Corte.<\/em><\/p>\n<p style=\"text-align: justify;\"><em>Desta forma, reputo necess\u00e1ria, com fundamento no poder geral de cautela, que seja suspenso o andamento do Edital de Preg\u00e3o Eletr\u00f4nico n\u00ba 001\/2024 (Processo n\u00ba SEI-030029\/015493\/2023) na fase em que se encontra, at\u00e9 o julgamento de m\u00e9rito da Representa\u00e7\u00e3o em tela.<\/em><\/p>\n<p style=\"text-align: justify;\"><em>Insta mencionar que a concess\u00e3o ou n\u00e3o de tutela provis\u00f3ria, de natureza cautelar, tem por base o convencimento motivado, exercido em sede de cogni\u00e7\u00e3o sum\u00e1ria, considerando a \u201cprobabilidade do direito\u201d, conforme disp\u00f5e o art. 300 do C\u00f3digo de Processo Civil (Lei Federal n\u00ba 13.105\/15).<\/em><\/p>\n<p style=\"text-align: justify;\"><em>Por fim, conforme bem salientado pelo Corpo Instrutivo, embora seja poss\u00edvel identificar o lan\u00e7amento dos dados referentes ao Edital em an\u00e1lise no Sistema Integrado de Gest\u00e3o Fiscal \u2013 SIGFIS (protocolo n\u00ba 465154-0\/2024), os demais documentos correlatos ao certame n\u00e3o foram disponibilizados, em desapre\u00e7o ao que determina a Delibera\u00e7\u00e3o TCE-RJ n\u00ba 312\/2020, raz\u00e3o pela qual determinarei a atualiza\u00e7\u00e3o do SIGFIS com toda documenta\u00e7\u00e3o pertinente ao certame<\/em>.&#8221;, decidiu o Conselheiro Christiano Lacerda.<\/p>\n<p>Confira a decis\u00e3o: <a href=\"https:\/\/www.tribunanf.com.br\/blogdoralfereis\/wp-content\/uploads\/sites\/11\/2024\/07\/TCE-Decisao-Suspensao-Licitacao-Uniformes-escolares-SEEDUC-RJ.pdf\">TCE &#8211; Decis\u00e3o Suspens\u00e3o Licita\u00e7\u00e3o Uniformes escolares SEEDUC RJ<\/a><\/p>\n","protected":false},"excerpt":{"rendered":"<p>O Tribunal de Contas do Estado do Rio de Janeiro suspendeu, nesta segunda-feira (22), a licita\u00e7\u00e3o para compra de uniforme&#8230;<\/p>\n","protected":false},"author":2,"featured_media":11756,"comment_status":"open","ping_status":"open","sticky":false,"template":"","format":"standard","meta":{"colormag_page_container_layout":"default_layout","colormag_page_sidebar_layout":"default_layout","jetpack_post_was_ever_published":false,"_jetpack_newsletter_access":"","_jetpack_dont_email_post_to_subs":false,"_jetpack_newsletter_tier_id":0,"_jetpack_memberships_contains_paywalled_content":false,"_jetpack_memberships_contains_paid_content":false,"footnotes":""},"categories":[2],"tags":[],"class_list":["post-13272","post","type-post","status-publish","format-standard","has-post-thumbnail","hentry","category-politica"],"jetpack_featured_media_url":"https:\/\/www.tribunanf.com.br\/blogdoralfereis\/wp-content\/uploads\/sites\/11\/2023\/10\/a_palacio_guanabara_Easy-Resize.com_.jpg","jetpack_sharing_enabled":true,"_links":{"self":[{"href":"https:\/\/www.tribunanf.com.br\/blogdoralfereis\/wp-json\/wp\/v2\/posts\/13272","targetHints":{"allow":["GET"]}}],"collection":[{"href":"https:\/\/www.tribunanf.com.br\/blogdoralfereis\/wp-json\/wp\/v2\/posts"}],"about":[{"href":"https:\/\/www.tribunanf.com.br\/blogdoralfereis\/wp-json\/wp\/v2\/types\/post"}],"author":[{"embeddable":true,"href":"https:\/\/www.tribunanf.com.br\/blogdoralfereis\/wp-json\/wp\/v2\/users\/2"}],"replies":[{"embeddable":true,"href":"https:\/\/www.tribunanf.com.br\/blogdoralfereis\/wp-json\/wp\/v2\/comments?post=13272"}],"version-history":[{"count":0,"href":"https:\/\/www.tribunanf.com.br\/blogdoralfereis\/wp-json\/wp\/v2\/posts\/13272\/revisions"}],"wp:featuredmedia":[{"embeddable":true,"href":"https:\/\/www.tribunanf.com.br\/blogdoralfereis\/wp-json\/wp\/v2\/media\/11756"}],"wp:attachment":[{"href":"https:\/\/www.tribunanf.com.br\/blogdoralfereis\/wp-json\/wp\/v2\/media?parent=13272"}],"wp:term":[{"taxonomy":"category","embeddable":true,"href":"https:\/\/www.tribunanf.com.br\/blogdoralfereis\/wp-json\/wp\/v2\/categories?post=13272"},{"taxonomy":"post_tag","embeddable":true,"href":"https:\/\/www.tribunanf.com.br\/blogdoralfereis\/wp-json\/wp\/v2\/tags?post=13272"}],"curies":[{"name":"wp","href":"https:\/\/api.w.org\/{rel}","templated":true}]}}