{"id":1324,"date":"2018-12-27T08:24:26","date_gmt":"2018-12-27T10:24:26","guid":{"rendered":"http:\/\/www.tribunanf.com.br\/blogdoralfereis\/?p=1324"},"modified":"2018-12-27T08:24:26","modified_gmt":"2018-12-27T10:24:26","slug":"apos-denuncia-do-blog-rafael-diniz-reduz-licitacao-dos-uniformes-de-r-24-milhoes-para-r-16-milhoes-pregao-continua-sob-suspeita","status":"publish","type":"post","link":"https:\/\/www.tribunanf.com.br\/blogdoralfereis\/2018\/12\/27\/apos-denuncia-do-blog-rafael-diniz-reduz-licitacao-dos-uniformes-de-r-24-milhoes-para-r-16-milhoes-pregao-continua-sob-suspeita\/","title":{"rendered":"Ap\u00f3s den\u00fancia do blog, Rafael Diniz reduz licita\u00e7\u00e3o dos uniformes de R$ 24 milh\u00f5es para R$ 16 milh\u00f5es; Preg\u00e3o continua sob suspeita"},"content":{"rendered":"<p><img loading=\"lazy\" decoding=\"async\" class=\"aligncenter size-full wp-image-115\" src=\"http:\/\/www.tribunanf.com.br\/blogdoralfereis\/wp-content\/uploads\/sites\/11\/2018\/06\/rafael-diniz-prefeito.jpg\" alt=\"\" width=\"738\" height=\"490\" srcset=\"https:\/\/www.tribunanf.com.br\/blogdoralfereis\/wp-content\/uploads\/sites\/11\/2018\/06\/rafael-diniz-prefeito.jpg 738w, https:\/\/www.tribunanf.com.br\/blogdoralfereis\/wp-content\/uploads\/sites\/11\/2018\/06\/rafael-diniz-prefeito-300x199.jpg 300w\" sizes=\"auto, (max-width: 738px) 100vw, 738px\" \/><\/p>\n<p style=\"text-align: justify;\">O governo Rafael Diniz publicou no Di\u00e1rio Oficial um aviso de licita\u00e7\u00e3o para compra de uniformes escolares,que vai ocorrer no dia 28 de dezembro, \u00faltimo dia \u00fatil do ano.<\/p>\n<p style=\"text-align: justify;\">A publica\u00e7\u00e3o acontece ap\u00f3s o blog divulgar que o Tribunal de Contas do Estado amea\u00e7ou abrir uma auditoria governamental na secretaria de Educa\u00e7\u00e3o.<\/p>\n<p style=\"text-align: justify;\">Leia:\u00a0<a title=\"TCE quer saber se o governo Rafael Diniz est\u00e1 comprando uniformes escolares\" href=\"http:\/\/www.tribunanf.com.br\/blogdoralfereis\/2018\/11\/07\/tce-quer-saber-se-o-governo-rafael-diniz-esta-comprando-uniformes-escolares\/\">TCE quer saber se o governo Rafael Diniz est\u00e1 comprando uniformes escolares<\/a><\/p>\n<p style=\"text-align: justify;\">Rafael Diniz vinha negando informa\u00e7\u00f5es ao TCE que suspendeu a licita\u00e7\u00e3o dos uniformes em 2017 ap\u00f3s identificar fortes ind\u00edcios de direcionamento e superfaturamento no certame. O valor inicial era de <strong>R$ 24 milh\u00f5es.<\/strong><\/p>\n<p style=\"text-align: justify;\">\u00c0 \u00e9poca divulgamos os nomes dos participantes do Preg\u00e3o e revelamos um fort\u00edssimo candidato a ganhar a licita\u00e7\u00e3o, que atualmente fornece tecidos para a secretaria de Sa\u00fade.<\/p>\n<p style=\"text-align: justify;\">Com a den\u00fancia do blog e atua\u00e7\u00e3o do TCE, o governo Rafael Diniz reduziu o valor do Preg\u00e3o dos uniformes para <strong>R$ 15.737,480,20.<\/strong>\u00a0Uma redu\u00e7\u00e3o de cerca de R$ 9 milh\u00f5es, o que confirma nossa primeira den\u00fancia de superfaturamento.<\/p>\n<p style=\"text-align: justify;\">Mas como nesse governo tudo \u00e9 suspeito, por que marcar a licita\u00e7\u00e3o milion\u00e1ria para o \u00faltimo dia \u00fatil do ano?<\/p>\n<p style=\"text-align: justify;\">Vamos voltar a falar sobre o assunto.<\/p>\n<p>\u00a0<img loading=\"lazy\" decoding=\"async\" class=\"aligncenter size-full wp-image-1325\" src=\"http:\/\/www.tribunanf.com.br\/blogdoralfereis\/wp-content\/uploads\/sites\/11\/2018\/12\/29959afc-18b9-4812-bd1b-0aa422a9c59b.jpg\" alt=\"\" width=\"660\" height=\"589\" srcset=\"https:\/\/www.tribunanf.com.br\/blogdoralfereis\/wp-content\/uploads\/sites\/11\/2018\/12\/29959afc-18b9-4812-bd1b-0aa422a9c59b.jpg 660w, https:\/\/www.tribunanf.com.br\/blogdoralfereis\/wp-content\/uploads\/sites\/11\/2018\/12\/29959afc-18b9-4812-bd1b-0aa422a9c59b-300x268.jpg 300w\" sizes=\"auto, (max-width: 660px) 100vw, 660px\" \/><\/p>\n<p><img loading=\"lazy\" decoding=\"async\" class=\"aligncenter size-full wp-image-1326\" src=\"http:\/\/www.tribunanf.com.br\/blogdoralfereis\/wp-content\/uploads\/sites\/11\/2018\/12\/0001-85-1.jpg\" alt=\"\" width=\"1600\" height=\"2262\" srcset=\"https:\/\/www.tribunanf.com.br\/blogdoralfereis\/wp-content\/uploads\/sites\/11\/2018\/12\/0001-85-1.jpg 1600w, https:\/\/www.tribunanf.com.br\/blogdoralfereis\/wp-content\/uploads\/sites\/11\/2018\/12\/0001-85-1-212x300.jpg 212w, https:\/\/www.tribunanf.com.br\/blogdoralfereis\/wp-content\/uploads\/sites\/11\/2018\/12\/0001-85-1-768x1086.jpg 768w, https:\/\/www.tribunanf.com.br\/blogdoralfereis\/wp-content\/uploads\/sites\/11\/2018\/12\/0001-85-1-724x1024.jpg 724w\" sizes=\"auto, (max-width: 1600px) 100vw, 1600px\" \/><\/p>\n","protected":false},"excerpt":{"rendered":"<p>O governo Rafael Diniz publicou no Di\u00e1rio Oficial um aviso de licita\u00e7\u00e3o para compra de uniformes escolares,que vai ocorrer no&#8230;<\/p>\n","protected":false},"author":2,"featured_media":115,"comment_status":"open","ping_status":"open","sticky":false,"template":"","format":"standard","meta":{"colormag_page_container_layout":"default_layout","colormag_page_sidebar_layout":"default_layout","jetpack_post_was_ever_published":false,"_jetpack_newsletter_access":"","_jetpack_dont_email_post_to_subs":false,"_jetpack_newsletter_tier_id":0,"_jetpack_memberships_contains_paywalled_content":false,"_jetpack_memberships_contains_paid_content":false,"footnotes":""},"categories":[2],"tags":[],"class_list":["post-1324","post","type-post","status-publish","format-standard","has-post-thumbnail","hentry","category-politica"],"jetpack_featured_media_url":"https:\/\/www.tribunanf.com.br\/blogdoralfereis\/wp-content\/uploads\/sites\/11\/2018\/06\/rafael-diniz-prefeito.jpg","jetpack_sharing_enabled":true,"_links":{"self":[{"href":"https:\/\/www.tribunanf.com.br\/blogdoralfereis\/wp-json\/wp\/v2\/posts\/1324","targetHints":{"allow":["GET"]}}],"collection":[{"href":"https:\/\/www.tribunanf.com.br\/blogdoralfereis\/wp-json\/wp\/v2\/posts"}],"about":[{"href":"https:\/\/www.tribunanf.com.br\/blogdoralfereis\/wp-json\/wp\/v2\/types\/post"}],"author":[{"embeddable":true,"href":"https:\/\/www.tribunanf.com.br\/blogdoralfereis\/wp-json\/wp\/v2\/users\/2"}],"replies":[{"embeddable":true,"href":"https:\/\/www.tribunanf.com.br\/blogdoralfereis\/wp-json\/wp\/v2\/comments?post=1324"}],"version-history":[{"count":0,"href":"https:\/\/www.tribunanf.com.br\/blogdoralfereis\/wp-json\/wp\/v2\/posts\/1324\/revisions"}],"wp:featuredmedia":[{"embeddable":true,"href":"https:\/\/www.tribunanf.com.br\/blogdoralfereis\/wp-json\/wp\/v2\/media\/115"}],"wp:attachment":[{"href":"https:\/\/www.tribunanf.com.br\/blogdoralfereis\/wp-json\/wp\/v2\/media?parent=1324"}],"wp:term":[{"taxonomy":"category","embeddable":true,"href":"https:\/\/www.tribunanf.com.br\/blogdoralfereis\/wp-json\/wp\/v2\/categories?post=1324"},{"taxonomy":"post_tag","embeddable":true,"href":"https:\/\/www.tribunanf.com.br\/blogdoralfereis\/wp-json\/wp\/v2\/tags?post=1324"}],"curies":[{"name":"wp","href":"https:\/\/api.w.org\/{rel}","templated":true}]}}