{"id":13165,"date":"2024-06-24T11:31:12","date_gmt":"2024-06-24T14:31:12","guid":{"rendered":"https:\/\/www.tribunanf.com.br\/blogdoralfereis\/?p=13165"},"modified":"2024-06-24T11:31:12","modified_gmt":"2024-06-24T14:31:12","slug":"usuarios-poderao-utilizar-assinatura-eletronica-gov-br-no-etcerj","status":"publish","type":"post","link":"https:\/\/www.tribunanf.com.br\/blogdoralfereis\/2024\/06\/24\/usuarios-poderao-utilizar-assinatura-eletronica-gov-br-no-etcerj\/","title":{"rendered":"Usu\u00e1rios poder\u00e3o utilizar Assinatura  Eletr\u00f4nica GOV.BR no eTCERJ"},"content":{"rendered":"<p><img loading=\"lazy\" decoding=\"async\" class=\"aligncenter size-large wp-image-13014\" src=\"https:\/\/www.tribunanf.com.br\/blogdoralfereis\/wp-content\/uploads\/sites\/11\/2024\/05\/associado-titular-sede-tce-rj_Easy-Resize.com_-1024x842.jpg\" alt=\"\" width=\"800\" height=\"658\" srcset=\"https:\/\/www.tribunanf.com.br\/blogdoralfereis\/wp-content\/uploads\/sites\/11\/2024\/05\/associado-titular-sede-tce-rj_Easy-Resize.com_-1024x842.jpg 1024w, https:\/\/www.tribunanf.com.br\/blogdoralfereis\/wp-content\/uploads\/sites\/11\/2024\/05\/associado-titular-sede-tce-rj_Easy-Resize.com_-300x247.jpg 300w, https:\/\/www.tribunanf.com.br\/blogdoralfereis\/wp-content\/uploads\/sites\/11\/2024\/05\/associado-titular-sede-tce-rj_Easy-Resize.com_-768x631.jpg 768w, https:\/\/www.tribunanf.com.br\/blogdoralfereis\/wp-content\/uploads\/sites\/11\/2024\/05\/associado-titular-sede-tce-rj_Easy-Resize.com_.jpg 1280w\" sizes=\"auto, (max-width: 800px) 100vw, 800px\" \/><\/p>\n<p style=\"text-align: justify;\">O Tribunal de Contas do Estado do Rio de Janeiro (TCE-RJ) passar\u00e1 a oferecer aos seus usu\u00e1rios a op\u00e7\u00e3o de Assinatura Eletr\u00f4nica GOV.BR dentro do sistema e-TCERJ. O novo mecanismo digital, que ficar\u00e1 dispon\u00edvel a partir de 27 de junho, \u00e9 fruto de parceria do Tribunal, por meio de sua Subsecretaria de Tecnologia da Informa\u00e7\u00e3o, unidade vinculada \u00e0 Secretaria-Geral da Presid\u00eancia, com a Secretaria de Governo Digital do Minist\u00e9rio da Gest\u00e3o e da Inova\u00e7\u00e3o em Servi\u00e7os P\u00fablicos (SGD\/MGI).<\/p>\n<p>A possibilidade de utiliza\u00e7\u00e3o dessa assinatura digital no e-TCERJ impactar\u00e1 diretamente na mobilidade dos jurisdicionados. Por meio da ferramenta, gestores de \u00f3rg\u00e3os municipais e estaduais poder\u00e3o assinar documentos de qualquer lugar, sem a necessidade de um token f\u00edsico. A economia de recursos por meio da elimina\u00e7\u00e3o da necessidade de aquisi\u00e7\u00e3o e manuten\u00e7\u00e3o de tokens f\u00edsicos \u00e9 mais um dos benef\u00edcios obtidos.<\/p>\n<p>\u201cOportunizar ao jurisdicionado a assinatura gov.br em nosso sistema \u00e9 um grande avan\u00e7o do TCE-RJ no atendimento ao seu p\u00fablico, impactando diretamente no servi\u00e7o oferecido \u00e0 popula\u00e7\u00e3o\u201d, observa o subsecret\u00e1rio de Tecnologia da Informa\u00e7\u00e3o do TCE-RJ, L\u00facio Camilo Oliva, que analisou a capilaridade da entrega. \u201cSomente em 2023, cerca de 520 mil arquivos foram assinados pelo e-TCERJ, e isso nos d\u00e1 uma ideia do alcance dessa melhoria\u201d.<\/p>\n<p>Destaca-se que h\u00e1 necessidade de o jurisdicionado utilizar os n\u00edveis de conta gov.br prata ou ouro para valer-se desse recurso.\u00a0<a href=\"https:\/\/www.tcerj.tc.br\/portalnovo\/gov.br\/conta\" target=\"_blank\" rel=\"noopener\">Saiba mais sobre os n\u00edveis da conta gov.br.<\/a><\/p>\n<p>\u201cO GOV.BR foi desenvolvido para facilitar a vida das pessoas e esta parceria com o TCE do Rio de janeiro demonstra o quanto trabalhar em coopera\u00e7\u00e3o permite ampliar as facilidades para a popula\u00e7\u00e3o\u201d, disse o secret\u00e1rio de Governo Digital do MGI, Rog\u00e9rio Mascarenhas. Em caso de d\u00favidas, sobre a Assinatura GOV.BR, acesse a p\u00e1gina do programa no GOV.BR.<\/p>\n<p>A novidade est\u00e1 alinhada \u00e0 Diretriz da Gest\u00e3o n\u00ba 10 para o Bi\u00eanio 2023-2024. O documento proposto pela Presid\u00eancia do TCE-RJ aborda a evolu\u00e7\u00e3o do grau de conformidade do Tribunal quanto \u00e0 ado\u00e7\u00e3o de boas pr\u00e1ticas de gest\u00e3o e acessibilidade aprimorando sua legitimidade frente \u00e0s demais organiza\u00e7\u00f5es p\u00fablicas e \u00e0 sociedade, por meio da implementa\u00e7\u00e3o de novos procedimentos, sistemas informatizados e moderniza\u00e7\u00e3o do Portal da Corte de Contas.<\/p>\n<p style=\"text-align: justify;\">Ascom*<\/p>\n","protected":false},"excerpt":{"rendered":"<p>O Tribunal de Contas do Estado do Rio de Janeiro (TCE-RJ) passar\u00e1 a oferecer aos seus usu\u00e1rios a op\u00e7\u00e3o de&#8230;<\/p>\n","protected":false},"author":2,"featured_media":13014,"comment_status":"open","ping_status":"open","sticky":false,"template":"","format":"standard","meta":{"colormag_page_container_layout":"default_layout","colormag_page_sidebar_layout":"default_layout","jetpack_post_was_ever_published":false,"_jetpack_newsletter_access":"","_jetpack_dont_email_post_to_subs":false,"_jetpack_newsletter_tier_id":0,"_jetpack_memberships_contains_paywalled_content":false,"_jetpack_memberships_contains_paid_content":false,"footnotes":""},"categories":[2],"tags":[],"class_list":["post-13165","post","type-post","status-publish","format-standard","has-post-thumbnail","hentry","category-politica"],"jetpack_featured_media_url":"https:\/\/www.tribunanf.com.br\/blogdoralfereis\/wp-content\/uploads\/sites\/11\/2024\/05\/associado-titular-sede-tce-rj_Easy-Resize.com_.jpg","jetpack_sharing_enabled":true,"_links":{"self":[{"href":"https:\/\/www.tribunanf.com.br\/blogdoralfereis\/wp-json\/wp\/v2\/posts\/13165","targetHints":{"allow":["GET"]}}],"collection":[{"href":"https:\/\/www.tribunanf.com.br\/blogdoralfereis\/wp-json\/wp\/v2\/posts"}],"about":[{"href":"https:\/\/www.tribunanf.com.br\/blogdoralfereis\/wp-json\/wp\/v2\/types\/post"}],"author":[{"embeddable":true,"href":"https:\/\/www.tribunanf.com.br\/blogdoralfereis\/wp-json\/wp\/v2\/users\/2"}],"replies":[{"embeddable":true,"href":"https:\/\/www.tribunanf.com.br\/blogdoralfereis\/wp-json\/wp\/v2\/comments?post=13165"}],"version-history":[{"count":0,"href":"https:\/\/www.tribunanf.com.br\/blogdoralfereis\/wp-json\/wp\/v2\/posts\/13165\/revisions"}],"wp:featuredmedia":[{"embeddable":true,"href":"https:\/\/www.tribunanf.com.br\/blogdoralfereis\/wp-json\/wp\/v2\/media\/13014"}],"wp:attachment":[{"href":"https:\/\/www.tribunanf.com.br\/blogdoralfereis\/wp-json\/wp\/v2\/media?parent=13165"}],"wp:term":[{"taxonomy":"category","embeddable":true,"href":"https:\/\/www.tribunanf.com.br\/blogdoralfereis\/wp-json\/wp\/v2\/categories?post=13165"},{"taxonomy":"post_tag","embeddable":true,"href":"https:\/\/www.tribunanf.com.br\/blogdoralfereis\/wp-json\/wp\/v2\/tags?post=13165"}],"curies":[{"name":"wp","href":"https:\/\/api.w.org\/{rel}","templated":true}]}}