{"id":13158,"date":"2024-06-21T18:21:56","date_gmt":"2024-06-21T21:21:56","guid":{"rendered":"https:\/\/www.tribunanf.com.br\/blogdoralfereis\/?p=13158"},"modified":"2024-06-21T18:21:56","modified_gmt":"2024-06-21T21:21:56","slug":"ou-ele-bota-a-viola-no-saco-ou-entra-no-saco-deputada-lucinha-usou-poder-na-milicia-para-ameacar-desafeto-politico-diz-mp","status":"publish","type":"post","link":"https:\/\/www.tribunanf.com.br\/blogdoralfereis\/2024\/06\/21\/ou-ele-bota-a-viola-no-saco-ou-entra-no-saco-deputada-lucinha-usou-poder-na-milicia-para-ameacar-desafeto-politico-diz-mp\/","title":{"rendered":"&#8216;Ou ele bota a viola no saco ou entra no saco&#8217;; deputada Lucinha usou poder na mil\u00edcia para amea\u00e7ar desafeto pol\u00edtico, diz MP"},"content":{"rendered":"<p><img loading=\"lazy\" decoding=\"async\" class=\"aligncenter size-large wp-image-13159\" src=\"https:\/\/www.tribunanf.com.br\/blogdoralfereis\/wp-content\/uploads\/sites\/11\/2024\/06\/lucinha_Easy-Resize.com_-1024x682.jpg\" alt=\"\" width=\"800\" height=\"533\" srcset=\"https:\/\/www.tribunanf.com.br\/blogdoralfereis\/wp-content\/uploads\/sites\/11\/2024\/06\/lucinha_Easy-Resize.com_-1024x682.jpg 1024w, https:\/\/www.tribunanf.com.br\/blogdoralfereis\/wp-content\/uploads\/sites\/11\/2024\/06\/lucinha_Easy-Resize.com_-300x200.jpg 300w, https:\/\/www.tribunanf.com.br\/blogdoralfereis\/wp-content\/uploads\/sites\/11\/2024\/06\/lucinha_Easy-Resize.com_-768x512.jpg 768w, https:\/\/www.tribunanf.com.br\/blogdoralfereis\/wp-content\/uploads\/sites\/11\/2024\/06\/lucinha_Easy-Resize.com_.jpg 1280w\" sizes=\"auto, (max-width: 800px) 100vw, 800px\" \/><\/p>\n<p style=\"text-align: justify;\">Na den\u00fancia do Minist\u00e9rio P\u00fablico do Rio de Janeiro (MPRJ) que aponta a deputada estadual Lucia Helena Pinto de Barros (PSD), a Lucinha, e sua ex-assessora parlamentar, Ariane Afonso Lima como integrantes do bra\u00e7o pol\u00edtico do &#8220;Bonde do Zinho&#8221;, maior mil\u00edcia do Rio de Janeiro, uma troca de mensagens mostra a deputada pedindo informa\u00e7\u00f5es e at\u00e9 endere\u00e7o de um morador que reclamou de sua atua\u00e7\u00e3o, revela o blog do Oct\u00e1vio Guedes, do G1.<\/p>\n<p style=\"text-align: justify;\">Segundo a den\u00fancia do MPRJ, assinada pelo Procurador-Geral de Justi\u00e7a, Luciano Mattos, em dezembro de 2023, o servidor da Prefeitura do Rio de Janeiro, Vancler Pascoal de Oliveira, encaminhou \u00e0 deputada Lucinha um v\u00eddeo em que um homem tece coment\u00e1rios e cr\u00edticas \u00e0 Lucinha, ao seu filho, vereador da cidade do Rio de Janeiro, Junior da Lucinha, e ao prefeito Eduardo Paes, em raz\u00e3o de problemas envolvendo servi\u00e7os prestados pela concession\u00e1ria Rio \u00c1guas.<\/p>\n<p style=\"text-align: justify;\">No v\u00eddeo, o morador pedia que o prefeito Eduardo Paes fosse a Santa Cruz fazer uma vistoria nos val\u00f5es e nos rios para constatar o que a empresa estava fazendo e diz que &#8220;a nobre Deputada Lucinha e o filho dela J\u00fanior vieram a\u00ed e fizeram essa ro\u00e7ada a\u00ed, guardaram o lixo todo dentro do val\u00e3o(&#8230;) Pessoal t\u00e1 pedindo socorro, voc\u00eas deram o servi\u00e7o como pronto l\u00e1 no rio e t\u00e1 tudo assoreado. Eu tenho mais v\u00eddeos, vou postar!&#8221;.<\/p>\n<p style=\"text-align: justify;\">A deputada n\u00e3o gostou da reclama\u00e7\u00e3o e cobrou de Vancler a identifica\u00e7\u00e3o, o endere\u00e7o e o &#8220;grupo pol\u00edtico a que pertencia&#8221; o morador indignado.<\/p>\n<p style=\"text-align: justify;\">Lucinha mandou a seguinte mensagem:<\/p>\n<div id=\"chunk-4rs2h\" style=\"text-align: justify;\">\n<div class=\"mc-column content-text active-extra-styles\" data-block-type=\"raw\" data-block-weight=\"36\" data-block-id=\"9\">\n<ul class=\"content-unordered-list\" data-mrf-recirculation=\"Recomendado\">\n<li><strong>Lucinha:<\/strong>\u00a0&#8220;Vancler me passa a planta de cara. Onde ele mora. A que grupo pol\u00edtico ele t\u00e1 ligado. Do cara. Quem ele pensa que \u00e9? Falando assim de mim, do J\u00fanior e do prefeito???? Responde a\u00ed.&#8221;<\/li>\n<\/ul>\n<p>Na mensagem seguinte, segundo den\u00fancia do MPRJ, o servidor Vancler de Oliveira responde a Lucinha, se referindo a deputada como &#8220;MADRINHA&#8221;, que conversariam pessoalmente, mas j\u00e1 adianta que amea\u00e7ou de morte o morador que aparecia no v\u00eddeo, lhe dizendo: &#8220;<strong>ou ele coloca a viola no saco ou ele entra no saco&#8221;, em aten\u00e7\u00e3o ao pedido de provid\u00eancias feito pela parlamentar.<\/strong><\/p>\n<\/div>\n<\/div>\n<div id=\"chunk-an9jf\">\n<div class=\"content-ads content-ads--reveal\" data-block-type=\"ads\" data-block-id=\"11\">\n<div id=\"banner_materia__ead0f658-002e-4b69-865b-c418fb8ba44d\" class=\"tag-manager-publicidade-container mc-has-reveal mc-has-ad-lazyload tag-manager-publicidade-banner_materia__ead0f658-002e-4b69-865b-c418fb8ba44d tag-manager-publicidade-container--carregado tag-manager-publicidade-container--visivel\" data-id=\"banner_materia__ead0f658-002e-4b69-865b-c418fb8ba44d\" data-google-query-id=\"CLrF_5nP7YYDFUkGuQYd16UFQw\">\n<div id=\"chunk-6f15d\">\n<div class=\"mc-column content-text active-extra-styles\" data-block-type=\"raw\" data-block-weight=\"32\" data-block-id=\"12\">\n<ul class=\"content-unordered-list\" style=\"text-align: justify;\" data-mrf-recirculation=\"Recomendado\">\n<li><strong>Vancler:<\/strong>\u00a0&#8220;Eu entendi a senhora e deu uma trava gigante nele. Eu falei que ou ele bota a viola no saco ou ele entra no saco melhor falar aqui pessoalmente.&#8221;<\/li>\n<li><strong>Lucinha:<\/strong>\u00a0&#8220;Ok&#8221;<\/li>\n<\/ul>\n<p style=\"text-align: justify;\">Em depoimento, Vancler afirmou ser servidor da Comlurb e que conhecia a deputada h\u00e1 cerca de cinco anos por j\u00e1 &#8220;ter exercido fun\u00e7\u00f5es nos bairros da Zona Oeste&#8221;, e disse que, &#8220;em raz\u00e3o do exerc\u00edcio do cargo, recebia demandas da Parlamentar, via of\u00edcios ou por telefone&#8221;. Ele confirmou ter ido conversar com morador a pedido da Parlamentar, mas negou que as express\u00f5es utilizadas constitu\u00edssem amea\u00e7as.<\/p>\n<p style=\"text-align: justify;\">Para o MPRJ, essa \u00e9 uma das evid\u00eancias de que a deputada se valeu servidores da regi\u00e3o para atender a seus interesses, tanto vinculados ao mandado quanto aos interesses da mil\u00edcia e que, da mesma forma que a organiza\u00e7\u00e3o usava prest\u00edgio do cargo da parlamentar, &#8220;a rec\u00edproca era absolutamente verdadeira&#8221;.<\/p>\n<p style=\"text-align: justify;\">&#8220;A despeito da organiza\u00e7\u00e3o criminosa se valer do prest\u00edgio do cargo da Parlamentar para consecu\u00e7\u00e3o de seus interesses em n\u00edvel pol\u00edtico, a rec\u00edproca era absolutamente verdadeira.&#8221;<\/p>\n<p style=\"text-align: justify;\">A deputada foi afastada do cargo no final de 2023. Nesta quinta-feira (20), a Comiss\u00e3o de \u00c9tica da Alerj votou pelo arquivamento da investiga\u00e7\u00e3o contra Lucinha por envolvimento com mil\u00edcia.<\/p>\n<p style=\"text-align: justify;\">Com a decis\u00e3o, a parlamentar segue com suas fun\u00e7\u00f5es na Alerj enquanto aguarda julgamento na Justi\u00e7a. A Mesa Diretora da Alerj ainda pode pedir vota\u00e7\u00e3o do plen\u00e1rio da Casa para confirmar o arquivamento.<\/p>\n<p style=\"text-align: justify;\">A defesa de Lucinha diz que &#8220;a den\u00fancia \u00e9 uma persegui\u00e7\u00e3o pol\u00edtica&#8221;.<\/p>\n<p style=\"text-align: justify;\">&#8220;A acusa\u00e7\u00e3o \u00e9 completamente improcedente e sua inoc\u00eancia ser\u00e1 devidamente comprovada nos autos. Da mesma maneira que demostrou no conselho de \u00e9tica sua inoc\u00eancia, demonstrar\u00e1 tamb\u00e9m na justi\u00e7a que as den\u00fancias s\u00e3o absurdas e improcedentes.&#8221;<\/p>\n<p style=\"text-align: justify;\">Fonte: Blog do Oct\u00e1vio Guedes, G1<\/p>\n<\/div>\n<\/div>\n<\/div>\n<\/div>\n<\/div>\n","protected":false},"excerpt":{"rendered":"<p>Na den\u00fancia do Minist\u00e9rio P\u00fablico do Rio de Janeiro (MPRJ) que aponta a deputada estadual Lucia Helena Pinto de Barros&#8230;<\/p>\n","protected":false},"author":2,"featured_media":13159,"comment_status":"open","ping_status":"open","sticky":false,"template":"","format":"standard","meta":{"colormag_page_container_layout":"default_layout","colormag_page_sidebar_layout":"default_layout","jetpack_post_was_ever_published":false,"_jetpack_newsletter_access":"","_jetpack_dont_email_post_to_subs":false,"_jetpack_newsletter_tier_id":0,"_jetpack_memberships_contains_paywalled_content":false,"_jetpack_memberships_contains_paid_content":false,"footnotes":""},"categories":[2],"tags":[],"class_list":["post-13158","post","type-post","status-publish","format-standard","has-post-thumbnail","hentry","category-politica"],"jetpack_featured_media_url":"https:\/\/www.tribunanf.com.br\/blogdoralfereis\/wp-content\/uploads\/sites\/11\/2024\/06\/lucinha_Easy-Resize.com_.jpg","jetpack_sharing_enabled":true,"_links":{"self":[{"href":"https:\/\/www.tribunanf.com.br\/blogdoralfereis\/wp-json\/wp\/v2\/posts\/13158","targetHints":{"allow":["GET"]}}],"collection":[{"href":"https:\/\/www.tribunanf.com.br\/blogdoralfereis\/wp-json\/wp\/v2\/posts"}],"about":[{"href":"https:\/\/www.tribunanf.com.br\/blogdoralfereis\/wp-json\/wp\/v2\/types\/post"}],"author":[{"embeddable":true,"href":"https:\/\/www.tribunanf.com.br\/blogdoralfereis\/wp-json\/wp\/v2\/users\/2"}],"replies":[{"embeddable":true,"href":"https:\/\/www.tribunanf.com.br\/blogdoralfereis\/wp-json\/wp\/v2\/comments?post=13158"}],"version-history":[{"count":0,"href":"https:\/\/www.tribunanf.com.br\/blogdoralfereis\/wp-json\/wp\/v2\/posts\/13158\/revisions"}],"wp:featuredmedia":[{"embeddable":true,"href":"https:\/\/www.tribunanf.com.br\/blogdoralfereis\/wp-json\/wp\/v2\/media\/13159"}],"wp:attachment":[{"href":"https:\/\/www.tribunanf.com.br\/blogdoralfereis\/wp-json\/wp\/v2\/media?parent=13158"}],"wp:term":[{"taxonomy":"category","embeddable":true,"href":"https:\/\/www.tribunanf.com.br\/blogdoralfereis\/wp-json\/wp\/v2\/categories?post=13158"},{"taxonomy":"post_tag","embeddable":true,"href":"https:\/\/www.tribunanf.com.br\/blogdoralfereis\/wp-json\/wp\/v2\/tags?post=13158"}],"curies":[{"name":"wp","href":"https:\/\/api.w.org\/{rel}","templated":true}]}}