{"id":13139,"date":"2024-06-17T20:57:24","date_gmt":"2024-06-17T23:57:24","guid":{"rendered":"https:\/\/www.tribunanf.com.br\/blogdoralfereis\/?p=13139"},"modified":"2024-06-17T20:57:24","modified_gmt":"2024-06-17T23:57:24","slug":"saiba-quanto-cada-partido-vai-receber-do-total-do-fundo-especial-de-campanha","status":"publish","type":"post","link":"https:\/\/www.tribunanf.com.br\/blogdoralfereis\/2024\/06\/17\/saiba-quanto-cada-partido-vai-receber-do-total-do-fundo-especial-de-campanha\/","title":{"rendered":"Saiba quanto cada partido vai receber do total do Fundo Especial de Campanha"},"content":{"rendered":"<p><img loading=\"lazy\" decoding=\"async\" class=\"aligncenter size-large wp-image-12625\" src=\"https:\/\/www.tribunanf.com.br\/blogdoralfereis\/wp-content\/uploads\/sites\/11\/2024\/03\/tse_Easy-Resize.com_-1024x576.jpg\" alt=\"\" width=\"800\" height=\"450\" srcset=\"https:\/\/www.tribunanf.com.br\/blogdoralfereis\/wp-content\/uploads\/sites\/11\/2024\/03\/tse_Easy-Resize.com_-1024x576.jpg 1024w, https:\/\/www.tribunanf.com.br\/blogdoralfereis\/wp-content\/uploads\/sites\/11\/2024\/03\/tse_Easy-Resize.com_-300x169.jpg 300w, https:\/\/www.tribunanf.com.br\/blogdoralfereis\/wp-content\/uploads\/sites\/11\/2024\/03\/tse_Easy-Resize.com_-768x432.jpg 768w, https:\/\/www.tribunanf.com.br\/blogdoralfereis\/wp-content\/uploads\/sites\/11\/2024\/03\/tse_Easy-Resize.com_.jpg 1280w\" sizes=\"auto, (max-width: 800px) 100vw, 800px\" \/><\/p>\n<p style=\"text-align: justify;\">O Tribunal Superior Eleitoral (TSE) divulgou, nesta segunda-feira (17), os valores que cada partido vai receber do\u00a0<a href=\"https:\/\/www.tse.jus.br\/eleicoes\/eleicoes-2024-content\/fundo-especial-de-financiamento-de-campanha-fefc\" target=\"_blank\" rel=\"noopener\">Fundo Especial de Financiamento de Campanha (FEFC)<\/a>, seguindo o prazo fixado pelo calend\u00e1rio eleitoral. Ao todo, 29 partidos receber\u00e3o R$ 4.961.519.777,00, valor estabelecido pelo Congresso Nacional para gastos com a corrida eleitoral deste ano. Os crit\u00e9rios da divis\u00e3o tamb\u00e9m foram fixados em lei pelo parlamento (<a href=\"https:\/\/www.tse.jus.br\/legislacao\/codigo-eleitoral\/lei-das-eleicoes\/lei-das-eleicoes-lei-nb0-9.504-de-30-de-setembro-de-1997\" target=\"_blank\" rel=\"noopener\">Lei n\u00ba 9.504\/1997, artigo 16-D<\/a>).<\/p>\n<p style=\"text-align: justify;\">Para receber os recursos, cada partido precisa definir crit\u00e9rios de distribui\u00e7\u00e3o \u00e0s candidatas e aos candidatos, de acordo com a lei, respeitando, por exemplo, a cota por g\u00eanero e ra\u00e7a. O plano deve ser homologado pelo TSE.<\/p>\n<p style=\"text-align: justify;\">O papel do TSE \u00e9 dar racionalidade e transpar\u00eancia aos crit\u00e9rios de distribui\u00e7\u00e3o (<a href=\"https:\/\/www.tse.jus.br\/legislacao\/codigo-eleitoral\/lei-das-eleicoes\/lei-das-eleicoes-lei-nb0-9.504-de-30-de-setembro-de-1997\" target=\"_blank\" rel=\"noopener\">Lei n\u00ba 9.504\/1997, artigo 16-C<\/a>) definidos pelos congressistas. Ao final do pleito, os partidos dever\u00e3o apresentar a presta\u00e7\u00e3o de contas detalhada, que ser\u00e1 examinada e votada pelo plen\u00e1rio do Tribunal.<\/p>\n<p style=\"text-align: justify;\">Veja a tabela de distribui\u00e7\u00e3o:<\/p>\n<p style=\"text-align: justify;\"><img loading=\"lazy\" decoding=\"async\" class=\"aligncenter size-full wp-image-13140\" src=\"https:\/\/www.tribunanf.com.br\/blogdoralfereis\/wp-content\/uploads\/sites\/11\/2024\/06\/247a6fe7-040d-4b9a-add1-4fd4273c08c5.jpeg\" alt=\"\" width=\"768\" height=\"505\" srcset=\"https:\/\/www.tribunanf.com.br\/blogdoralfereis\/wp-content\/uploads\/sites\/11\/2024\/06\/247a6fe7-040d-4b9a-add1-4fd4273c08c5.jpeg 768w, https:\/\/www.tribunanf.com.br\/blogdoralfereis\/wp-content\/uploads\/sites\/11\/2024\/06\/247a6fe7-040d-4b9a-add1-4fd4273c08c5-300x197.jpeg 300w\" sizes=\"auto, (max-width: 768px) 100vw, 768px\" \/><\/p>\n<p style=\"text-align: justify;\">\u00b9 Fus\u00e3o do Partido Trabalhista Brasileiro (PTB) e Patriota (Patriota) criando o Partido Renova\u00e7\u00e3o Democr\u00e1tica (PRD)<br \/>\n\u00b2 Incorpora\u00e7\u00e3o do Partido Republicano da Ordem Social (Pros) pelo Solidariedade<br \/>\n\u00b3 Incorpora\u00e7\u00e3o do Partido Social Crist\u00e3o (PSC) pelo Podemos (Pode)<\/p>\n<p style=\"text-align: justify;\">AscomTSE*<\/p>\n","protected":false},"excerpt":{"rendered":"<p>O Tribunal Superior Eleitoral (TSE) divulgou, nesta segunda-feira (17), os valores que cada partido vai receber do\u00a0Fundo Especial de Financiamento&#8230;<\/p>\n","protected":false},"author":2,"featured_media":12625,"comment_status":"open","ping_status":"open","sticky":false,"template":"","format":"standard","meta":{"colormag_page_container_layout":"default_layout","colormag_page_sidebar_layout":"default_layout","jetpack_post_was_ever_published":false,"_jetpack_newsletter_access":"","_jetpack_dont_email_post_to_subs":false,"_jetpack_newsletter_tier_id":0,"_jetpack_memberships_contains_paywalled_content":false,"_jetpack_memberships_contains_paid_content":false,"footnotes":""},"categories":[2],"tags":[],"class_list":["post-13139","post","type-post","status-publish","format-standard","has-post-thumbnail","hentry","category-politica"],"jetpack_featured_media_url":"https:\/\/www.tribunanf.com.br\/blogdoralfereis\/wp-content\/uploads\/sites\/11\/2024\/03\/tse_Easy-Resize.com_.jpg","jetpack_sharing_enabled":true,"_links":{"self":[{"href":"https:\/\/www.tribunanf.com.br\/blogdoralfereis\/wp-json\/wp\/v2\/posts\/13139","targetHints":{"allow":["GET"]}}],"collection":[{"href":"https:\/\/www.tribunanf.com.br\/blogdoralfereis\/wp-json\/wp\/v2\/posts"}],"about":[{"href":"https:\/\/www.tribunanf.com.br\/blogdoralfereis\/wp-json\/wp\/v2\/types\/post"}],"author":[{"embeddable":true,"href":"https:\/\/www.tribunanf.com.br\/blogdoralfereis\/wp-json\/wp\/v2\/users\/2"}],"replies":[{"embeddable":true,"href":"https:\/\/www.tribunanf.com.br\/blogdoralfereis\/wp-json\/wp\/v2\/comments?post=13139"}],"version-history":[{"count":0,"href":"https:\/\/www.tribunanf.com.br\/blogdoralfereis\/wp-json\/wp\/v2\/posts\/13139\/revisions"}],"wp:featuredmedia":[{"embeddable":true,"href":"https:\/\/www.tribunanf.com.br\/blogdoralfereis\/wp-json\/wp\/v2\/media\/12625"}],"wp:attachment":[{"href":"https:\/\/www.tribunanf.com.br\/blogdoralfereis\/wp-json\/wp\/v2\/media?parent=13139"}],"wp:term":[{"taxonomy":"category","embeddable":true,"href":"https:\/\/www.tribunanf.com.br\/blogdoralfereis\/wp-json\/wp\/v2\/categories?post=13139"},{"taxonomy":"post_tag","embeddable":true,"href":"https:\/\/www.tribunanf.com.br\/blogdoralfereis\/wp-json\/wp\/v2\/tags?post=13139"}],"curies":[{"name":"wp","href":"https:\/\/api.w.org\/{rel}","templated":true}]}}