{"id":13117,"date":"2024-06-11T17:40:18","date_gmt":"2024-06-11T20:40:18","guid":{"rendered":"https:\/\/www.tribunanf.com.br\/blogdoralfereis\/?p=13117"},"modified":"2024-06-11T17:40:18","modified_gmt":"2024-06-11T20:40:18","slug":"ex-governador-garotinho-realiza-cateterismo-e-passa-bem","status":"publish","type":"post","link":"https:\/\/www.tribunanf.com.br\/blogdoralfereis\/2024\/06\/11\/ex-governador-garotinho-realiza-cateterismo-e-passa-bem\/","title":{"rendered":"Ex-governador Garotinho realiza cateterismo e passa bem"},"content":{"rendered":"<p><img loading=\"lazy\" decoding=\"async\" class=\"aligncenter size-large wp-image-13118\" src=\"https:\/\/www.tribunanf.com.br\/blogdoralfereis\/wp-content\/uploads\/sites\/11\/2024\/06\/448137322_18025173089321220_3897717996597239339_n_Easy-Resize.com_-819x1024.jpg\" alt=\"\" width=\"800\" height=\"1000\" srcset=\"https:\/\/www.tribunanf.com.br\/blogdoralfereis\/wp-content\/uploads\/sites\/11\/2024\/06\/448137322_18025173089321220_3897717996597239339_n_Easy-Resize.com_-819x1024.jpg 819w, https:\/\/www.tribunanf.com.br\/blogdoralfereis\/wp-content\/uploads\/sites\/11\/2024\/06\/448137322_18025173089321220_3897717996597239339_n_Easy-Resize.com_-240x300.jpg 240w, https:\/\/www.tribunanf.com.br\/blogdoralfereis\/wp-content\/uploads\/sites\/11\/2024\/06\/448137322_18025173089321220_3897717996597239339_n_Easy-Resize.com_-768x960.jpg 768w, https:\/\/www.tribunanf.com.br\/blogdoralfereis\/wp-content\/uploads\/sites\/11\/2024\/06\/448137322_18025173089321220_3897717996597239339_n_Easy-Resize.com_.jpg 1024w\" sizes=\"auto, (max-width: 800px) 100vw, 800px\" \/><\/p>\n<p style=\"text-align: justify;\">O ex-governador e ex-prefeito de Campos, Anthony Garotinho, que foi internado, nessa segunda-feira (10), ap\u00f3s sentir fortes dores no peito, realizou um cateterismo nesta ter\u00e7a-feira e passa bem. O estado de sa\u00fade de Garotinho foi atualizado por sua esposa, a tamb\u00e9m ex-governadora e ex-prefeita de Campos, Rosinha Garotinho.<\/p>\n<p style=\"text-align: justify;\">&#8220;<em>O GAROTINHO CONCLUIU O CATETERISMO. Est\u00e1 de volta a unidade coronariana, o procedimento foi considerado excelente pelos m\u00e9dicos Dr. Estev\u00e3o Martins e Halim Abdu e Dr Luiz Felipe Monsanto, pois s\u00f3 foi encontrada uma placa de 40-% em uma das art\u00e9rias, o que n\u00e3o compromete o funcionamento do cora\u00e7\u00e3o e n\u00e3o foi necess\u00e1rio a coloca\u00e7\u00e3o de mais um stend e o anterior est\u00e1 funcionando plenamente. Agradecemos em primeiro lugar a Deus que nos proporcionou mais um livramento, a equipe m\u00e9dica que realizou o procedimento al\u00e9m do Dr. Abdu Neme (Campos) e Dr. Antonio Manuel que nos acompanharam . Agradecimento especial a toda a equipe de enfermagem e demais profissionais do Hospital S\u00e3o Lucas onde foi levado no momento de emerg\u00eancia. Finalizo dizendo que o Garotinho ser\u00e1 liberado para a resid\u00eancia ainda hoje no fim do dia e estar\u00e1 muito em breve retomando os trabalhos na r\u00e1dio e na sua pr\u00e9 campanha a vereador na cidade do Rio de Janeiro. Agrade\u00e7o sinceramente as ora\u00e7\u00f5es de todos voc\u00eas, em especial dos nossos irm\u00e3os da Igreja Batista de Laranjeiras. Deus seja louvado<\/em>.&#8221;, informou Rosinha.<\/p>\n","protected":false},"excerpt":{"rendered":"<p>O ex-governador e ex-prefeito de Campos, Anthony Garotinho, que foi internado, nessa segunda-feira (10), ap\u00f3s sentir fortes dores no peito,&#8230;<\/p>\n","protected":false},"author":2,"featured_media":13118,"comment_status":"open","ping_status":"open","sticky":false,"template":"","format":"standard","meta":{"colormag_page_container_layout":"default_layout","colormag_page_sidebar_layout":"default_layout","jetpack_post_was_ever_published":false,"_jetpack_newsletter_access":"","_jetpack_dont_email_post_to_subs":false,"_jetpack_newsletter_tier_id":0,"_jetpack_memberships_contains_paywalled_content":false,"_jetpack_memberships_contains_paid_content":false,"footnotes":""},"categories":[2],"tags":[],"class_list":["post-13117","post","type-post","status-publish","format-standard","has-post-thumbnail","hentry","category-politica"],"jetpack_featured_media_url":"https:\/\/www.tribunanf.com.br\/blogdoralfereis\/wp-content\/uploads\/sites\/11\/2024\/06\/448137322_18025173089321220_3897717996597239339_n_Easy-Resize.com_.jpg","jetpack_sharing_enabled":true,"_links":{"self":[{"href":"https:\/\/www.tribunanf.com.br\/blogdoralfereis\/wp-json\/wp\/v2\/posts\/13117","targetHints":{"allow":["GET"]}}],"collection":[{"href":"https:\/\/www.tribunanf.com.br\/blogdoralfereis\/wp-json\/wp\/v2\/posts"}],"about":[{"href":"https:\/\/www.tribunanf.com.br\/blogdoralfereis\/wp-json\/wp\/v2\/types\/post"}],"author":[{"embeddable":true,"href":"https:\/\/www.tribunanf.com.br\/blogdoralfereis\/wp-json\/wp\/v2\/users\/2"}],"replies":[{"embeddable":true,"href":"https:\/\/www.tribunanf.com.br\/blogdoralfereis\/wp-json\/wp\/v2\/comments?post=13117"}],"version-history":[{"count":0,"href":"https:\/\/www.tribunanf.com.br\/blogdoralfereis\/wp-json\/wp\/v2\/posts\/13117\/revisions"}],"wp:featuredmedia":[{"embeddable":true,"href":"https:\/\/www.tribunanf.com.br\/blogdoralfereis\/wp-json\/wp\/v2\/media\/13118"}],"wp:attachment":[{"href":"https:\/\/www.tribunanf.com.br\/blogdoralfereis\/wp-json\/wp\/v2\/media?parent=13117"}],"wp:term":[{"taxonomy":"category","embeddable":true,"href":"https:\/\/www.tribunanf.com.br\/blogdoralfereis\/wp-json\/wp\/v2\/categories?post=13117"},{"taxonomy":"post_tag","embeddable":true,"href":"https:\/\/www.tribunanf.com.br\/blogdoralfereis\/wp-json\/wp\/v2\/tags?post=13117"}],"curies":[{"name":"wp","href":"https:\/\/api.w.org\/{rel}","templated":true}]}}