{"id":13113,"date":"2024-06-11T15:52:44","date_gmt":"2024-06-11T18:52:44","guid":{"rendered":"https:\/\/www.tribunanf.com.br\/blogdoralfereis\/?p=13113"},"modified":"2024-06-11T15:53:04","modified_gmt":"2024-06-11T18:53:04","slug":"gilmar-mendes-mantem-prisao-de-glaidson-acacio-o-farao-dos-bitcoins","status":"publish","type":"post","link":"https:\/\/www.tribunanf.com.br\/blogdoralfereis\/2024\/06\/11\/gilmar-mendes-mantem-prisao-de-glaidson-acacio-o-farao-dos-bitcoins\/","title":{"rendered":"Gilmar Mendes mant\u00e9m pris\u00e3o de Glaidson Ac\u00e1cio, o \u201cFara\u00f3 dos bitcoins\u201d"},"content":{"rendered":"<p><img loading=\"lazy\" decoding=\"async\" class=\"aligncenter size-large wp-image-13114\" src=\"https:\/\/www.tribunanf.com.br\/blogdoralfereis\/wp-content\/uploads\/sites\/11\/2024\/06\/0b5322382ff20feaf5d105f58b6b4c71_Easy-Resize.com_-1024x683.jpg\" alt=\"\" width=\"800\" height=\"534\" srcset=\"https:\/\/www.tribunanf.com.br\/blogdoralfereis\/wp-content\/uploads\/sites\/11\/2024\/06\/0b5322382ff20feaf5d105f58b6b4c71_Easy-Resize.com_-1024x683.jpg 1024w, https:\/\/www.tribunanf.com.br\/blogdoralfereis\/wp-content\/uploads\/sites\/11\/2024\/06\/0b5322382ff20feaf5d105f58b6b4c71_Easy-Resize.com_-300x200.jpg 300w, https:\/\/www.tribunanf.com.br\/blogdoralfereis\/wp-content\/uploads\/sites\/11\/2024\/06\/0b5322382ff20feaf5d105f58b6b4c71_Easy-Resize.com_-768x512.jpg 768w, https:\/\/www.tribunanf.com.br\/blogdoralfereis\/wp-content\/uploads\/sites\/11\/2024\/06\/0b5322382ff20feaf5d105f58b6b4c71_Easy-Resize.com_.jpg 1280w\" sizes=\"auto, (max-width: 800px) 100vw, 800px\" \/><\/p>\n<p style=\"text-align: justify;\">O ministro Gilmar Mendes, do STF, manteve nessa segunda-feira (10\/6) a pris\u00e3o de Glaidson Ac\u00e1cio dos Santos, conhecido como \u201cFara\u00f3 dos Bitcoins\u201d, detido desde agosto de 2021. Ele \u00e9 apontado pelas investiga\u00e7\u00f5es como o l\u00edder de um esquema de pir\u00e2mide financeira que movimentou R$ 38 bilh\u00f5es entre 2015 e 2021.<\/p>\n<p style=\"text-align: justify;\">Gilmar rejeitou um habeas corpus movido ao Supremo na semana passada pelos advogados de Ac\u00e1cio.<\/p>\n<p style=\"text-align: justify;\">No pedido barrado pelo ministro, a defesa argumentou que o \u201cFara\u00f3\u201d, alvo de pris\u00f5es em oito processos nos quais \u00e9 r\u00e9u, n\u00e3o deveria responder na Justi\u00e7a Federal pelas suspeitas contra ele. A alega\u00e7\u00e3o foi que os esquemas atribu\u00eddos a Ac\u00e1cio n\u00e3o tratam de crime contra o sistema financeiro nacional, mas de suposto crime contra a economia popular, cuja compet\u00eancia \u00e9 da Justi\u00e7a estadual.<\/p>\n<p style=\"text-align: justify;\">O habeas corpus ainda disse que o crime de fraude com criptoativos foi tipificado em 2022, mas que, antes disso, o \u201cFara\u00f3 dos Bitcoins\u201d foi acusado do crime de estelionato \u2013 o que n\u00e3o corresponderia aos fatos.<\/p>\n<p style=\"text-align: justify;\">O pedido tamb\u00e9m sustentou que Glaidson Ac\u00e1cio est\u00e1 preso h\u00e1 tempo excessivo, passa por graves problemas psiqui\u00e1tricos e tentou cometer suic\u00eddio na pris\u00e3o. Ele est\u00e1 detido atualmente na penitenci\u00e1ria federal de Catanduvas, no Paran\u00e1.<\/p>\n<p style=\"text-align: justify;\">Em sua decis\u00e3o, no entanto, Gilmar analisou somente a alega\u00e7\u00e3o da defesa a respeito da compet\u00eancia da Justi\u00e7a estadual sobre o caso. Os outros pontos levantados pelo advogado, decidiu o ministro, n\u00e3o est\u00e3o abrangidos pela decis\u00e3o do Superior Tribunal de Justi\u00e7a (STJ) questionada pelo habeas corpus e n\u00e3o devem, portanto, ser considerados.<\/p>\n<p style=\"text-align: justify;\">Ao rejeitar o pedido por envio do caso \u00e0 Justi\u00e7a estadual, Gilmar Mendes classificou a alega\u00e7\u00e3o como \u201cmera ret\u00f3rica defensiva\u201d. O ministro entendeu que o processo deve seguir tramitando na 3\u00aa Vara Federal Criminal do Rio de Janeiro, por tratar de crimes com conex\u00e3o a delitos de responsabilidade da Justi\u00e7a Federal.<\/p>\n<p style=\"text-align: justify;\">Fonte: Coluna Guilherme Amado, do Metr\u00f3poles<\/p>\n","protected":false},"excerpt":{"rendered":"<p>O ministro Gilmar Mendes, do STF, manteve nessa segunda-feira (10\/6) a pris\u00e3o de Glaidson Ac\u00e1cio dos Santos, conhecido como \u201cFara\u00f3&#8230;<\/p>\n","protected":false},"author":2,"featured_media":13114,"comment_status":"open","ping_status":"open","sticky":false,"template":"","format":"standard","meta":{"colormag_page_container_layout":"default_layout","colormag_page_sidebar_layout":"default_layout","jetpack_post_was_ever_published":false,"_jetpack_newsletter_access":"","_jetpack_dont_email_post_to_subs":false,"_jetpack_newsletter_tier_id":0,"_jetpack_memberships_contains_paywalled_content":false,"_jetpack_memberships_contains_paid_content":false,"footnotes":""},"categories":[45],"tags":[],"class_list":["post-13113","post","type-post","status-publish","format-standard","has-post-thumbnail","hentry","category-variedade"],"jetpack_featured_media_url":"https:\/\/www.tribunanf.com.br\/blogdoralfereis\/wp-content\/uploads\/sites\/11\/2024\/06\/0b5322382ff20feaf5d105f58b6b4c71_Easy-Resize.com_.jpg","jetpack_sharing_enabled":true,"_links":{"self":[{"href":"https:\/\/www.tribunanf.com.br\/blogdoralfereis\/wp-json\/wp\/v2\/posts\/13113","targetHints":{"allow":["GET"]}}],"collection":[{"href":"https:\/\/www.tribunanf.com.br\/blogdoralfereis\/wp-json\/wp\/v2\/posts"}],"about":[{"href":"https:\/\/www.tribunanf.com.br\/blogdoralfereis\/wp-json\/wp\/v2\/types\/post"}],"author":[{"embeddable":true,"href":"https:\/\/www.tribunanf.com.br\/blogdoralfereis\/wp-json\/wp\/v2\/users\/2"}],"replies":[{"embeddable":true,"href":"https:\/\/www.tribunanf.com.br\/blogdoralfereis\/wp-json\/wp\/v2\/comments?post=13113"}],"version-history":[{"count":0,"href":"https:\/\/www.tribunanf.com.br\/blogdoralfereis\/wp-json\/wp\/v2\/posts\/13113\/revisions"}],"wp:featuredmedia":[{"embeddable":true,"href":"https:\/\/www.tribunanf.com.br\/blogdoralfereis\/wp-json\/wp\/v2\/media\/13114"}],"wp:attachment":[{"href":"https:\/\/www.tribunanf.com.br\/blogdoralfereis\/wp-json\/wp\/v2\/media?parent=13113"}],"wp:term":[{"taxonomy":"category","embeddable":true,"href":"https:\/\/www.tribunanf.com.br\/blogdoralfereis\/wp-json\/wp\/v2\/categories?post=13113"},{"taxonomy":"post_tag","embeddable":true,"href":"https:\/\/www.tribunanf.com.br\/blogdoralfereis\/wp-json\/wp\/v2\/tags?post=13113"}],"curies":[{"name":"wp","href":"https:\/\/api.w.org\/{rel}","templated":true}]}}