{"id":13109,"date":"2024-06-10T15:48:09","date_gmt":"2024-06-10T18:48:09","guid":{"rendered":"https:\/\/www.tribunanf.com.br\/blogdoralfereis\/?p=13109"},"modified":"2024-06-10T17:05:19","modified_gmt":"2024-06-10T20:05:19","slug":"ex-governador-garotinho-e-internado-no-rio","status":"publish","type":"post","link":"https:\/\/www.tribunanf.com.br\/blogdoralfereis\/2024\/06\/10\/ex-governador-garotinho-e-internado-no-rio\/","title":{"rendered":"Ex-governador Garotinho \u00e9 internado no Rio"},"content":{"rendered":"<p><img loading=\"lazy\" decoding=\"async\" class=\"aligncenter size-full wp-image-429\" src=\"https:\/\/www.tribunanf.com.br\/blogdoralfereis\/wp-content\/uploads\/sites\/11\/2018\/07\/garotinho.jpg\" alt=\"\" width=\"768\" height=\"512\" srcset=\"https:\/\/www.tribunanf.com.br\/blogdoralfereis\/wp-content\/uploads\/sites\/11\/2018\/07\/garotinho.jpg 768w, https:\/\/www.tribunanf.com.br\/blogdoralfereis\/wp-content\/uploads\/sites\/11\/2018\/07\/garotinho-300x200.jpg 300w\" sizes=\"auto, (max-width: 768px) 100vw, 768px\" \/><\/p>\n<p style=\"text-align: justify;\">O ex-governador do Rio de Janeiro, Anthony Garotinho (Republicanos), de 64 anos, foi internado nesta segunda-feira (10) em um hospital da capital.<\/p>\n<p style=\"text-align: justify;\">A informa\u00e7\u00e3o foi confirmada pela mulher dele, Rosinha Garotinho, que preferiu n\u00e3o divulgar o nome da unidade de sa\u00fade.<\/p>\n<p style=\"text-align: justify;\">Em uma rede social, Rosinha disse que Garotinho se sentiu mal pela manh\u00e3, com fortes dores no peito, e precisar\u00e1 passar por um cateterismo.<\/p>\n<p style=\"text-align: justify;\">&#8220;Aos amigos, o Garotinho encontra-se internado para a realiza\u00e7\u00e3o de um exame de cateterismo. Hoje pela manh\u00e3 quando se preparava para o trabalho sentiu fortes dores no peito e foi conduzido ao hospital. Agradecemos o carinho e ora\u00e7\u00e3o de todos e nos desculpamos pelo cancelamento das agendas previstas para o dia de hoje e amanh\u00e3.&#8221;, informou Rosinha.<\/p>\n<p style=\"text-align: justify;\">Atrav\u00e9s das redes sociais, o prefeito Wladimir Garotinho informou sobre estado de sa\u00fade do pai.<\/p>\n<p style=\"text-align: justify;\">&#8220;Caros amigos, meu pai se sentiu mal pela manh\u00e3 e foi internado na cidade do Rio. Pela manh\u00e3 estive no hospital e conversei com ele, minha m\u00e3e e equipe m\u00e9dica. Ele est\u00e1 bem e est\u00e1vel, amanh\u00e3 passar\u00e1 por um cateterismo e segundo os m\u00e9dicos \u00e9 prov\u00e1vel que tenha sofrido uma pequena isquemia card\u00edaca. Obrigado as muitas mensagens de preocupa\u00e7\u00e3o e carinho, pe\u00e7o que orem por ele, para que tudo corra bem no procedimento que ser\u00e1 realizado. Que Deus o proteja e guarde&#8221;.<\/p>\n","protected":false},"excerpt":{"rendered":"<p>O ex-governador do Rio de Janeiro, Anthony Garotinho (Republicanos), de 64 anos, foi internado nesta segunda-feira (10) em um hospital&#8230;<\/p>\n","protected":false},"author":2,"featured_media":429,"comment_status":"open","ping_status":"open","sticky":false,"template":"","format":"standard","meta":{"colormag_page_container_layout":"default_layout","colormag_page_sidebar_layout":"default_layout","jetpack_post_was_ever_published":false,"_jetpack_newsletter_access":"","_jetpack_dont_email_post_to_subs":false,"_jetpack_newsletter_tier_id":0,"_jetpack_memberships_contains_paywalled_content":false,"_jetpack_memberships_contains_paid_content":false,"footnotes":""},"categories":[2],"tags":[],"class_list":["post-13109","post","type-post","status-publish","format-standard","has-post-thumbnail","hentry","category-politica"],"jetpack_featured_media_url":"https:\/\/www.tribunanf.com.br\/blogdoralfereis\/wp-content\/uploads\/sites\/11\/2018\/07\/garotinho.jpg","jetpack_sharing_enabled":true,"_links":{"self":[{"href":"https:\/\/www.tribunanf.com.br\/blogdoralfereis\/wp-json\/wp\/v2\/posts\/13109","targetHints":{"allow":["GET"]}}],"collection":[{"href":"https:\/\/www.tribunanf.com.br\/blogdoralfereis\/wp-json\/wp\/v2\/posts"}],"about":[{"href":"https:\/\/www.tribunanf.com.br\/blogdoralfereis\/wp-json\/wp\/v2\/types\/post"}],"author":[{"embeddable":true,"href":"https:\/\/www.tribunanf.com.br\/blogdoralfereis\/wp-json\/wp\/v2\/users\/2"}],"replies":[{"embeddable":true,"href":"https:\/\/www.tribunanf.com.br\/blogdoralfereis\/wp-json\/wp\/v2\/comments?post=13109"}],"version-history":[{"count":0,"href":"https:\/\/www.tribunanf.com.br\/blogdoralfereis\/wp-json\/wp\/v2\/posts\/13109\/revisions"}],"wp:featuredmedia":[{"embeddable":true,"href":"https:\/\/www.tribunanf.com.br\/blogdoralfereis\/wp-json\/wp\/v2\/media\/429"}],"wp:attachment":[{"href":"https:\/\/www.tribunanf.com.br\/blogdoralfereis\/wp-json\/wp\/v2\/media?parent=13109"}],"wp:term":[{"taxonomy":"category","embeddable":true,"href":"https:\/\/www.tribunanf.com.br\/blogdoralfereis\/wp-json\/wp\/v2\/categories?post=13109"},{"taxonomy":"post_tag","embeddable":true,"href":"https:\/\/www.tribunanf.com.br\/blogdoralfereis\/wp-json\/wp\/v2\/tags?post=13109"}],"curies":[{"name":"wp","href":"https:\/\/api.w.org\/{rel}","templated":true}]}}