{"id":12979,"date":"2024-05-10T11:21:20","date_gmt":"2024-05-10T14:21:20","guid":{"rendered":"https:\/\/www.tribunanf.com.br\/blogdoralfereis\/?p=12979"},"modified":"2024-05-10T11:21:20","modified_gmt":"2024-05-10T14:21:20","slug":"nota-do-tre-rj-sobre-o-show-do-cantor-bruno-mars","status":"publish","type":"post","link":"https:\/\/www.tribunanf.com.br\/blogdoralfereis\/2024\/05\/10\/nota-do-tre-rj-sobre-o-show-do-cantor-bruno-mars\/","title":{"rendered":"Nota do TRE-RJ sobre o show do cantor Bruno Mars"},"content":{"rendered":"<p><img loading=\"lazy\" decoding=\"async\" class=\"aligncenter size-large wp-image-11143\" src=\"https:\/\/www.tribunanf.com.br\/blogdoralfereis\/wp-content\/uploads\/sites\/11\/2023\/04\/tre_Easy-Resize.com_-1024x613.jpg\" alt=\"\" width=\"800\" height=\"479\" srcset=\"https:\/\/www.tribunanf.com.br\/blogdoralfereis\/wp-content\/uploads\/sites\/11\/2023\/04\/tre_Easy-Resize.com_-1024x613.jpg 1024w, https:\/\/www.tribunanf.com.br\/blogdoralfereis\/wp-content\/uploads\/sites\/11\/2023\/04\/tre_Easy-Resize.com_-300x180.jpg 300w, https:\/\/www.tribunanf.com.br\/blogdoralfereis\/wp-content\/uploads\/sites\/11\/2023\/04\/tre_Easy-Resize.com_-768x460.jpg 768w, https:\/\/www.tribunanf.com.br\/blogdoralfereis\/wp-content\/uploads\/sites\/11\/2023\/04\/tre_Easy-Resize.com_.jpg 1280w\" sizes=\"auto, (max-width: 800px) 100vw, 800px\" \/><\/p>\n<p style=\"text-align: justify;\">A realiza\u00e7\u00e3o das elei\u00e7\u00f5es demanda ampla mobiliza\u00e7\u00e3o das for\u00e7as de seguran\u00e7a, de diferentes perfis e especialidades, que atuam de modo integrado. Uma participa\u00e7\u00e3o que n\u00e3o se restringe \u00e0 desafiadora prote\u00e7\u00e3o dos mais de cinco mil locais de vota\u00e7\u00e3o espalhados pelo estado, onde est\u00e3o cerca de 30 mil se\u00e7\u00f5es eleitorais e votam quase 13 milh\u00f5es de eleitores fluminenses.<\/p>\n<p style=\"text-align: justify;\">A atua\u00e7\u00e3o come\u00e7a bem antes do dia de vota\u00e7\u00e3o e envolve a prote\u00e7\u00e3o de polos e centros de distribui\u00e7\u00e3o de urnas, a escolta e a pr\u00f3pria log\u00edstica de entrega dos aparelhos. Al\u00e9m da fundamental seguran\u00e7a de eleitores e candidatos. \u00c9 necess\u00e1rio lembrar que o per\u00edodo eleitoral ocorre sob a vig\u00eancia de regras espec\u00edficas, que demandam participa\u00e7\u00e3o das for\u00e7as de seguran\u00e7a para preven\u00e7\u00e3o e enfrentamento de il\u00edcitos diversos, que se somam aos de natureza eleitoral.<\/p>\n<p style=\"text-align: justify;\">Garantir que as elei\u00e7\u00f5es transcorram em condi\u00e7\u00f5es tranquilas para todos os envolvidos \u00e9 uma prioridade do Tribunal Regional Eleitoral do Rio de Janeiro (TRE-RJ), que busca trabalhar de maneira coordenada com todos os demais \u00f3rg\u00e3os p\u00fablicos para garantir o \u00eaxito da opera\u00e7\u00e3o, com seus n\u00fameros superlativos.<\/p>\n<p style=\"text-align: justify;\">Tudo isto, reconhecendo que a cidade do Rio de Janeiro vive uma configura\u00e7\u00e3o especialmente desafiadora e particular com rela\u00e7\u00e3o \u00e0 tem\u00e1tica da seguran\u00e7a p\u00fablica. Assim, o TRE-RJ entende que n\u00e3o \u00e9 poss\u00edvel abrir m\u00e3o de nenhum tipo de efetivo dispon\u00edvel para garantir o sucesso das elei\u00e7\u00f5es de outubro. Para que isto aconte\u00e7a, \u00e9 necess\u00e1rio que haja bom senso para a preval\u00eancia do interesse p\u00fablico, sem a realiza\u00e7\u00e3o de grandes eventos simult\u00e2neos, que concorram com as elei\u00e7\u00f5es no emprego de esfor\u00e7os de efetivo e log\u00edstica.<\/p>\n<p style=\"text-align: justify;\">Desta forma, o TRE-RJ apoia e agradece pela decis\u00e3o da Prefeitura do Rio de Janeiro, de n\u00e3o conceder alvar\u00e1 para a realiza\u00e7\u00e3o do show do cantor Bruno Mars em quatro de outubro, a dois dias da realiza\u00e7\u00e3o do primeiro turno. A medida conta tamb\u00e9m com o apoio do Governo do Estado, em fun\u00e7\u00e3o de o evento demandar disponibilidade de efetivo da Pol\u00edcia Militar, o maior entre os que, tradicionalmente, atuam na seguran\u00e7a das elei\u00e7\u00f5es.<\/p>\n<p style=\"text-align: justify;\">A Justi\u00e7a Eleitoral fluminense reconhece a import\u00e2ncia da cultura e o impacto dos eventos na economia de uma cidade com not\u00e1vel voca\u00e7\u00e3o tur\u00edstica. O que n\u00e3o \u00e9 poss\u00edvel \u00e9 permitir que qualquer atividade prejudique o interesse e o esp\u00edrito p\u00fablicos. Especialmente, em um momento no qual todas as escolhas est\u00e3o voltadas para o efetivo exerc\u00edcio da cidadania.<\/p>\n<p style=\"text-align: justify;\">Ascom*<\/p>\n","protected":false},"excerpt":{"rendered":"<p>A realiza\u00e7\u00e3o das elei\u00e7\u00f5es demanda ampla mobiliza\u00e7\u00e3o das for\u00e7as de seguran\u00e7a, de diferentes perfis e especialidades, que atuam de modo&#8230;<\/p>\n","protected":false},"author":2,"featured_media":11143,"comment_status":"open","ping_status":"open","sticky":false,"template":"","format":"standard","meta":{"colormag_page_container_layout":"default_layout","colormag_page_sidebar_layout":"default_layout","jetpack_post_was_ever_published":false,"_jetpack_newsletter_access":"","_jetpack_dont_email_post_to_subs":false,"_jetpack_newsletter_tier_id":0,"_jetpack_memberships_contains_paywalled_content":false,"_jetpack_memberships_contains_paid_content":false,"footnotes":""},"categories":[2],"tags":[],"class_list":["post-12979","post","type-post","status-publish","format-standard","has-post-thumbnail","hentry","category-politica"],"jetpack_featured_media_url":"https:\/\/www.tribunanf.com.br\/blogdoralfereis\/wp-content\/uploads\/sites\/11\/2023\/04\/tre_Easy-Resize.com_.jpg","jetpack_sharing_enabled":true,"_links":{"self":[{"href":"https:\/\/www.tribunanf.com.br\/blogdoralfereis\/wp-json\/wp\/v2\/posts\/12979","targetHints":{"allow":["GET"]}}],"collection":[{"href":"https:\/\/www.tribunanf.com.br\/blogdoralfereis\/wp-json\/wp\/v2\/posts"}],"about":[{"href":"https:\/\/www.tribunanf.com.br\/blogdoralfereis\/wp-json\/wp\/v2\/types\/post"}],"author":[{"embeddable":true,"href":"https:\/\/www.tribunanf.com.br\/blogdoralfereis\/wp-json\/wp\/v2\/users\/2"}],"replies":[{"embeddable":true,"href":"https:\/\/www.tribunanf.com.br\/blogdoralfereis\/wp-json\/wp\/v2\/comments?post=12979"}],"version-history":[{"count":0,"href":"https:\/\/www.tribunanf.com.br\/blogdoralfereis\/wp-json\/wp\/v2\/posts\/12979\/revisions"}],"wp:featuredmedia":[{"embeddable":true,"href":"https:\/\/www.tribunanf.com.br\/blogdoralfereis\/wp-json\/wp\/v2\/media\/11143"}],"wp:attachment":[{"href":"https:\/\/www.tribunanf.com.br\/blogdoralfereis\/wp-json\/wp\/v2\/media?parent=12979"}],"wp:term":[{"taxonomy":"category","embeddable":true,"href":"https:\/\/www.tribunanf.com.br\/blogdoralfereis\/wp-json\/wp\/v2\/categories?post=12979"},{"taxonomy":"post_tag","embeddable":true,"href":"https:\/\/www.tribunanf.com.br\/blogdoralfereis\/wp-json\/wp\/v2\/tags?post=12979"}],"curies":[{"name":"wp","href":"https:\/\/api.w.org\/{rel}","templated":true}]}}