{"id":12975,"date":"2024-05-10T10:35:48","date_gmt":"2024-05-10T13:35:48","guid":{"rendered":"https:\/\/www.tribunanf.com.br\/blogdoralfereis\/?p=12975"},"modified":"2024-05-10T10:35:48","modified_gmt":"2024-05-10T13:35:48","slug":"alvos-de-busca-e-apreensao-da-pf-monitoravam-passos-de-presidente-do-uniao-brasil","status":"publish","type":"post","link":"https:\/\/www.tribunanf.com.br\/blogdoralfereis\/2024\/05\/10\/alvos-de-busca-e-apreensao-da-pf-monitoravam-passos-de-presidente-do-uniao-brasil\/","title":{"rendered":"Alvos de busca e apreens\u00e3o da PF \u2018monitoravam\u2019 passos de presidente do Uni\u00e3o Brasil"},"content":{"rendered":"<p><img loading=\"lazy\" decoding=\"async\" class=\"aligncenter size-large wp-image-12976\" src=\"https:\/\/www.tribunanf.com.br\/blogdoralfereis\/wp-content\/uploads\/sites\/11\/2024\/05\/106023611-luciano-bivar-com-o-antonio-rueda.-foto-reproducao_Easy-Resize.com_-1024x626.jpg\" alt=\"\" width=\"800\" height=\"489\" srcset=\"https:\/\/www.tribunanf.com.br\/blogdoralfereis\/wp-content\/uploads\/sites\/11\/2024\/05\/106023611-luciano-bivar-com-o-antonio-rueda.-foto-reproducao_Easy-Resize.com_-1024x626.jpg 1024w, https:\/\/www.tribunanf.com.br\/blogdoralfereis\/wp-content\/uploads\/sites\/11\/2024\/05\/106023611-luciano-bivar-com-o-antonio-rueda.-foto-reproducao_Easy-Resize.com_-300x184.jpg 300w, https:\/\/www.tribunanf.com.br\/blogdoralfereis\/wp-content\/uploads\/sites\/11\/2024\/05\/106023611-luciano-bivar-com-o-antonio-rueda.-foto-reproducao_Easy-Resize.com_-768x470.jpg 768w, https:\/\/www.tribunanf.com.br\/blogdoralfereis\/wp-content\/uploads\/sites\/11\/2024\/05\/106023611-luciano-bivar-com-o-antonio-rueda.-foto-reproducao_Easy-Resize.com_.jpg 1280w\" sizes=\"auto, (max-width: 800px) 100vw, 800px\" \/><\/p>\n<p style=\"text-align: justify;\">A PF fez buscas e apreens\u00f5es ontem em endere\u00e7os no interior de Pernambuco atr\u00e1s de informa\u00e7\u00f5es sobre homens que estariam monitorando Ant\u00f4nio Rueda, ex-presidente do Uni\u00e3o Brasil, em Bras\u00edlia. As investiga\u00e7\u00f5es est\u00e3o no \u00e2mbito do STF, com o ministro Kassio Nunes Marques, e correm em segredo de Justi\u00e7a<\/p>\n<p style=\"text-align: justify;\">Segundo quem acompanha as investiga\u00e7\u00f5es, a pol\u00edcia fez busca e apreens\u00e3o no s\u00edtio de Jo\u00e3o Paulo da Costa Reis, que fica em Lagoa do Ouro (PE) e em quatro endere\u00e7os do advogado Giovanni Martinovich de Ara\u00fajo Cal\u00e1bria, todos em Pernambuco. As investiga\u00e7\u00f5es apontam que eles estiveram em Bras\u00edlia, onde monitoraram os passos de Rueda.<\/p>\n<p style=\"text-align: justify;\">As investiga\u00e7\u00f5es para apurar amea\u00e7as a Antonio Rueda tiveram in\u00edcio na Pol\u00edcia Civil, mas com o decl\u00ednio da compet\u00eancia para o STF, a investiga\u00e7\u00e3o ficou a cargo da PF. Elas come\u00e7aram em mar\u00e7o, ap\u00f3s Rueda ter a casa incendiada em Pernambuco e ter recebido amea\u00e7as do ex-aliado Luciano Bivar (Uni\u00e3o-PE), ex-presidente do Uni\u00e3o Brasil.<\/p>\n<p style=\"text-align: justify;\">Fonte: Blog do Lauro Jardim, O Globo<\/p>\n","protected":false},"excerpt":{"rendered":"<p>A PF fez buscas e apreens\u00f5es ontem em endere\u00e7os no interior de Pernambuco atr\u00e1s de informa\u00e7\u00f5es sobre homens que estariam&#8230;<\/p>\n","protected":false},"author":2,"featured_media":12976,"comment_status":"open","ping_status":"open","sticky":false,"template":"","format":"standard","meta":{"colormag_page_container_layout":"default_layout","colormag_page_sidebar_layout":"default_layout","jetpack_post_was_ever_published":false,"_jetpack_newsletter_access":"","_jetpack_dont_email_post_to_subs":false,"_jetpack_newsletter_tier_id":0,"_jetpack_memberships_contains_paywalled_content":false,"_jetpack_memberships_contains_paid_content":false,"footnotes":""},"categories":[2],"tags":[],"class_list":["post-12975","post","type-post","status-publish","format-standard","has-post-thumbnail","hentry","category-politica"],"jetpack_featured_media_url":"https:\/\/www.tribunanf.com.br\/blogdoralfereis\/wp-content\/uploads\/sites\/11\/2024\/05\/106023611-luciano-bivar-com-o-antonio-rueda.-foto-reproducao_Easy-Resize.com_.jpg","jetpack_sharing_enabled":true,"_links":{"self":[{"href":"https:\/\/www.tribunanf.com.br\/blogdoralfereis\/wp-json\/wp\/v2\/posts\/12975","targetHints":{"allow":["GET"]}}],"collection":[{"href":"https:\/\/www.tribunanf.com.br\/blogdoralfereis\/wp-json\/wp\/v2\/posts"}],"about":[{"href":"https:\/\/www.tribunanf.com.br\/blogdoralfereis\/wp-json\/wp\/v2\/types\/post"}],"author":[{"embeddable":true,"href":"https:\/\/www.tribunanf.com.br\/blogdoralfereis\/wp-json\/wp\/v2\/users\/2"}],"replies":[{"embeddable":true,"href":"https:\/\/www.tribunanf.com.br\/blogdoralfereis\/wp-json\/wp\/v2\/comments?post=12975"}],"version-history":[{"count":0,"href":"https:\/\/www.tribunanf.com.br\/blogdoralfereis\/wp-json\/wp\/v2\/posts\/12975\/revisions"}],"wp:featuredmedia":[{"embeddable":true,"href":"https:\/\/www.tribunanf.com.br\/blogdoralfereis\/wp-json\/wp\/v2\/media\/12976"}],"wp:attachment":[{"href":"https:\/\/www.tribunanf.com.br\/blogdoralfereis\/wp-json\/wp\/v2\/media?parent=12975"}],"wp:term":[{"taxonomy":"category","embeddable":true,"href":"https:\/\/www.tribunanf.com.br\/blogdoralfereis\/wp-json\/wp\/v2\/categories?post=12975"},{"taxonomy":"post_tag","embeddable":true,"href":"https:\/\/www.tribunanf.com.br\/blogdoralfereis\/wp-json\/wp\/v2\/tags?post=12975"}],"curies":[{"name":"wp","href":"https:\/\/api.w.org\/{rel}","templated":true}]}}