{"id":12948,"date":"2024-05-07T20:19:03","date_gmt":"2024-05-07T23:19:03","guid":{"rendered":"https:\/\/www.tribunanf.com.br\/blogdoralfereis\/?p=12948"},"modified":"2024-05-07T20:19:03","modified_gmt":"2024-05-07T23:19:03","slug":"carmen-lucia-e-eleita-presidente-do-tse-e-promete-honrar-constituicao","status":"publish","type":"post","link":"https:\/\/www.tribunanf.com.br\/blogdoralfereis\/2024\/05\/07\/carmen-lucia-e-eleita-presidente-do-tse-e-promete-honrar-constituicao\/","title":{"rendered":"C\u00e1rmen L\u00facia \u00e9 eleita presidente do TSE e promete &#8216;honrar Constitui\u00e7\u00e3o&#8217;"},"content":{"rendered":"<p><img loading=\"lazy\" decoding=\"async\" class=\"aligncenter size-large wp-image-12949\" src=\"https:\/\/www.tribunanf.com.br\/blogdoralfereis\/wp-content\/uploads\/sites\/11\/2024\/05\/carmem-lucia_Easy-Resize.com_-1024x661.jpg\" alt=\"\" width=\"800\" height=\"516\" srcset=\"https:\/\/www.tribunanf.com.br\/blogdoralfereis\/wp-content\/uploads\/sites\/11\/2024\/05\/carmem-lucia_Easy-Resize.com_-1024x661.jpg 1024w, https:\/\/www.tribunanf.com.br\/blogdoralfereis\/wp-content\/uploads\/sites\/11\/2024\/05\/carmem-lucia_Easy-Resize.com_-300x194.jpg 300w, https:\/\/www.tribunanf.com.br\/blogdoralfereis\/wp-content\/uploads\/sites\/11\/2024\/05\/carmem-lucia_Easy-Resize.com_-768x496.jpg 768w, https:\/\/www.tribunanf.com.br\/blogdoralfereis\/wp-content\/uploads\/sites\/11\/2024\/05\/carmem-lucia_Easy-Resize.com_.jpg 1280w\" sizes=\"auto, (max-width: 800px) 100vw, 800px\" \/><\/p>\n<p style=\"text-align: justify;\">A ministra C\u00e1rmen L\u00facia foi eleita nesta ter\u00e7a-feira como pr\u00f3xima presidente do Tribunal Superior Eleitoral (TSE), e Nunes Marques foi escolhido como vice-presidente. A posse deve ocorrer em junho, quando terminar o mandato do atual presidente, Alexandre de Moraes.<\/p>\n<p style=\"text-align: justify;\">Em breve discurso ap\u00f3s sua escolha, C\u00e1rmen prometeu &#8220;honrar a Constitui\u00e7\u00e3o&#8221;.<\/p>\n<p style=\"text-align: justify;\">\u2014 Eu agrade\u00e7o, em meu nome e do ministro Kassio Nunes Marques, a confian\u00e7a do tribunal, pelos votos que nos foram dados. Nos comprometendo os dois a, como temos feito, honrar a Constitui\u00e7\u00e3o, as leis da Rep\u00fablica e nos comprometer inteiramente com responsabilidade e absoluta dedica\u00e7\u00e3o a que o Tribunal Superior Eleitoral, a Justi\u00e7a Eleitoral brasileira continue a cumprir a sua fun\u00e7\u00e3o constitucional em benef\u00edcio da democracia brasileira.<\/p>\n<p style=\"text-align: justify;\">Alexandre de Moraes ressaltou o fato de que a ministra se tornar\u00e1 a primeira mulher a presidir duas vezes o TSE e afirmou ter tranquilidade em passar o cargo para a colega.<\/p>\n<p style=\"text-align: justify;\">\u2014 Nas m\u00e3os dessa magistrada exemplar, dessa brilhante jurista, dessa professora incompar\u00e1vel, a Justi\u00e7a eleitoral estar\u00e1 em boas m\u00e3os, a democracia brasileira estar\u00e1 em boas m\u00e3os. Repito a tranquilidade, a felicidade e a honra em, daqui a pouco menos de um m\u00eas, transmitir o cargo a Vossa Excel\u00eancia.<\/p>\n","protected":false},"excerpt":{"rendered":"<p>A ministra C\u00e1rmen L\u00facia foi eleita nesta ter\u00e7a-feira como pr\u00f3xima presidente do Tribunal Superior Eleitoral (TSE), e Nunes Marques foi&#8230;<\/p>\n","protected":false},"author":2,"featured_media":12949,"comment_status":"open","ping_status":"open","sticky":false,"template":"","format":"standard","meta":{"colormag_page_container_layout":"default_layout","colormag_page_sidebar_layout":"default_layout","jetpack_post_was_ever_published":false,"_jetpack_newsletter_access":"","_jetpack_dont_email_post_to_subs":false,"_jetpack_newsletter_tier_id":0,"_jetpack_memberships_contains_paywalled_content":false,"_jetpack_memberships_contains_paid_content":false,"footnotes":""},"categories":[2],"tags":[],"class_list":["post-12948","post","type-post","status-publish","format-standard","has-post-thumbnail","hentry","category-politica"],"jetpack_featured_media_url":"https:\/\/www.tribunanf.com.br\/blogdoralfereis\/wp-content\/uploads\/sites\/11\/2024\/05\/carmem-lucia_Easy-Resize.com_.jpg","jetpack_sharing_enabled":true,"_links":{"self":[{"href":"https:\/\/www.tribunanf.com.br\/blogdoralfereis\/wp-json\/wp\/v2\/posts\/12948","targetHints":{"allow":["GET"]}}],"collection":[{"href":"https:\/\/www.tribunanf.com.br\/blogdoralfereis\/wp-json\/wp\/v2\/posts"}],"about":[{"href":"https:\/\/www.tribunanf.com.br\/blogdoralfereis\/wp-json\/wp\/v2\/types\/post"}],"author":[{"embeddable":true,"href":"https:\/\/www.tribunanf.com.br\/blogdoralfereis\/wp-json\/wp\/v2\/users\/2"}],"replies":[{"embeddable":true,"href":"https:\/\/www.tribunanf.com.br\/blogdoralfereis\/wp-json\/wp\/v2\/comments?post=12948"}],"version-history":[{"count":0,"href":"https:\/\/www.tribunanf.com.br\/blogdoralfereis\/wp-json\/wp\/v2\/posts\/12948\/revisions"}],"wp:featuredmedia":[{"embeddable":true,"href":"https:\/\/www.tribunanf.com.br\/blogdoralfereis\/wp-json\/wp\/v2\/media\/12949"}],"wp:attachment":[{"href":"https:\/\/www.tribunanf.com.br\/blogdoralfereis\/wp-json\/wp\/v2\/media?parent=12948"}],"wp:term":[{"taxonomy":"category","embeddable":true,"href":"https:\/\/www.tribunanf.com.br\/blogdoralfereis\/wp-json\/wp\/v2\/categories?post=12948"},{"taxonomy":"post_tag","embeddable":true,"href":"https:\/\/www.tribunanf.com.br\/blogdoralfereis\/wp-json\/wp\/v2\/tags?post=12948"}],"curies":[{"name":"wp","href":"https:\/\/api.w.org\/{rel}","templated":true}]}}