{"id":12943,"date":"2024-05-06T17:33:29","date_gmt":"2024-05-06T20:33:29","guid":{"rendered":"https:\/\/www.tribunanf.com.br\/blogdoralfereis\/?p=12943"},"modified":"2024-05-06T17:33:29","modified_gmt":"2024-05-06T20:33:29","slug":"gilmar-mendes-suspende-investigacoes-contra-eduardo-paes-por-delacao-de-ex-presidente-da-fetranspor","status":"publish","type":"post","link":"https:\/\/www.tribunanf.com.br\/blogdoralfereis\/2024\/05\/06\/gilmar-mendes-suspende-investigacoes-contra-eduardo-paes-por-delacao-de-ex-presidente-da-fetranspor\/","title":{"rendered":"Gilmar Mendes suspende investiga\u00e7\u00f5es contra Eduardo Paes por dela\u00e7\u00e3o de ex-presidente da Fetranspor"},"content":{"rendered":"<p><img loading=\"lazy\" decoding=\"async\" class=\"aligncenter size-large wp-image-12944\" src=\"https:\/\/www.tribunanf.com.br\/blogdoralfereis\/wp-content\/uploads\/sites\/11\/2024\/05\/eduardo-paes_Easy-Resize.com_-1024x576.jpg\" alt=\"\" width=\"800\" height=\"450\" srcset=\"https:\/\/www.tribunanf.com.br\/blogdoralfereis\/wp-content\/uploads\/sites\/11\/2024\/05\/eduardo-paes_Easy-Resize.com_-1024x576.jpg 1024w, https:\/\/www.tribunanf.com.br\/blogdoralfereis\/wp-content\/uploads\/sites\/11\/2024\/05\/eduardo-paes_Easy-Resize.com_-300x169.jpg 300w, https:\/\/www.tribunanf.com.br\/blogdoralfereis\/wp-content\/uploads\/sites\/11\/2024\/05\/eduardo-paes_Easy-Resize.com_-768x432.jpg 768w, https:\/\/www.tribunanf.com.br\/blogdoralfereis\/wp-content\/uploads\/sites\/11\/2024\/05\/eduardo-paes_Easy-Resize.com_.jpg 1280w\" sizes=\"auto, (max-width: 800px) 100vw, 800px\" \/><\/p>\n<p style=\"text-align: justify;\">O ministro Gilmar Mendes, do Supremo Tribunal Federal, suspendeu nesta segunda-feira (6) todas as investiga\u00e7\u00f5es e uma a\u00e7\u00e3o de improbidade administrativa contra o prefeito do Rio, Eduardo Paes, que foram abertas a partir da dela\u00e7\u00e3o premiada de L\u00e9lis Teixeira, ex-presidente da Federa\u00e7\u00e3o das Empresas de Transportes de Passageiros do Estado do Rio de Janeiro (Fetranspor).<\/p>\n<p style=\"text-align: justify;\">O ministro ainda autorizou que os advogados do prefeito tenham acesso aos termos da dela\u00e7\u00e3o premiada que n\u00e3o envolvam dilig\u00eancias que ainda est\u00e3o em andamento.<\/p>\n<p style=\"text-align: justify;\">Em sua dela\u00e7\u00e3o premiada, Teixeira apontou Eduardo Paes como benefici\u00e1rio de um suposto repasse il\u00edcito de R$ 40 milh\u00f5es da Fetranspor a campanha \u00e0 prefeitura em 2012. Na \u00e9poca da dela\u00e7\u00e3o, o prefeito negou irregularidades e disse que todas as contas para essa elei\u00e7\u00e3o tinham sido aprovadas.<\/p>\n<p style=\"text-align: justify;\">Na decis\u00e3o desta segunda, Mendes atendeu a um pedido da defesa de Paes. Segundo o ministro, h\u00e1 ind\u00edcios de que a defesa de Paes foi prejudicada ao longo do processo por uma estrat\u00e9gia do Minist\u00e9rio P\u00fablico, que n\u00e3o teria dado acesso \u00e0 dela\u00e7\u00e3o por mais de quatro anos de forma deliberada.<\/p>\n<p style=\"text-align: justify;\">&#8220;O requerido [Paes] , portanto, suportou uma a\u00e7\u00e3o de improbidade, por todo esse per\u00edodo, sem conhecer os elementos que subsidiaram sua propositura. Por isso, ele tem raz\u00e3o ao indicar n\u00e3o apenas cerceamento de defesa, mas tamb\u00e9m ind\u00edcios de que o material \u00e9 usado com fins pol\u00edticos, para tisnar sua imagem na elei\u00e7\u00e3o municipal de 2024. Afinal, dizem os advogados, n\u00e3o haveria outra raz\u00e3o para que tais elementos fossem ocultados durante toda a instru\u00e7\u00e3o do processo e, logo agora, no in\u00edcio da corrida eleitoral, fossem juntados aos autos da a\u00e7\u00e3o de improbidade, por solicita\u00e7\u00e3o do MP\/RJ&#8221;, escreveu.<\/p>\n<p style=\"text-align: justify;\">Segundo o ministro, &#8220;\u00e9 necess\u00e1rio, portanto, que os advogados tenham acesso ao acordo de L\u00e9lis Teixeira, at\u00e9 mesmo para que tenham instrumentos para exercer uma defesa efetiva, fiscalizando a regularidade das investiga\u00e7\u00f5es e, se for o caso, arguindo a incompet\u00eancia do magistrado que atualmente as supervisiona&#8221;.<\/p>\n<p style=\"text-align: justify;\">Fonte: G1<\/p>\n","protected":false},"excerpt":{"rendered":"<p>O ministro Gilmar Mendes, do Supremo Tribunal Federal, suspendeu nesta segunda-feira (6) todas as investiga\u00e7\u00f5es e uma a\u00e7\u00e3o de improbidade&#8230;<\/p>\n","protected":false},"author":2,"featured_media":12944,"comment_status":"open","ping_status":"open","sticky":false,"template":"","format":"standard","meta":{"colormag_page_container_layout":"default_layout","colormag_page_sidebar_layout":"default_layout","jetpack_post_was_ever_published":false,"_jetpack_newsletter_access":"","_jetpack_dont_email_post_to_subs":false,"_jetpack_newsletter_tier_id":0,"_jetpack_memberships_contains_paywalled_content":false,"_jetpack_memberships_contains_paid_content":false,"footnotes":""},"categories":[2],"tags":[],"class_list":["post-12943","post","type-post","status-publish","format-standard","has-post-thumbnail","hentry","category-politica"],"jetpack_featured_media_url":"https:\/\/www.tribunanf.com.br\/blogdoralfereis\/wp-content\/uploads\/sites\/11\/2024\/05\/eduardo-paes_Easy-Resize.com_.jpg","jetpack_sharing_enabled":true,"_links":{"self":[{"href":"https:\/\/www.tribunanf.com.br\/blogdoralfereis\/wp-json\/wp\/v2\/posts\/12943","targetHints":{"allow":["GET"]}}],"collection":[{"href":"https:\/\/www.tribunanf.com.br\/blogdoralfereis\/wp-json\/wp\/v2\/posts"}],"about":[{"href":"https:\/\/www.tribunanf.com.br\/blogdoralfereis\/wp-json\/wp\/v2\/types\/post"}],"author":[{"embeddable":true,"href":"https:\/\/www.tribunanf.com.br\/blogdoralfereis\/wp-json\/wp\/v2\/users\/2"}],"replies":[{"embeddable":true,"href":"https:\/\/www.tribunanf.com.br\/blogdoralfereis\/wp-json\/wp\/v2\/comments?post=12943"}],"version-history":[{"count":0,"href":"https:\/\/www.tribunanf.com.br\/blogdoralfereis\/wp-json\/wp\/v2\/posts\/12943\/revisions"}],"wp:featuredmedia":[{"embeddable":true,"href":"https:\/\/www.tribunanf.com.br\/blogdoralfereis\/wp-json\/wp\/v2\/media\/12944"}],"wp:attachment":[{"href":"https:\/\/www.tribunanf.com.br\/blogdoralfereis\/wp-json\/wp\/v2\/media?parent=12943"}],"wp:term":[{"taxonomy":"category","embeddable":true,"href":"https:\/\/www.tribunanf.com.br\/blogdoralfereis\/wp-json\/wp\/v2\/categories?post=12943"},{"taxonomy":"post_tag","embeddable":true,"href":"https:\/\/www.tribunanf.com.br\/blogdoralfereis\/wp-json\/wp\/v2\/tags?post=12943"}],"curies":[{"name":"wp","href":"https:\/\/api.w.org\/{rel}","templated":true}]}}