{"id":12899,"date":"2024-04-29T16:52:26","date_gmt":"2024-04-29T19:52:26","guid":{"rendered":"https:\/\/www.tribunanf.com.br\/blogdoralfereis\/?p=12899"},"modified":"2024-04-29T16:52:26","modified_gmt":"2024-04-29T19:52:26","slug":"rioprevidencia-podera-conceder-emprestimo-consignado","status":"publish","type":"post","link":"https:\/\/www.tribunanf.com.br\/blogdoralfereis\/2024\/04\/29\/rioprevidencia-podera-conceder-emprestimo-consignado\/","title":{"rendered":"RioPrevid\u00eancia poder\u00e1 conceder empr\u00e9stimo consignado"},"content":{"rendered":"<p><img loading=\"lazy\" decoding=\"async\" class=\"aligncenter size-large wp-image-12900\" src=\"https:\/\/www.tribunanf.com.br\/blogdoralfereis\/wp-content\/uploads\/sites\/11\/2024\/04\/29042024_162812LP2_Easy-Resize.com_-1024x768.jpg\" alt=\"\" width=\"800\" height=\"600\" srcset=\"https:\/\/www.tribunanf.com.br\/blogdoralfereis\/wp-content\/uploads\/sites\/11\/2024\/04\/29042024_162812LP2_Easy-Resize.com_-1024x768.jpg 1024w, https:\/\/www.tribunanf.com.br\/blogdoralfereis\/wp-content\/uploads\/sites\/11\/2024\/04\/29042024_162812LP2_Easy-Resize.com_-300x225.jpg 300w, https:\/\/www.tribunanf.com.br\/blogdoralfereis\/wp-content\/uploads\/sites\/11\/2024\/04\/29042024_162812LP2_Easy-Resize.com_-768x576.jpg 768w, https:\/\/www.tribunanf.com.br\/blogdoralfereis\/wp-content\/uploads\/sites\/11\/2024\/04\/29042024_162812LP2_Easy-Resize.com_.jpg 1280w\" sizes=\"auto, (max-width: 800px) 100vw, 800px\" \/><\/p>\n<p class=\"margintop11\" style=\"text-align: justify;\">O RioPrevid\u00eancia poder\u00e1 realizar estudos que viabilizem a realiza\u00e7\u00e3o da concess\u00e3o de opera\u00e7\u00f5es de cr\u00e9ditos consignados aos seus segurados. A autoriza\u00e7\u00e3o consta no Projeto de Lei 4.106\/21, de autoria do deputado Luiz Paulo (PSD), que a Assembleia Legislativa do Estado do Rio de Janeiro (Alerj) aprovou nesta segunda-feira (29\/04), em primeira discuss\u00e3o. O texto ainda precisa ser aprovado em segunda discuss\u00e3o pela Casa.<\/p>\n<p class=\"margintop11\" style=\"text-align: justify;\">A medida determina que o RioPrevid\u00eancia tenha, no prazo m\u00e1ximo de 180 dias, que realizar e fazer publicar estudos que viabilizem a realiza\u00e7\u00e3o da concess\u00e3o de opera\u00e7\u00f5es de cr\u00e9ditos consignados aos seus segurados. A norma dever\u00e1 seguir a Emenda Constitucional Federal 103\/19, que regulamenta o novo regime de previd\u00eancia social brasileiro.<\/p>\n<p class=\"margintop11\" style=\"text-align: justify;\">\u201cA norma federal autorizou os regimes pr\u00f3prios de previd\u00eancia a realizar opera\u00e7\u00f5es de empr\u00e9stimo consignado aos seus segurados. Vislumbra-se que tal iniciativa possa trazer benef\u00edcios, tanto para os segurados, quanto para a autarquia respons\u00e1vel por administrar os recursos previdenci\u00e1rios. De um lado, o baixo risco da opera\u00e7\u00e3o, tende a permitir que o segurado possa acessar o empr\u00e9stimo a juros mais baixos que os praticados pelos bancos privados. Por outro lado, as opera\u00e7\u00f5es podem propiciar ao RioPrevid\u00eancia, a obten\u00e7\u00e3o de ganhos financeiros superiores \u00e0queles auferidos nas aplica\u00e7\u00f5es hoje utilizadas\u201d, declarou Luiz Paulo.<\/p>\n<p style=\"text-align: justify;\">Ascom*<\/p>\n","protected":false},"excerpt":{"rendered":"<p>O RioPrevid\u00eancia poder\u00e1 realizar estudos que viabilizem a realiza\u00e7\u00e3o da concess\u00e3o de opera\u00e7\u00f5es de cr\u00e9ditos consignados aos seus segurados. A&#8230;<\/p>\n","protected":false},"author":2,"featured_media":12900,"comment_status":"open","ping_status":"open","sticky":false,"template":"","format":"standard","meta":{"colormag_page_container_layout":"default_layout","colormag_page_sidebar_layout":"default_layout","jetpack_post_was_ever_published":false,"_jetpack_newsletter_access":"","_jetpack_dont_email_post_to_subs":false,"_jetpack_newsletter_tier_id":0,"_jetpack_memberships_contains_paywalled_content":false,"_jetpack_memberships_contains_paid_content":false,"footnotes":""},"categories":[2],"tags":[],"class_list":["post-12899","post","type-post","status-publish","format-standard","has-post-thumbnail","hentry","category-politica"],"jetpack_featured_media_url":"https:\/\/www.tribunanf.com.br\/blogdoralfereis\/wp-content\/uploads\/sites\/11\/2024\/04\/29042024_162812LP2_Easy-Resize.com_.jpg","jetpack_sharing_enabled":true,"_links":{"self":[{"href":"https:\/\/www.tribunanf.com.br\/blogdoralfereis\/wp-json\/wp\/v2\/posts\/12899","targetHints":{"allow":["GET"]}}],"collection":[{"href":"https:\/\/www.tribunanf.com.br\/blogdoralfereis\/wp-json\/wp\/v2\/posts"}],"about":[{"href":"https:\/\/www.tribunanf.com.br\/blogdoralfereis\/wp-json\/wp\/v2\/types\/post"}],"author":[{"embeddable":true,"href":"https:\/\/www.tribunanf.com.br\/blogdoralfereis\/wp-json\/wp\/v2\/users\/2"}],"replies":[{"embeddable":true,"href":"https:\/\/www.tribunanf.com.br\/blogdoralfereis\/wp-json\/wp\/v2\/comments?post=12899"}],"version-history":[{"count":0,"href":"https:\/\/www.tribunanf.com.br\/blogdoralfereis\/wp-json\/wp\/v2\/posts\/12899\/revisions"}],"wp:featuredmedia":[{"embeddable":true,"href":"https:\/\/www.tribunanf.com.br\/blogdoralfereis\/wp-json\/wp\/v2\/media\/12900"}],"wp:attachment":[{"href":"https:\/\/www.tribunanf.com.br\/blogdoralfereis\/wp-json\/wp\/v2\/media?parent=12899"}],"wp:term":[{"taxonomy":"category","embeddable":true,"href":"https:\/\/www.tribunanf.com.br\/blogdoralfereis\/wp-json\/wp\/v2\/categories?post=12899"},{"taxonomy":"post_tag","embeddable":true,"href":"https:\/\/www.tribunanf.com.br\/blogdoralfereis\/wp-json\/wp\/v2\/tags?post=12899"}],"curies":[{"name":"wp","href":"https:\/\/api.w.org\/{rel}","templated":true}]}}