{"id":12894,"date":"2024-04-28T12:11:26","date_gmt":"2024-04-28T15:11:26","guid":{"rendered":"https:\/\/www.tribunanf.com.br\/blogdoralfereis\/?p=12894"},"modified":"2024-04-28T12:11:26","modified_gmt":"2024-04-28T15:11:26","slug":"campos-recebe-r-438-milhoes-em-royalties-nesta-segunda-feira-29","status":"publish","type":"post","link":"https:\/\/www.tribunanf.com.br\/blogdoralfereis\/2024\/04\/28\/campos-recebe-r-438-milhoes-em-royalties-nesta-segunda-feira-29\/","title":{"rendered":"Campos recebe R$ 43,8 milh\u00f5es em royalties nesta segunda-feira (29)"},"content":{"rendered":"<p><img loading=\"lazy\" decoding=\"async\" class=\"aligncenter size-large wp-image-7542\" src=\"https:\/\/www.tribunanf.com.br\/blogdoralfereis\/wp-content\/uploads\/sites\/11\/2021\/09\/prefeitura-campos_Easy-Resize.com-2-1024x682.jpg\" alt=\"\" width=\"800\" height=\"533\" \/><\/p>\n<p style=\"text-align: justify;\">O munic\u00edpio de Campos recebe na pr\u00f3xima segunda-feira, 29, mais R$ 43, 8 milh\u00f5es em royalties. O valor \u00e9 6,3% menor que o repasse do m\u00eas passado, de R$ 46, 8 milh\u00f5es.<\/p>\n<p style=\"text-align: justify;\">Veja outros munic\u00edpios:<\/p>\n<p style=\"text-align: justify;\">S\u00e3o Jo\u00e3o da Barra R$ 17, 1 milh\u00f5es este m\u00eas \u2013 R$ 17,9 milh\u00f5es no anterior (6% a menos)<\/p>\n<p style=\"text-align: justify;\">Maca\u00e9 R$ 71,9 milh\u00f5es este m\u00eas R$ 76,2 milh\u00f5es no anterior (5,6% a menor)<\/p>\n<p style=\"text-align: justify;\">Quissam\u00e3 R$ 12,3 milh\u00f5es este m\u00eas R$ 13 milh\u00f5es no anterior (-5 7%)<\/p>\n<p style=\"text-align: justify;\">Fonte: <a href=\"https:\/\/suzymonteiro.mancheterj.com\/suzy-monteiro\/campos-recebe-mais-r-438-milhoes-em-royalties\/\" target=\"_blank\" rel=\"noopener\">Blog da Suzy Monteiro<\/a><\/p>\n","protected":false},"excerpt":{"rendered":"<p>O munic\u00edpio de Campos recebe na pr\u00f3xima segunda-feira, 29, mais R$ 43, 8 milh\u00f5es em royalties. O valor \u00e9 6,3%&#8230;<\/p>\n","protected":false},"author":2,"featured_media":7542,"comment_status":"open","ping_status":"open","sticky":false,"template":"","format":"standard","meta":{"colormag_page_container_layout":"default_layout","colormag_page_sidebar_layout":"default_layout","jetpack_post_was_ever_published":false,"_jetpack_newsletter_access":"","_jetpack_dont_email_post_to_subs":false,"_jetpack_newsletter_tier_id":0,"_jetpack_memberships_contains_paywalled_content":false,"_jetpack_memberships_contains_paid_content":false,"footnotes":""},"categories":[7],"tags":[],"class_list":["post-12894","post","type-post","status-publish","format-standard","has-post-thumbnail","hentry","category-economia"],"jetpack_featured_media_url":"https:\/\/www.tribunanf.com.br\/blogdoralfereis\/wp-content\/uploads\/sites\/11\/2021\/09\/prefeitura-campos_Easy-Resize.com-2-e1631100523786.jpg","jetpack_sharing_enabled":true,"_links":{"self":[{"href":"https:\/\/www.tribunanf.com.br\/blogdoralfereis\/wp-json\/wp\/v2\/posts\/12894","targetHints":{"allow":["GET"]}}],"collection":[{"href":"https:\/\/www.tribunanf.com.br\/blogdoralfereis\/wp-json\/wp\/v2\/posts"}],"about":[{"href":"https:\/\/www.tribunanf.com.br\/blogdoralfereis\/wp-json\/wp\/v2\/types\/post"}],"author":[{"embeddable":true,"href":"https:\/\/www.tribunanf.com.br\/blogdoralfereis\/wp-json\/wp\/v2\/users\/2"}],"replies":[{"embeddable":true,"href":"https:\/\/www.tribunanf.com.br\/blogdoralfereis\/wp-json\/wp\/v2\/comments?post=12894"}],"version-history":[{"count":0,"href":"https:\/\/www.tribunanf.com.br\/blogdoralfereis\/wp-json\/wp\/v2\/posts\/12894\/revisions"}],"wp:featuredmedia":[{"embeddable":true,"href":"https:\/\/www.tribunanf.com.br\/blogdoralfereis\/wp-json\/wp\/v2\/media\/7542"}],"wp:attachment":[{"href":"https:\/\/www.tribunanf.com.br\/blogdoralfereis\/wp-json\/wp\/v2\/media?parent=12894"}],"wp:term":[{"taxonomy":"category","embeddable":true,"href":"https:\/\/www.tribunanf.com.br\/blogdoralfereis\/wp-json\/wp\/v2\/categories?post=12894"},{"taxonomy":"post_tag","embeddable":true,"href":"https:\/\/www.tribunanf.com.br\/blogdoralfereis\/wp-json\/wp\/v2\/tags?post=12894"}],"curies":[{"name":"wp","href":"https:\/\/api.w.org\/{rel}","templated":true}]}}