{"id":12860,"date":"2024-04-24T15:09:15","date_gmt":"2024-04-24T18:09:15","guid":{"rendered":"https:\/\/www.tribunanf.com.br\/blogdoralfereis\/?p=12860"},"modified":"2024-04-24T16:00:40","modified_gmt":"2024-04-24T19:00:40","slug":"justica-determina-que-municipio-e-previcampos-retornem-pagamento-da-complementacao-dos-servidores-inativos","status":"publish","type":"post","link":"https:\/\/www.tribunanf.com.br\/blogdoralfereis\/2024\/04\/24\/justica-determina-que-municipio-e-previcampos-retornem-pagamento-da-complementacao-dos-servidores-inativos\/","title":{"rendered":"Justi\u00e7a determina que Munic\u00edpio e PreviCampos retornem pagamento da complementa\u00e7\u00e3o dos servidores inativos"},"content":{"rendered":"<p><img loading=\"lazy\" decoding=\"async\" class=\"aligncenter size-large wp-image-12861\" src=\"https:\/\/www.tribunanf.com.br\/blogdoralfereis\/wp-content\/uploads\/sites\/11\/2024\/04\/PreviCampos-Noticia_Easy-Resize.com_-1024x768.jpg\" alt=\"\" width=\"800\" height=\"600\" srcset=\"https:\/\/www.tribunanf.com.br\/blogdoralfereis\/wp-content\/uploads\/sites\/11\/2024\/04\/PreviCampos-Noticia_Easy-Resize.com_-1024x768.jpg 1024w, https:\/\/www.tribunanf.com.br\/blogdoralfereis\/wp-content\/uploads\/sites\/11\/2024\/04\/PreviCampos-Noticia_Easy-Resize.com_-300x225.jpg 300w, https:\/\/www.tribunanf.com.br\/blogdoralfereis\/wp-content\/uploads\/sites\/11\/2024\/04\/PreviCampos-Noticia_Easy-Resize.com_-768x576.jpg 768w, https:\/\/www.tribunanf.com.br\/blogdoralfereis\/wp-content\/uploads\/sites\/11\/2024\/04\/PreviCampos-Noticia_Easy-Resize.com_.jpg 1280w\" sizes=\"auto, (max-width: 800px) 100vw, 800px\" \/><\/p>\n<p style=\"text-align: justify;\">O juiz Eron Simas, da 1\u00aa Vara C\u00edvel de Campos dos Goytacazes, determinou no in\u00edcio da tarde desta quarta-feira (24), que o Munic\u00edpio de Campos e o Instituto de Previd\u00eancia dos Servidores de Campos dos Goytacazes &#8211; PREVICAMPOS, restabele\u00e7am o pagamento da complementa\u00e7\u00e3o previdenci\u00e1ria para os servidores inativos prevista na Lei Municipal n. 8.650\/2015.<\/p>\n<p style=\"text-align: justify;\">O magistrado tamb\u00e9m estabelece multa di\u00e1ria de R$ 1.000,00, limitada a R$ 60.000,00, em caso de descumprimento da decis\u00e3o.<\/p>\n<p style=\"text-align: justify;\">A decis\u00e3o foi atrav\u00e9s de um pedido de Cumprimento Provis\u00f3rio de Senten\u00e7a.<\/p>\n<p style=\"text-align: justify;\">&#8220;<em>Trata-se de pedido de cumprimento provis\u00f3rio de senten\u00e7a que condenou o Munic\u00edpio de Campos dos Goytacazes e o Instituto de Previd\u00eancia dos Servidores de Campos dos Goytacazes &#8211; PREVICAMPOS a restabelecerem o pagamento da complementar previdenci\u00e1ria prevista na Lei Municipal n. 8.650\/2015.<\/em><\/p>\n<p style=\"text-align: justify;\"><em>O art. 2\u00ba-B da Lei n. 9.494\/1997 veda o cumprimento provis\u00f3rio de senten\u00e7a que tenha por objeto a libera\u00e7\u00e3o de recurso, inclus\u00e3o em folha de pagamento, reclassifica\u00e7\u00e3o, equipara\u00e7\u00e3o, concess\u00e3o de aumento ou extens\u00e3o de vantagens a servidores p\u00fablicos. Contudo, de acordo com a jurisprud\u00eancia do Superior Tribunal de Justi\u00e7a, as limita\u00e7\u00f5es acima referidas devem ser interpretadas restritivamente e n\u00e3o se aplicam aos casos de restabelecimento de parcela remunerat\u00f3ria suprimida (AgInt no AREsp n. 1.669.336\/PI, Rel. Min. S\u00e9rgio Kukina, j. 17\/05\/2021).<\/em><\/p>\n<p style=\"text-align: justify;\"><em>No caso em apre\u00e7o, a senten\u00e7a proferida na fase de conhecimento tem por objeto o restabelecimento de parcela remunerat\u00f3ria (complementa\u00e7\u00e3o previdenci\u00e1ria) suprimida pelos r\u00e9us com base em interpreta\u00e7\u00e3o equivocada de decis\u00e3o do Tribunal de Contas do Estado. Logo, revela-se admiss\u00edvel, em princ\u00edpio, o cumprimento provis\u00f3rio da senten\u00e7a no tocante \u00e0 obriga\u00e7\u00e3o de fazer consistente no restabelecimento do benef\u00edcio.<\/em><\/p>\n<p style=\"text-align: justify;\"><em>Intimem-se, pois, o Munic\u00edpio de Campos dos Goytacazes, na pessoa do Prefeito, e o Instituto de Previd\u00eancia dos Servidores Munic\u00edpio de Campos dos Goytacazes &#8211; PREVICAMPOS, na pessoa do Diretor-Presidente, ambos por Oficial de Justi\u00e7a, para, no prazo de 30 dias, restabelecerem da complementa\u00e7\u00e3o previdenci\u00e1ria prevista na Lei Municipal n. 8.650\/2015, com recursos repassados antecipadamente pelo Tesouro Municipal ao PREVICAMPOS, sem compensa\u00e7\u00f5es futuras de aportes, como foi decidido pelo Tribunal de Contas do Estado no Processo TCE-RJ n. 238.535-4\/19, sob pena de multa di\u00e1ria de R$ 1.000,00, limitada a R$ 60.000,00, sem preju\u00edzo da ado\u00e7\u00e3o de outras medidas indutivas, coercitivas, mandamentais ou sub-rogat\u00f3rias necess\u00e1rias para garantir o cumprimento da obriga\u00e7\u00e3o, a serem especificadas oportunamente<\/em>.&#8221;, decidiu o magistrado.<\/p>\n<p>Leia tamb\u00e9m:<\/p>\n<blockquote class=\"wp-embedded-content\" data-secret=\"5xbhHomzyE\"><p><a href=\"https:\/\/www.tribunanf.com.br\/blogdoralfereis\/2024\/04\/24\/prefeito-wladimir-garotinho-anuncia-pagamento-da-complementacao-dos-aposentados-ja-no-proximo-mes\/\">Prefeito Wladimir Garotinho anuncia pagamento da complementa\u00e7\u00e3o dos aposentados j\u00e1 no pr\u00f3ximo m\u00eas<\/a><\/p><\/blockquote>\n<p><iframe loading=\"lazy\" class=\"wp-embedded-content\" sandbox=\"allow-scripts\" security=\"restricted\" style=\"position: absolute; clip: rect(1px, 1px, 1px, 1px);\" title=\"&#8220;Prefeito Wladimir Garotinho anuncia pagamento da complementa\u00e7\u00e3o dos aposentados j\u00e1 no pr\u00f3ximo m\u00eas&#8221; &#8212; Blog do Ralfe Reis\" src=\"https:\/\/www.tribunanf.com.br\/blogdoralfereis\/2024\/04\/24\/prefeito-wladimir-garotinho-anuncia-pagamento-da-complementacao-dos-aposentados-ja-no-proximo-mes\/embed\/#?secret=NRYEoU9EXQ#?secret=5xbhHomzyE\" data-secret=\"5xbhHomzyE\" width=\"600\" height=\"338\" frameborder=\"0\" marginwidth=\"0\" marginheight=\"0\" scrolling=\"no\"><\/iframe><\/p>\n","protected":false},"excerpt":{"rendered":"<p>O juiz Eron Simas, da 1\u00aa Vara C\u00edvel de Campos dos Goytacazes, determinou no in\u00edcio da tarde desta quarta-feira (24),&#8230;<\/p>\n","protected":false},"author":2,"featured_media":12861,"comment_status":"open","ping_status":"open","sticky":false,"template":"","format":"standard","meta":{"colormag_page_container_layout":"default_layout","colormag_page_sidebar_layout":"default_layout","jetpack_post_was_ever_published":false,"_jetpack_newsletter_access":"","_jetpack_dont_email_post_to_subs":false,"_jetpack_newsletter_tier_id":0,"_jetpack_memberships_contains_paywalled_content":false,"_jetpack_memberships_contains_paid_content":false,"footnotes":""},"categories":[2],"tags":[],"class_list":["post-12860","post","type-post","status-publish","format-standard","has-post-thumbnail","hentry","category-politica"],"jetpack_featured_media_url":"https:\/\/www.tribunanf.com.br\/blogdoralfereis\/wp-content\/uploads\/sites\/11\/2024\/04\/PreviCampos-Noticia_Easy-Resize.com_.jpg","jetpack_sharing_enabled":true,"_links":{"self":[{"href":"https:\/\/www.tribunanf.com.br\/blogdoralfereis\/wp-json\/wp\/v2\/posts\/12860","targetHints":{"allow":["GET"]}}],"collection":[{"href":"https:\/\/www.tribunanf.com.br\/blogdoralfereis\/wp-json\/wp\/v2\/posts"}],"about":[{"href":"https:\/\/www.tribunanf.com.br\/blogdoralfereis\/wp-json\/wp\/v2\/types\/post"}],"author":[{"embeddable":true,"href":"https:\/\/www.tribunanf.com.br\/blogdoralfereis\/wp-json\/wp\/v2\/users\/2"}],"replies":[{"embeddable":true,"href":"https:\/\/www.tribunanf.com.br\/blogdoralfereis\/wp-json\/wp\/v2\/comments?post=12860"}],"version-history":[{"count":0,"href":"https:\/\/www.tribunanf.com.br\/blogdoralfereis\/wp-json\/wp\/v2\/posts\/12860\/revisions"}],"wp:featuredmedia":[{"embeddable":true,"href":"https:\/\/www.tribunanf.com.br\/blogdoralfereis\/wp-json\/wp\/v2\/media\/12861"}],"wp:attachment":[{"href":"https:\/\/www.tribunanf.com.br\/blogdoralfereis\/wp-json\/wp\/v2\/media?parent=12860"}],"wp:term":[{"taxonomy":"category","embeddable":true,"href":"https:\/\/www.tribunanf.com.br\/blogdoralfereis\/wp-json\/wp\/v2\/categories?post=12860"},{"taxonomy":"post_tag","embeddable":true,"href":"https:\/\/www.tribunanf.com.br\/blogdoralfereis\/wp-json\/wp\/v2\/tags?post=12860"}],"curies":[{"name":"wp","href":"https:\/\/api.w.org\/{rel}","templated":true}]}}