{"id":12831,"date":"2024-04-15T09:33:36","date_gmt":"2024-04-15T12:33:36","guid":{"rendered":"https:\/\/www.tribunanf.com.br\/blogdoralfereis\/?p=12831"},"modified":"2024-04-15T09:33:36","modified_gmt":"2024-04-15T12:33:36","slug":"prefeitura-de-campos-decreta-ponto-facultativo-na-proxima-segunda","status":"publish","type":"post","link":"https:\/\/www.tribunanf.com.br\/blogdoralfereis\/2024\/04\/15\/prefeitura-de-campos-decreta-ponto-facultativo-na-proxima-segunda\/","title":{"rendered":"Prefeitura de Campos decreta ponto facultativo na pr\u00f3xima segunda"},"content":{"rendered":"<p><img loading=\"lazy\" decoding=\"async\" class=\"aligncenter size-large wp-image-7542\" src=\"https:\/\/www.tribunanf.com.br\/blogdoralfereis\/wp-content\/uploads\/sites\/11\/2021\/09\/prefeitura-campos_Easy-Resize.com-2-1024x682.jpg\" alt=\"\" width=\"800\" height=\"533\" \/><\/p>\n<p style=\"text-align: justify;\">A Prefeitura de Campos publicou no Di\u00e1rio Oficial desta segunda-feira (15) ponto facultativo na pr\u00f3xima segunda-feira (22), nas reparti\u00e7\u00f5es p\u00fablicas dos \u00f3rg\u00e3os e entidades integrantes da administra\u00e7\u00e3o p\u00fablica municipal direta, aut\u00e1rquica e fundacional. O ponto facultativo antecede o feriado estadual de S\u00e3o Jorge.<\/p>\n<p style=\"text-align: justify;\">A medida segue a publica\u00e7\u00e3o no Di\u00e1rio Oficial do Estado do Rio de Janeiro, considerando o decreto n\u00ba 49.040 de 11 de abril, que estabeleceu ponto facultativo no pr\u00f3ximo dia 22, nas reparti\u00e7\u00f5es p\u00fablicas estaduais.<\/p>\n<p style=\"text-align: justify;\">No par\u00e1grafo \u00fanico do decreto municipal n\u00ba 90, nas reparti\u00e7\u00f5es cujas atividades n\u00e3o possam ser suspensas, em virtude de exig\u00eancias t\u00e9cnicas ou por motivo de interesse p\u00fablico, o expediente ser\u00e1 normal, entretanto, sob a responsabilidade dos respectivos chefes. Os servi\u00e7os essenciais, como plant\u00f5es m\u00e9dico hospitalares, funcionar\u00e3o normalmente, sem interrup\u00e7\u00e3o, durante o ponto facultativo.<\/p>\n","protected":false},"excerpt":{"rendered":"<p>A Prefeitura de Campos publicou no Di\u00e1rio Oficial desta segunda-feira (15) ponto facultativo na pr\u00f3xima segunda-feira (22), nas reparti\u00e7\u00f5es p\u00fablicas&#8230;<\/p>\n","protected":false},"author":2,"featured_media":7542,"comment_status":"open","ping_status":"open","sticky":false,"template":"","format":"standard","meta":{"colormag_page_container_layout":"default_layout","colormag_page_sidebar_layout":"default_layout","jetpack_post_was_ever_published":false,"_jetpack_newsletter_access":"","_jetpack_dont_email_post_to_subs":false,"_jetpack_newsletter_tier_id":0,"_jetpack_memberships_contains_paywalled_content":false,"_jetpack_memberships_contains_paid_content":false,"footnotes":""},"categories":[45],"tags":[],"class_list":["post-12831","post","type-post","status-publish","format-standard","has-post-thumbnail","hentry","category-variedade"],"jetpack_featured_media_url":"https:\/\/www.tribunanf.com.br\/blogdoralfereis\/wp-content\/uploads\/sites\/11\/2021\/09\/prefeitura-campos_Easy-Resize.com-2-e1631100523786.jpg","jetpack_sharing_enabled":true,"_links":{"self":[{"href":"https:\/\/www.tribunanf.com.br\/blogdoralfereis\/wp-json\/wp\/v2\/posts\/12831","targetHints":{"allow":["GET"]}}],"collection":[{"href":"https:\/\/www.tribunanf.com.br\/blogdoralfereis\/wp-json\/wp\/v2\/posts"}],"about":[{"href":"https:\/\/www.tribunanf.com.br\/blogdoralfereis\/wp-json\/wp\/v2\/types\/post"}],"author":[{"embeddable":true,"href":"https:\/\/www.tribunanf.com.br\/blogdoralfereis\/wp-json\/wp\/v2\/users\/2"}],"replies":[{"embeddable":true,"href":"https:\/\/www.tribunanf.com.br\/blogdoralfereis\/wp-json\/wp\/v2\/comments?post=12831"}],"version-history":[{"count":0,"href":"https:\/\/www.tribunanf.com.br\/blogdoralfereis\/wp-json\/wp\/v2\/posts\/12831\/revisions"}],"wp:featuredmedia":[{"embeddable":true,"href":"https:\/\/www.tribunanf.com.br\/blogdoralfereis\/wp-json\/wp\/v2\/media\/7542"}],"wp:attachment":[{"href":"https:\/\/www.tribunanf.com.br\/blogdoralfereis\/wp-json\/wp\/v2\/media?parent=12831"}],"wp:term":[{"taxonomy":"category","embeddable":true,"href":"https:\/\/www.tribunanf.com.br\/blogdoralfereis\/wp-json\/wp\/v2\/categories?post=12831"},{"taxonomy":"post_tag","embeddable":true,"href":"https:\/\/www.tribunanf.com.br\/blogdoralfereis\/wp-json\/wp\/v2\/tags?post=12831"}],"curies":[{"name":"wp","href":"https:\/\/api.w.org\/{rel}","templated":true}]}}