{"id":12795,"date":"2024-04-08T14:08:21","date_gmt":"2024-04-08T17:08:21","guid":{"rendered":"https:\/\/www.tribunanf.com.br\/blogdoralfereis\/?p=12795"},"modified":"2024-04-08T17:22:40","modified_gmt":"2024-04-08T20:22:40","slug":"avante-entra-para-o-arco-de-aliancas-da-pre-candidatura-a-reeleicao-de-wladimir-garotinho","status":"publish","type":"post","link":"https:\/\/www.tribunanf.com.br\/blogdoralfereis\/2024\/04\/08\/avante-entra-para-o-arco-de-aliancas-da-pre-candidatura-a-reeleicao-de-wladimir-garotinho\/","title":{"rendered":"Avante entra para o arco de alian\u00e7as da pr\u00e9-candidatura \u00e0 reelei\u00e7\u00e3o de Wladimir Garotinho"},"content":{"rendered":"<figure id=\"attachment_12796\" aria-describedby=\"caption-attachment-12796\" style=\"width: 800px\" class=\"wp-caption aligncenter\"><img loading=\"lazy\" decoding=\"async\" class=\"size-large wp-image-12796\" src=\"https:\/\/www.tribunanf.com.br\/blogdoralfereis\/wp-content\/uploads\/sites\/11\/2024\/04\/WhatsApp-Image-2024-04-08-at-13.36.19_Easy-Resize.com_-1024x712.jpg\" alt=\"\" width=\"800\" height=\"556\" srcset=\"https:\/\/www.tribunanf.com.br\/blogdoralfereis\/wp-content\/uploads\/sites\/11\/2024\/04\/WhatsApp-Image-2024-04-08-at-13.36.19_Easy-Resize.com_-1024x712.jpg 1024w, https:\/\/www.tribunanf.com.br\/blogdoralfereis\/wp-content\/uploads\/sites\/11\/2024\/04\/WhatsApp-Image-2024-04-08-at-13.36.19_Easy-Resize.com_-300x209.jpg 300w, https:\/\/www.tribunanf.com.br\/blogdoralfereis\/wp-content\/uploads\/sites\/11\/2024\/04\/WhatsApp-Image-2024-04-08-at-13.36.19_Easy-Resize.com_-768x534.jpg 768w, https:\/\/www.tribunanf.com.br\/blogdoralfereis\/wp-content\/uploads\/sites\/11\/2024\/04\/WhatsApp-Image-2024-04-08-at-13.36.19_Easy-Resize.com_-392x272.jpg 392w, https:\/\/www.tribunanf.com.br\/blogdoralfereis\/wp-content\/uploads\/sites\/11\/2024\/04\/WhatsApp-Image-2024-04-08-at-13.36.19_Easy-Resize.com_-130x90.jpg 130w, https:\/\/www.tribunanf.com.br\/blogdoralfereis\/wp-content\/uploads\/sites\/11\/2024\/04\/WhatsApp-Image-2024-04-08-at-13.36.19_Easy-Resize.com_.jpg 1280w\" sizes=\"auto, (max-width: 800px) 100vw, 800px\" \/><figcaption id=\"caption-attachment-12796\" class=\"wp-caption-text\">Foto: Ex-presidente estadual Vin\u00edcius Cordeiro, presidenta da sigla em Campos Seleana e o presidente nacional Luis Tib\u00e9<\/figcaption><\/figure>\n<p style=\"text-align: justify;\">O partido Avante entrou para o arco de alian\u00e7as da pr\u00e9-candidatura \u00e0 reelei\u00e7\u00e3o do prefeito de Campos dos Goytacazes Wladimir Garotinho (PP).<\/p>\n<p style=\"text-align: justify;\">O presidente nacional da sigla, Lu\u00eds Tib\u00e9, reuniu os diret\u00f3rios do estado do Rio na \u00faltima semana, e anunciou a recondu\u00e7\u00e3o de Seleana Moreira Bastos para a presid\u00eancia do partido na Plan\u00edcie Goitac\u00e1. O encontro foi na Casa Novo Hotel, Centro do Rio de Janeiro.<\/p>\n<p style=\"text-align: justify;\">Seleana \u00e9 aliada de primeira hora dos Garotinho.<\/p>\n<p style=\"text-align: justify;\">&#8220;Me sinto honrada por ter sido reconduzida ao cargo no encontro estadual do Avante no in\u00edcio do m\u00eas no Rio pelo presidente nacional do o Deputado Federal Luis Tib\u00e9, partido ao qual sou filiada desde 2011. Nas elei\u00e7\u00f5es o partido vai caminhar com o prefeito Wladiimir Garotinho, e trabalhar para sua reelei\u00e7\u00e3o visando a continuidade do crescimento da nossa cidade.&#8221;, disse Seleana.<\/p>\n<p style=\"text-align: justify;\"><strong>Presidenta eleita enfrentou os Braz\u00e3o<\/strong><\/p>\n<p style=\"text-align: justify;\">Para quem n\u00e3o se lembra, Seleana foi eleita para o diret\u00f3rio municipal do Avante em 2019, mas foi destitu\u00edda do cargo por ordem da fam\u00edlia Braz\u00e3o, que na \u00e9poca entregou o partido para um not\u00f3rio empreiteiro de Campos.<\/p>\n<p style=\"text-align: justify;\">Presidenta eleita, Moreira enfrentou os Braz\u00e3o e levou o caso para a justi\u00e7a, onde saiu vencedora na queda de bra\u00e7o com a poderosa e perigosa fam\u00edlia. Relembre <strong><a href=\"https:\/\/www.tribunanf.com.br\/blogdoralfereis\/2020\/07\/14\/seleana-no-comando-do-avante\/\">AQU<\/a><\/strong>I, <strong><a href=\"https:\/\/www.tribunanf.com.br\/blogdoralfereis\/2020\/04\/02\/avante-de-campos-sub-judice\/\">AQUI<\/a><\/strong>, e <strong><a href=\"https:\/\/www.tribunanf.com.br\/blogdoralfereis\/2020\/03\/31\/abinho-pega-partido-ligado-a-wladimir\/\">AQUI<\/a><\/strong>. Posteriormente, Seleana saiu da presid\u00eancia do partido.<\/p>\n<p style=\"text-align: justify;\"><strong>Arco de Alian\u00e7as<\/strong><\/p>\n<p style=\"text-align: justify;\">O prefeito Wladimir Garotinho tem no seu arco de alian\u00e7as os partidos Avante, Agir, MDB, Podemos, PDT, Republicanos, PP e PL.<\/p>\n<p>Confira o documento: <a href=\"https:\/\/www.tribunanf.com.br\/blogdoralfereis\/wp-content\/uploads\/sites\/11\/2024\/04\/Campos-Avante-cert-TSE-09-24.pdf\">Campos Avante cert TSE 09 24<\/a><\/p>\n","protected":false},"excerpt":{"rendered":"<p>O partido Avante entrou para o arco de alian\u00e7as da pr\u00e9-candidatura \u00e0 reelei\u00e7\u00e3o do prefeito de Campos dos Goytacazes Wladimir&#8230;<\/p>\n","protected":false},"author":2,"featured_media":12796,"comment_status":"open","ping_status":"open","sticky":false,"template":"","format":"standard","meta":{"colormag_page_container_layout":"default_layout","colormag_page_sidebar_layout":"default_layout","jetpack_post_was_ever_published":false,"_jetpack_newsletter_access":"","_jetpack_dont_email_post_to_subs":false,"_jetpack_newsletter_tier_id":0,"_jetpack_memberships_contains_paywalled_content":false,"_jetpack_memberships_contains_paid_content":false,"footnotes":""},"categories":[2],"tags":[],"class_list":["post-12795","post","type-post","status-publish","format-standard","has-post-thumbnail","hentry","category-politica"],"jetpack_featured_media_url":"https:\/\/www.tribunanf.com.br\/blogdoralfereis\/wp-content\/uploads\/sites\/11\/2024\/04\/WhatsApp-Image-2024-04-08-at-13.36.19_Easy-Resize.com_.jpg","jetpack_sharing_enabled":true,"_links":{"self":[{"href":"https:\/\/www.tribunanf.com.br\/blogdoralfereis\/wp-json\/wp\/v2\/posts\/12795","targetHints":{"allow":["GET"]}}],"collection":[{"href":"https:\/\/www.tribunanf.com.br\/blogdoralfereis\/wp-json\/wp\/v2\/posts"}],"about":[{"href":"https:\/\/www.tribunanf.com.br\/blogdoralfereis\/wp-json\/wp\/v2\/types\/post"}],"author":[{"embeddable":true,"href":"https:\/\/www.tribunanf.com.br\/blogdoralfereis\/wp-json\/wp\/v2\/users\/2"}],"replies":[{"embeddable":true,"href":"https:\/\/www.tribunanf.com.br\/blogdoralfereis\/wp-json\/wp\/v2\/comments?post=12795"}],"version-history":[{"count":0,"href":"https:\/\/www.tribunanf.com.br\/blogdoralfereis\/wp-json\/wp\/v2\/posts\/12795\/revisions"}],"wp:featuredmedia":[{"embeddable":true,"href":"https:\/\/www.tribunanf.com.br\/blogdoralfereis\/wp-json\/wp\/v2\/media\/12796"}],"wp:attachment":[{"href":"https:\/\/www.tribunanf.com.br\/blogdoralfereis\/wp-json\/wp\/v2\/media?parent=12795"}],"wp:term":[{"taxonomy":"category","embeddable":true,"href":"https:\/\/www.tribunanf.com.br\/blogdoralfereis\/wp-json\/wp\/v2\/categories?post=12795"},{"taxonomy":"post_tag","embeddable":true,"href":"https:\/\/www.tribunanf.com.br\/blogdoralfereis\/wp-json\/wp\/v2\/tags?post=12795"}],"curies":[{"name":"wp","href":"https:\/\/api.w.org\/{rel}","templated":true}]}}