{"id":12791,"date":"2024-04-08T12:27:44","date_gmt":"2024-04-08T15:27:44","guid":{"rendered":"https:\/\/www.tribunanf.com.br\/blogdoralfereis\/?p=12791"},"modified":"2024-04-08T12:27:44","modified_gmt":"2024-04-08T15:27:44","slug":"uniao-brasil-tera-o-vice-na-chapa-da-prefeita-fatima-em-quissama","status":"publish","type":"post","link":"https:\/\/www.tribunanf.com.br\/blogdoralfereis\/2024\/04\/08\/uniao-brasil-tera-o-vice-na-chapa-da-prefeita-fatima-em-quissama\/","title":{"rendered":"Uni\u00e3o Brasil ter\u00e1 o vice na chapa da prefeita F\u00e1tima em Quissam\u00e3"},"content":{"rendered":"<p><img loading=\"lazy\" decoding=\"async\" class=\"aligncenter size-large wp-image-12792\" src=\"https:\/\/www.tribunanf.com.br\/blogdoralfereis\/wp-content\/uploads\/sites\/11\/2024\/04\/WhatsApp-Image-2024-04-08-at-10.38.06-860x755_Easy-Resize.com_-1024x899.jpg\" alt=\"\" width=\"800\" height=\"702\" srcset=\"https:\/\/www.tribunanf.com.br\/blogdoralfereis\/wp-content\/uploads\/sites\/11\/2024\/04\/WhatsApp-Image-2024-04-08-at-10.38.06-860x755_Easy-Resize.com_-1024x899.jpg 1024w, https:\/\/www.tribunanf.com.br\/blogdoralfereis\/wp-content\/uploads\/sites\/11\/2024\/04\/WhatsApp-Image-2024-04-08-at-10.38.06-860x755_Easy-Resize.com_-300x263.jpg 300w, https:\/\/www.tribunanf.com.br\/blogdoralfereis\/wp-content\/uploads\/sites\/11\/2024\/04\/WhatsApp-Image-2024-04-08-at-10.38.06-860x755_Easy-Resize.com_-768x674.jpg 768w, https:\/\/www.tribunanf.com.br\/blogdoralfereis\/wp-content\/uploads\/sites\/11\/2024\/04\/WhatsApp-Image-2024-04-08-at-10.38.06-860x755_Easy-Resize.com_.jpg 1280w\" sizes=\"auto, (max-width: 800px) 100vw, 800px\" \/><\/p>\n<p style=\"text-align: justify;\">O grupo pol\u00edtico da prefeita de Quissam\u00e3, F\u00e1tima Pacheco, definiu que o Uni\u00e3o Brasil ser\u00e1 o partido do vice na chapa da sua sucess\u00e3o. O pr\u00e9-candidato \u00e0 Prefeitura \u00e9 o atual vice-prefeito, Marcelo Batista, que se filiou recentemente ao Partido Progressistas, a convite do deputado federal Doutor Luizinho.<\/p>\n<p style=\"text-align: justify;\">Nas \u00faltimas semanas, F\u00e1tima e Marcelo tomaram a decis\u00e3o em encontros com Rodrigo Bacellar, presidente da Alerj e presidente do Uni\u00e3o Brasil do Rio. O partido tem avan\u00e7ado em diversos munic\u00edpios do estado.<\/p>\n<p style=\"text-align: justify;\">O nome do vice ainda ser\u00e1 definido nas pr\u00f3ximas semanas. Secret\u00e1rios municipais que se destacaram na Prefeitura e no ambiente pol\u00edtico do munic\u00edpio do Norte Fluminense se filiaram ao Uni\u00e3o e disputam a vaga para as elei\u00e7\u00f5es deste ano.<\/p>\n<p style=\"text-align: justify;\">Fonte: Manchete RJ<\/p>\n","protected":false},"excerpt":{"rendered":"<p>O grupo pol\u00edtico da prefeita de Quissam\u00e3, F\u00e1tima Pacheco, definiu que o Uni\u00e3o Brasil ser\u00e1 o partido do vice na&#8230;<\/p>\n","protected":false},"author":2,"featured_media":12792,"comment_status":"open","ping_status":"open","sticky":false,"template":"","format":"standard","meta":{"colormag_page_container_layout":"default_layout","colormag_page_sidebar_layout":"default_layout","jetpack_post_was_ever_published":false,"_jetpack_newsletter_access":"","_jetpack_dont_email_post_to_subs":false,"_jetpack_newsletter_tier_id":0,"_jetpack_memberships_contains_paywalled_content":false,"_jetpack_memberships_contains_paid_content":false,"footnotes":""},"categories":[2],"tags":[],"class_list":["post-12791","post","type-post","status-publish","format-standard","has-post-thumbnail","hentry","category-politica"],"jetpack_featured_media_url":"https:\/\/www.tribunanf.com.br\/blogdoralfereis\/wp-content\/uploads\/sites\/11\/2024\/04\/WhatsApp-Image-2024-04-08-at-10.38.06-860x755_Easy-Resize.com_.jpg","jetpack_sharing_enabled":true,"_links":{"self":[{"href":"https:\/\/www.tribunanf.com.br\/blogdoralfereis\/wp-json\/wp\/v2\/posts\/12791","targetHints":{"allow":["GET"]}}],"collection":[{"href":"https:\/\/www.tribunanf.com.br\/blogdoralfereis\/wp-json\/wp\/v2\/posts"}],"about":[{"href":"https:\/\/www.tribunanf.com.br\/blogdoralfereis\/wp-json\/wp\/v2\/types\/post"}],"author":[{"embeddable":true,"href":"https:\/\/www.tribunanf.com.br\/blogdoralfereis\/wp-json\/wp\/v2\/users\/2"}],"replies":[{"embeddable":true,"href":"https:\/\/www.tribunanf.com.br\/blogdoralfereis\/wp-json\/wp\/v2\/comments?post=12791"}],"version-history":[{"count":0,"href":"https:\/\/www.tribunanf.com.br\/blogdoralfereis\/wp-json\/wp\/v2\/posts\/12791\/revisions"}],"wp:featuredmedia":[{"embeddable":true,"href":"https:\/\/www.tribunanf.com.br\/blogdoralfereis\/wp-json\/wp\/v2\/media\/12792"}],"wp:attachment":[{"href":"https:\/\/www.tribunanf.com.br\/blogdoralfereis\/wp-json\/wp\/v2\/media?parent=12791"}],"wp:term":[{"taxonomy":"category","embeddable":true,"href":"https:\/\/www.tribunanf.com.br\/blogdoralfereis\/wp-json\/wp\/v2\/categories?post=12791"},{"taxonomy":"post_tag","embeddable":true,"href":"https:\/\/www.tribunanf.com.br\/blogdoralfereis\/wp-json\/wp\/v2\/tags?post=12791"}],"curies":[{"name":"wp","href":"https:\/\/api.w.org\/{rel}","templated":true}]}}