{"id":12749,"date":"2024-04-02T21:47:37","date_gmt":"2024-04-03T00:47:37","guid":{"rendered":"https:\/\/www.tribunanf.com.br\/blogdoralfereis\/?p=12749"},"modified":"2024-04-02T21:49:55","modified_gmt":"2024-04-03T00:49:55","slug":"em-alegacoes-finais-mp-eleitoral-pede-a-cassacao-de-claudio-castro-e-thiago-pampolha-veja-o-parecer","status":"publish","type":"post","link":"https:\/\/www.tribunanf.com.br\/blogdoralfereis\/2024\/04\/02\/em-alegacoes-finais-mp-eleitoral-pede-a-cassacao-de-claudio-castro-e-thiago-pampolha-veja-o-parecer\/","title":{"rendered":"Em alega\u00e7\u00f5es finais, MP Eleitoral pede a cassa\u00e7\u00e3o de Cl\u00e1udio Castro e Thiago Pampolha; veja o parecer"},"content":{"rendered":"<p><img loading=\"lazy\" decoding=\"async\" class=\"aligncenter size-full wp-image-10920\" src=\"https:\/\/www.tribunanf.com.br\/blogdoralfereis\/wp-content\/uploads\/sites\/11\/2023\/02\/o-governador-claudio-castro-e-seu-novo-vice-thiago-pampolha.jpeg.jpg\" alt=\"\" width=\"976\" height=\"550\" srcset=\"https:\/\/www.tribunanf.com.br\/blogdoralfereis\/wp-content\/uploads\/sites\/11\/2023\/02\/o-governador-claudio-castro-e-seu-novo-vice-thiago-pampolha.jpeg.jpg 976w, https:\/\/www.tribunanf.com.br\/blogdoralfereis\/wp-content\/uploads\/sites\/11\/2023\/02\/o-governador-claudio-castro-e-seu-novo-vice-thiago-pampolha.jpeg-300x169.jpg 300w, https:\/\/www.tribunanf.com.br\/blogdoralfereis\/wp-content\/uploads\/sites\/11\/2023\/02\/o-governador-claudio-castro-e-seu-novo-vice-thiago-pampolha.jpeg-768x433.jpg 768w\" sizes=\"auto, (max-width: 976px) 100vw, 976px\" \/><\/p>\n<p style=\"text-align: justify;\">A A\u00e7\u00e3o de Investiga\u00e7\u00e3o Judicial Eleitoral (AIJE) proposta pelo ent\u00e3o candidato ao governo do estado Marcelo Freixo contra o governador Cl\u00e1udio Castro e o vice Thiago Pampolha, chegou \u00e0 fase final.<\/p>\n<p style=\"text-align: justify;\">Na Aije, Freixo acusa Castro e Pampolha de usarem os programas da Funda\u00e7\u00e3o Ceperj para vencer as elei\u00e7\u00f5es de 2022. O caso ganhou destaque na m\u00eddia nacional na \u00e9poca dos fatos.<\/p>\n<p style=\"text-align: justify;\">Em alega\u00e7\u00f5es finais protocolizada nesta ter\u00e7a-feira (2), a Procuradoria Regional Eleitoral rebateu os argumentos das defesas de Castro e Pampolha e pediu a cassa\u00e7\u00e3o da chapa e a inelegibilidade por oito anos.<\/p>\n<p style=\"text-align: justify;\">Conforme o blog mostrou, a defesa de Castro e Pampolha pediu a incompet\u00eancia da Justi\u00e7a Eleitoral para julgar o caso ou improced\u00eancia da a\u00e7\u00e3o (<strong><a href=\"https:\/\/www.tribunanf.com.br\/blogdoralfereis\/2024\/03\/18\/aije-de-freixo-contra-castro-e-pampolha-chega-a-fase-de-alegacoes-finais-pampolha-pede-incompetencia-da-justica-eleitoral-e-improcedencia-da-acao\/\">AQUI<\/a><\/strong>).<\/p>\n<p style=\"text-align: justify;\">Com as alega\u00e7\u00f5es finais, o processo deve ser julgado em breve pelo Tribunal Regional Eleitoral do Rio de janeiro.<\/p>\n<p style=\"text-align: justify;\">&#8220;<em>Assim, os elementos colhidos, e analisados em conjunto, evidenciam que os investigados CL\u00c1UDIO BONFIM DE CASTRO E SILVA e THIAGO PAMPOLHA GON\u00c7ALVES, com o aux\u00edlio direto de GABRIEL RODRIGUES LOPES, perpetraram o esquema il\u00edcito acima delineado a fim de utilizar a m\u00e1quina p\u00fablica, \u00e0 exclusiva disposi\u00e7\u00e3o dos investigados, para obter vantagens financeiras il\u00edcitas com recursos p\u00fablicos e lograrem \u00eaxito na reelei\u00e7\u00e3o ao Governo do Estado, nas Elei\u00e7\u00f5es Gerais de 2022.<\/em><\/p>\n<p style=\"text-align: justify;\"><em>III &#8211; Pedidos Ante o exposto, a Procuradoria Regional Eleitoral opina pela rejei\u00e7\u00e3o das preliminares ventiladas pelos investigados e, no m\u00e9rito, pela parcial proced\u00eancia dos pedidos formulados na inicial e, por conseguinte:<\/em><\/p>\n<ol style=\"text-align: justify;\" start=\"9\">\n<li><em>o reconhecimento das pr\u00e1ticas de abusos de poder pol\u00edtico e econ\u00f4mico (art. 14, \u00a7 9\u00ba da CF\/88 c\/c art. 22 da Lei Complementar n\u00ba 64\/90), e as condutas vedadas tipificadas com vi\u00e9s de abuso de poder pol\u00edtico e econ\u00f4mico (artigos 73, incisos IV e V, \u00a710, da Lei n\u00ba 9.504\/97 c\/c art. 22, da Lei Complementar n\u00b0 64\/90;<\/em><\/li>\n<li><em>ii) a cassa\u00e7\u00e3o dos diplomas dos investigados eleitos CL\u00c1UDIO BOMFIM DE CASTRO E SILVA e THIAGO PAMPOLHA GON\u00c7ALVES;<\/em><\/li>\n<\/ol>\n<ul style=\"text-align: justify;\">\n<li style=\"text-align: justify;\"><em>iii) a declara\u00e7\u00e3o de inelegibilidade dos investigados CL\u00c1UDIO BOMFIM DE CASTRO E SILVA, THIAGO PAMPOLHA GON\u00c7ALVES e GABRIEL RODRIGUES LOPES, pelo per\u00edodo de 8 anos subsequentes \u00e0 de 2022; e iv) a aplica\u00e7\u00e3o de multa aos investigados, no patamar m\u00e1ximo fixado pela legisla\u00e7\u00e3o.<\/em>&#8220;<\/li>\n<\/ul>\n<p style=\"text-align: justify;\">Confira o parecer: <a href=\"https:\/\/www.tribunanf.com.br\/blogdoralfereis\/wp-content\/uploads\/sites\/11\/2024\/04\/Parecer-MP-Eleitoral.pdf\">Parecer MP Eleitoral<\/a><\/p>\n","protected":false},"excerpt":{"rendered":"<p>A A\u00e7\u00e3o de Investiga\u00e7\u00e3o Judicial Eleitoral (AIJE) proposta pelo ent\u00e3o candidato ao governo do estado Marcelo Freixo contra o governador&#8230;<\/p>\n","protected":false},"author":2,"featured_media":10920,"comment_status":"open","ping_status":"open","sticky":false,"template":"","format":"standard","meta":{"colormag_page_container_layout":"default_layout","colormag_page_sidebar_layout":"default_layout","jetpack_post_was_ever_published":false,"_jetpack_newsletter_access":"","_jetpack_dont_email_post_to_subs":false,"_jetpack_newsletter_tier_id":0,"_jetpack_memberships_contains_paywalled_content":false,"_jetpack_memberships_contains_paid_content":false,"footnotes":""},"categories":[2],"tags":[],"class_list":["post-12749","post","type-post","status-publish","format-standard","has-post-thumbnail","hentry","category-politica"],"jetpack_featured_media_url":"https:\/\/www.tribunanf.com.br\/blogdoralfereis\/wp-content\/uploads\/sites\/11\/2023\/02\/o-governador-claudio-castro-e-seu-novo-vice-thiago-pampolha.jpeg.jpg","jetpack_sharing_enabled":true,"_links":{"self":[{"href":"https:\/\/www.tribunanf.com.br\/blogdoralfereis\/wp-json\/wp\/v2\/posts\/12749","targetHints":{"allow":["GET"]}}],"collection":[{"href":"https:\/\/www.tribunanf.com.br\/blogdoralfereis\/wp-json\/wp\/v2\/posts"}],"about":[{"href":"https:\/\/www.tribunanf.com.br\/blogdoralfereis\/wp-json\/wp\/v2\/types\/post"}],"author":[{"embeddable":true,"href":"https:\/\/www.tribunanf.com.br\/blogdoralfereis\/wp-json\/wp\/v2\/users\/2"}],"replies":[{"embeddable":true,"href":"https:\/\/www.tribunanf.com.br\/blogdoralfereis\/wp-json\/wp\/v2\/comments?post=12749"}],"version-history":[{"count":0,"href":"https:\/\/www.tribunanf.com.br\/blogdoralfereis\/wp-json\/wp\/v2\/posts\/12749\/revisions"}],"wp:featuredmedia":[{"embeddable":true,"href":"https:\/\/www.tribunanf.com.br\/blogdoralfereis\/wp-json\/wp\/v2\/media\/10920"}],"wp:attachment":[{"href":"https:\/\/www.tribunanf.com.br\/blogdoralfereis\/wp-json\/wp\/v2\/media?parent=12749"}],"wp:term":[{"taxonomy":"category","embeddable":true,"href":"https:\/\/www.tribunanf.com.br\/blogdoralfereis\/wp-json\/wp\/v2\/categories?post=12749"},{"taxonomy":"post_tag","embeddable":true,"href":"https:\/\/www.tribunanf.com.br\/blogdoralfereis\/wp-json\/wp\/v2\/tags?post=12749"}],"curies":[{"name":"wp","href":"https:\/\/api.w.org\/{rel}","templated":true}]}}