{"id":12736,"date":"2024-03-30T09:50:39","date_gmt":"2024-03-30T12:50:39","guid":{"rendered":"https:\/\/www.tribunanf.com.br\/blogdoralfereis\/?p=12736"},"modified":"2024-03-30T09:50:39","modified_gmt":"2024-03-30T12:50:39","slug":"carla-machado-sobre-pre-candidatura-a-prefeita-de-campos-a-gente-sempre-entra-para-ganhar","status":"publish","type":"post","link":"https:\/\/www.tribunanf.com.br\/blogdoralfereis\/2024\/03\/30\/carla-machado-sobre-pre-candidatura-a-prefeita-de-campos-a-gente-sempre-entra-para-ganhar\/","title":{"rendered":"Carla Machado sobre pr\u00e9-candidatura a prefeita de Campos: &#8220;A gente sempre entra para ganhar\u201d"},"content":{"rendered":"<p><img loading=\"lazy\" decoding=\"async\" class=\"aligncenter size-full wp-image-12387\" src=\"https:\/\/www.tribunanf.com.br\/blogdoralfereis\/wp-content\/uploads\/sites\/11\/2024\/02\/carla-machado-e1696634706582_Easy-Resize.com_-1024x701-1.jpg\" alt=\"\" width=\"1024\" height=\"701\" srcset=\"https:\/\/www.tribunanf.com.br\/blogdoralfereis\/wp-content\/uploads\/sites\/11\/2024\/02\/carla-machado-e1696634706582_Easy-Resize.com_-1024x701-1.jpg 1024w, https:\/\/www.tribunanf.com.br\/blogdoralfereis\/wp-content\/uploads\/sites\/11\/2024\/02\/carla-machado-e1696634706582_Easy-Resize.com_-1024x701-1-300x205.jpg 300w, https:\/\/www.tribunanf.com.br\/blogdoralfereis\/wp-content\/uploads\/sites\/11\/2024\/02\/carla-machado-e1696634706582_Easy-Resize.com_-1024x701-1-768x526.jpg 768w, https:\/\/www.tribunanf.com.br\/blogdoralfereis\/wp-content\/uploads\/sites\/11\/2024\/02\/carla-machado-e1696634706582_Easy-Resize.com_-1024x701-1-130x90.jpg 130w\" sizes=\"auto, (max-width: 1024px) 100vw, 1024px\" \/><\/p>\n<p style=\"text-align: justify;\">A ex-prefeita de S\u00e3o Jo\u00e3o da Barra e deputada estadual, Carla Machado, confirmou pela primeira vez publicamente sobre a possibilidade de concorrer \u00e0 prefeitura de Campos.<\/p>\n<p style=\"text-align: justify;\">Em entrevista ao podcast do Arnaldo Neto, de Manchete RJ, Carla confirmou sua pr\u00e9-candidatura a prefeita de Campos.<\/p>\n<p style=\"text-align: justify;\">Sobre sua situa\u00e7\u00e3o jur\u00eddica, uma vez que estaria impedida de concorrer com base na tese do prefeito itinerante, a ex-prefeita disse que advogados divergem sobre o assunto.<\/p>\n<p style=\"text-align: justify;\">&#8220;N\u00e3o vai ser s\u00f3 para participar. A gente sempre entra para ganhar\u201d. , disse Carla Machado.<\/p>\n<div class=\"jetpack-video-wrapper\"><iframe loading=\"lazy\" title=\"CARLA MACHADO\" width=\"800\" height=\"450\" src=\"https:\/\/www.youtube.com\/embed\/Fh9tfSIT__E?start=648&#038;feature=oembed\" frameborder=\"0\" allow=\"accelerometer; autoplay; clipboard-write; encrypted-media; gyroscope; picture-in-picture; web-share\" referrerpolicy=\"strict-origin-when-cross-origin\" allowfullscreen><\/iframe><\/div>\n","protected":false},"excerpt":{"rendered":"<p>A ex-prefeita de S\u00e3o Jo\u00e3o da Barra e deputada estadual, Carla Machado, confirmou pela primeira vez publicamente sobre a possibilidade&#8230;<\/p>\n","protected":false},"author":2,"featured_media":12387,"comment_status":"open","ping_status":"open","sticky":false,"template":"","format":"standard","meta":{"colormag_page_container_layout":"default_layout","colormag_page_sidebar_layout":"default_layout","jetpack_post_was_ever_published":false,"_jetpack_newsletter_access":"","_jetpack_dont_email_post_to_subs":false,"_jetpack_newsletter_tier_id":0,"_jetpack_memberships_contains_paywalled_content":false,"_jetpack_memberships_contains_paid_content":false,"footnotes":""},"categories":[2],"tags":[],"class_list":["post-12736","post","type-post","status-publish","format-standard","has-post-thumbnail","hentry","category-politica"],"jetpack_featured_media_url":"https:\/\/www.tribunanf.com.br\/blogdoralfereis\/wp-content\/uploads\/sites\/11\/2024\/02\/carla-machado-e1696634706582_Easy-Resize.com_-1024x701-1.jpg","jetpack_sharing_enabled":true,"_links":{"self":[{"href":"https:\/\/www.tribunanf.com.br\/blogdoralfereis\/wp-json\/wp\/v2\/posts\/12736","targetHints":{"allow":["GET"]}}],"collection":[{"href":"https:\/\/www.tribunanf.com.br\/blogdoralfereis\/wp-json\/wp\/v2\/posts"}],"about":[{"href":"https:\/\/www.tribunanf.com.br\/blogdoralfereis\/wp-json\/wp\/v2\/types\/post"}],"author":[{"embeddable":true,"href":"https:\/\/www.tribunanf.com.br\/blogdoralfereis\/wp-json\/wp\/v2\/users\/2"}],"replies":[{"embeddable":true,"href":"https:\/\/www.tribunanf.com.br\/blogdoralfereis\/wp-json\/wp\/v2\/comments?post=12736"}],"version-history":[{"count":0,"href":"https:\/\/www.tribunanf.com.br\/blogdoralfereis\/wp-json\/wp\/v2\/posts\/12736\/revisions"}],"wp:featuredmedia":[{"embeddable":true,"href":"https:\/\/www.tribunanf.com.br\/blogdoralfereis\/wp-json\/wp\/v2\/media\/12387"}],"wp:attachment":[{"href":"https:\/\/www.tribunanf.com.br\/blogdoralfereis\/wp-json\/wp\/v2\/media?parent=12736"}],"wp:term":[{"taxonomy":"category","embeddable":true,"href":"https:\/\/www.tribunanf.com.br\/blogdoralfereis\/wp-json\/wp\/v2\/categories?post=12736"},{"taxonomy":"post_tag","embeddable":true,"href":"https:\/\/www.tribunanf.com.br\/blogdoralfereis\/wp-json\/wp\/v2\/tags?post=12736"}],"curies":[{"name":"wp","href":"https:\/\/api.w.org\/{rel}","templated":true}]}}