{"id":12700,"date":"2024-03-24T15:18:32","date_gmt":"2024-03-24T18:18:32","guid":{"rendered":"https:\/\/www.tribunanf.com.br\/blogdoralfereis\/?p=12700"},"modified":"2024-03-24T15:18:32","modified_gmt":"2024-03-24T18:18:32","slug":"caso-marielle-confira-a-decisao-que-determinou-a-prisao-dos-irmaos-brazao-e-de-rivaldo-barbosa-ex-chefe-da-policia-civil-do-rio","status":"publish","type":"post","link":"https:\/\/www.tribunanf.com.br\/blogdoralfereis\/2024\/03\/24\/caso-marielle-confira-a-decisao-que-determinou-a-prisao-dos-irmaos-brazao-e-de-rivaldo-barbosa-ex-chefe-da-policia-civil-do-rio\/","title":{"rendered":"Caso Marielle: Confira a decis\u00e3o que determinou a pris\u00e3o dos irm\u00e3os Braz\u00e3o e de Rivaldo Barbosa, ex-chefe da Pol\u00edcia Civil do Rio"},"content":{"rendered":"<p><img loading=\"lazy\" decoding=\"async\" class=\"aligncenter size-large wp-image-12703\" src=\"https:\/\/www.tribunanf.com.br\/blogdoralfereis\/wp-content\/uploads\/sites\/11\/2024\/03\/brazao_Easy-Resize.com_-1024x575.jpg\" alt=\"\" width=\"800\" height=\"449\" srcset=\"https:\/\/www.tribunanf.com.br\/blogdoralfereis\/wp-content\/uploads\/sites\/11\/2024\/03\/brazao_Easy-Resize.com_-1024x575.jpg 1024w, https:\/\/www.tribunanf.com.br\/blogdoralfereis\/wp-content\/uploads\/sites\/11\/2024\/03\/brazao_Easy-Resize.com_-300x169.jpg 300w, https:\/\/www.tribunanf.com.br\/blogdoralfereis\/wp-content\/uploads\/sites\/11\/2024\/03\/brazao_Easy-Resize.com_-768x431.jpg 768w, https:\/\/www.tribunanf.com.br\/blogdoralfereis\/wp-content\/uploads\/sites\/11\/2024\/03\/brazao_Easy-Resize.com_.jpg 1280w\" sizes=\"auto, (max-width: 800px) 100vw, 800px\" \/><\/p>\n<p style=\"text-align: justify;\">Uma opera\u00e7\u00e3o conjunta da Procuradoria Geral da Rep\u00fablica, do Minist\u00e9rio P\u00fablico do Rio de Janeiro e da Pol\u00edcia Federal prendeu neste domingo (24) tr\u00eas suspeitos de serem os mandantes do assassinato da vereadora Marielle Franco, em mar\u00e7o de 2018. O nome da Opera\u00e7\u00e3o \u00e9 Murder Inc., foi determinada pelo ministro do STF Alexandre de Moraes.<\/p>\n<p style=\"text-align: justify;\">Foram presos Domingos Braz\u00e3o, atual conselheiro do Tribunal de Contas do Estado, Chiquinho Braz\u00e3o, deputado federal do Rio de Janeiro, e Rivaldo Barbosa, ex-chefe de Pol\u00edcia Civil do Rio.<\/p>\n<p style=\"text-align: justify;\">O blog disponibiliza \u00e0 \u00edntegra da decis\u00e3o do Ministro Alexandre de Moraes e o parecer da Procuradoria Geral da Rep\u00fablica.<\/p>\n<p style=\"text-align: justify;\">Veja AQUI:\u00a0<a href=\"https:\/\/www.tribunanf.com.br\/blogdoralfereis\/wp-content\/uploads\/sites\/11\/2024\/03\/decisocasomarielle.pdf\">Decisocasomarielle<\/a> e parecer PGR AQUI:\u00a0<a href=\"https:\/\/www.tribunanf.com.br\/blogdoralfereis\/wp-content\/uploads\/sites\/11\/2024\/03\/pgrmanifestacao3350322024av31878inq4954.pdf\">pgrmanifestacao3350322024av31878inq4954<\/a><\/p>\n","protected":false},"excerpt":{"rendered":"<p>Uma opera\u00e7\u00e3o conjunta da Procuradoria Geral da Rep\u00fablica, do Minist\u00e9rio P\u00fablico do Rio de Janeiro e da Pol\u00edcia Federal prendeu&#8230;<\/p>\n","protected":false},"author":2,"featured_media":12703,"comment_status":"open","ping_status":"open","sticky":false,"template":"","format":"standard","meta":{"colormag_page_container_layout":"default_layout","colormag_page_sidebar_layout":"default_layout","jetpack_post_was_ever_published":false,"_jetpack_newsletter_access":"","_jetpack_dont_email_post_to_subs":false,"_jetpack_newsletter_tier_id":0,"_jetpack_memberships_contains_paywalled_content":false,"_jetpack_memberships_contains_paid_content":false,"footnotes":""},"categories":[2],"tags":[],"class_list":["post-12700","post","type-post","status-publish","format-standard","has-post-thumbnail","hentry","category-politica"],"jetpack_featured_media_url":"https:\/\/www.tribunanf.com.br\/blogdoralfereis\/wp-content\/uploads\/sites\/11\/2024\/03\/brazao_Easy-Resize.com_.jpg","jetpack_sharing_enabled":true,"_links":{"self":[{"href":"https:\/\/www.tribunanf.com.br\/blogdoralfereis\/wp-json\/wp\/v2\/posts\/12700","targetHints":{"allow":["GET"]}}],"collection":[{"href":"https:\/\/www.tribunanf.com.br\/blogdoralfereis\/wp-json\/wp\/v2\/posts"}],"about":[{"href":"https:\/\/www.tribunanf.com.br\/blogdoralfereis\/wp-json\/wp\/v2\/types\/post"}],"author":[{"embeddable":true,"href":"https:\/\/www.tribunanf.com.br\/blogdoralfereis\/wp-json\/wp\/v2\/users\/2"}],"replies":[{"embeddable":true,"href":"https:\/\/www.tribunanf.com.br\/blogdoralfereis\/wp-json\/wp\/v2\/comments?post=12700"}],"version-history":[{"count":0,"href":"https:\/\/www.tribunanf.com.br\/blogdoralfereis\/wp-json\/wp\/v2\/posts\/12700\/revisions"}],"wp:featuredmedia":[{"embeddable":true,"href":"https:\/\/www.tribunanf.com.br\/blogdoralfereis\/wp-json\/wp\/v2\/media\/12703"}],"wp:attachment":[{"href":"https:\/\/www.tribunanf.com.br\/blogdoralfereis\/wp-json\/wp\/v2\/media?parent=12700"}],"wp:term":[{"taxonomy":"category","embeddable":true,"href":"https:\/\/www.tribunanf.com.br\/blogdoralfereis\/wp-json\/wp\/v2\/categories?post=12700"},{"taxonomy":"post_tag","embeddable":true,"href":"https:\/\/www.tribunanf.com.br\/blogdoralfereis\/wp-json\/wp\/v2\/tags?post=12700"}],"curies":[{"name":"wp","href":"https:\/\/api.w.org\/{rel}","templated":true}]}}