{"id":12672,"date":"2024-03-20T22:47:14","date_gmt":"2024-03-21T01:47:14","guid":{"rendered":"https:\/\/www.tribunanf.com.br\/blogdoralfereis\/?p=12672"},"modified":"2024-03-21T08:19:35","modified_gmt":"2024-03-21T11:19:35","slug":"ministra-do-tse-reconhece-fraude-a-cota-de-genero-do-psl-de-campos-e-bruno-vianna-e-nildo-cardoso-perdem-os-mandatos","status":"publish","type":"post","link":"https:\/\/www.tribunanf.com.br\/blogdoralfereis\/2024\/03\/20\/ministra-do-tse-reconhece-fraude-a-cota-de-genero-do-psl-de-campos-e-bruno-vianna-e-nildo-cardoso-perdem-os-mandatos\/","title":{"rendered":"Ministra do TSE reconhece fraude \u00e0 cota de g\u00eanero do PSL de Campos e Bruno Vianna e Nildo Cardoso perdem os mandatos"},"content":{"rendered":"<p><img loading=\"lazy\" decoding=\"async\" class=\"aligncenter size-large wp-image-12673\" src=\"https:\/\/www.tribunanf.com.br\/blogdoralfereis\/wp-content\/uploads\/sites\/11\/2024\/03\/bruno-e-nildo-1024x575_Easy-Resize.com_-1024x575.jpg\" alt=\"\" width=\"800\" height=\"449\" srcset=\"https:\/\/www.tribunanf.com.br\/blogdoralfereis\/wp-content\/uploads\/sites\/11\/2024\/03\/bruno-e-nildo-1024x575_Easy-Resize.com_-1024x575.jpg 1024w, https:\/\/www.tribunanf.com.br\/blogdoralfereis\/wp-content\/uploads\/sites\/11\/2024\/03\/bruno-e-nildo-1024x575_Easy-Resize.com_-300x169.jpg 300w, https:\/\/www.tribunanf.com.br\/blogdoralfereis\/wp-content\/uploads\/sites\/11\/2024\/03\/bruno-e-nildo-1024x575_Easy-Resize.com_-768x431.jpg 768w, https:\/\/www.tribunanf.com.br\/blogdoralfereis\/wp-content\/uploads\/sites\/11\/2024\/03\/bruno-e-nildo-1024x575_Easy-Resize.com_.jpg 1280w\" sizes=\"auto, (max-width: 800px) 100vw, 800px\" \/><\/p>\n<p style=\"text-align: justify;\">A ministra Isabel Gallotti, do Tribunal Superior Eleitoral, acatou recurso na A\u00e7\u00e3o de Investiga\u00e7\u00e3o Judicial Eleitoral (AIJE) e reconheceu a fraude \u00e0 cota de g\u00eanero do PSL de Campos na elei\u00e7\u00e3o de 2020.<\/p>\n<p style=\"text-align: justify;\">A decis\u00e3o de m\u00e9rito, proferida na noite desta quarta-feira, tem efeito imediato.<\/p>\n<p>A ministra tamb\u00e9m reconheceu a fraude no DEM e PSC (<strong><a href=\"https:\/\/www.tribunanf.com.br\/blogdoralfereis\/2024\/03\/21\/ministra-do-tse-cassa-mandatos-dos-vereadores-do-dem-e-psc-de-campos-marcione-da-farmacia-maicon-cruz-e-pastor-marcos-elias-perdem-mandatos\/\">AQUI<\/a><\/strong>).<\/p>\n<p style=\"text-align: justify;\">A acusa\u00e7\u00e3o apontou que sete mulheres candidatas foram as menos votadas do PSL, sendo que duas n\u00e3o receberam nenhum voto. Em julho de 2023, o TRE-RJ chegou a julgar improcedente as acusa\u00e7\u00f5es.<\/p>\n<p style=\"text-align: justify;\">Ao reconhecer a fraude, a ministra determinou a nulidade dos votos recebidos pelo PSL e determinou o recalculo dos votos.\u00a0 Com isso, os vereadores Bruno Vianna e Nildo Cardoso perdem os mandatos. Entretanto, a ministra afastou a inelegibilidade de ambos.<\/p>\n<p style=\"text-align: justify;\">&#8220;&#8230;<em>Por fim, o pedido dos recorrentes para declara\u00e7\u00e3o de inelegibilidade dos candidatos eleitos pelo PSL n\u00e3o merece prosperar, pois n\u00e3o se comprovou a participa\u00e7\u00e3o ou anu\u00eancia de Bruno Cordeiro Vianna e de Nildo Nunes Cardoso na fraude \u00e0 cota de g\u00eanero prevista no art. 10, \u00a7 3\u00ba, da Lei 9.504\/97.<\/em><\/p>\n<p style=\"text-align: justify;\"><em>Entendimento diverso se imp\u00f5e quanto \u00e0s candidatas Isabel Cristina dos Santos Peixoto e \u00c9rica dos Santos Barbosa Nogueira, uma vez que autorizaram o registro de suas candidaturas mas n\u00e3o trabalharam na busca de votos para se elegerem, fato incontroverso no ac\u00f3rd\u00e3o de origem.<\/em><\/p>\n<p style=\"text-align: justify;\"><em>Como se verifica, o provimento em parte do recurso especial n\u00e3o demanda reexame do conjunto probat\u00f3rio, provid\u00eancia vedada pela S\u00famula 24\/TSE, mas apenas o reenquadramento jur\u00eddico das premissas f\u00e1ticas contidas no ac\u00f3rd\u00e3o regional.<\/em><\/p>\n<p style=\"text-align: justify;\"><em>Por fim, deixo de apreciar a alega\u00e7\u00e3o de ofensa ao art. 941, \u00a7 3\u00ba, do C\u00f3digo de Processo Civil, porquanto julgado favoravelmente o m\u00e9rito em benef\u00edcio dos recorrentes.<\/em><\/p>\n<p style=\"text-align: justify;\"><em><strong>Conclus\u00e3o<\/strong><\/em><\/p>\n<p style=\"text-align: justify;\"><em>Em face do exposto,\u00a0<strong>dou provimento em parte\u00a0<\/strong>aos recursos especiais apenas para julgar\u00a0<strong>procedente<\/strong>\u00a0o pedido de reconhecimento de fraude a cota de g\u00eanero formulado na A\u00e7\u00e3o de Investiga\u00e7\u00e3o Judicial Eleitoral (AIJE) e, por conseguinte: a) decretar a nulidade dos votos recebidos pelo Partido Social Liberal (PSL) no Munic\u00edpio de Campos dos Goytacazes\/RJ para o cargo de vereador nas Elei\u00e7\u00f5es 2020; b) cassar o respectivo Demonstrativo de Regularidade de Atos Partid\u00e1rios (DRAP) e os diplomas dos candidatos a ele vinculado, com rec\u00e1lculo dos quocientes eleitoral e partid\u00e1rio; e c) declarar a inelegibilidade das candidatas \u00c9rica dos Santos Barbosa Nogueira e Isabel Cristina dos Santos, na forma do art. 22, XIV, da LC 64\/90.<\/em><\/p>\n<p style=\"text-align: justify;\"><em><strong>Determino<\/strong>, por fim, que a Secretaria Judici\u00e1ria do Tribunal Superior Eleitoral comunique ao TRE\/RJ o teor desta decis\u00e3o para fim de imediata execu\u00e7\u00e3o, independentemente de publica\u00e7\u00e3o, nos termos da jurisprud\u00eancia deste Tribunal, tamb\u00e9m aplicada em decis\u00f5es singulares (AREspE 0600085-91.2020.6.17.0150\/PE, Rel. Min. Raul Ara\u00fajo Filho, DJe de 7\/8\/2023; e REspEl 0600254-72.2020.6.09.0127\/GO, Rel. Min. Ricardo Lewandowski, DJe de 12\/4\/2023).&#8221;, <\/em>decidiu a ministra.<\/p>\n<p>Por ter sido julgado o m\u00e9rito, os vereadores podem recorrer ao plen\u00e1rio, mas fora do cargo.<\/p>\n<p>Confira \u00e0 \u00edntegra da decis\u00e3o: <a href=\"https:\/\/www.tribunanf.com.br\/blogdoralfereis\/wp-content\/uploads\/sites\/11\/2024\/03\/fraude-a-cota-de-genero-PSL-Campos.pdf\">fraude a cota de genero PSL Campos<\/a><\/p>\n<p style=\"text-align: justify;\"><em>Mat\u00e9ria em atualiza\u00e7\u00e3o*<\/em><\/p>\n","protected":false},"excerpt":{"rendered":"<p>A ministra Isabel Gallotti, do Tribunal Superior Eleitoral, acatou recurso na A\u00e7\u00e3o de Investiga\u00e7\u00e3o Judicial Eleitoral (AIJE) e reconheceu a&#8230;<\/p>\n","protected":false},"author":2,"featured_media":12673,"comment_status":"open","ping_status":"open","sticky":false,"template":"","format":"standard","meta":{"colormag_page_container_layout":"default_layout","colormag_page_sidebar_layout":"default_layout","jetpack_post_was_ever_published":false,"_jetpack_newsletter_access":"","_jetpack_dont_email_post_to_subs":false,"_jetpack_newsletter_tier_id":0,"_jetpack_memberships_contains_paywalled_content":false,"_jetpack_memberships_contains_paid_content":false,"footnotes":""},"categories":[2],"tags":[],"class_list":["post-12672","post","type-post","status-publish","format-standard","has-post-thumbnail","hentry","category-politica"],"jetpack_featured_media_url":"https:\/\/www.tribunanf.com.br\/blogdoralfereis\/wp-content\/uploads\/sites\/11\/2024\/03\/bruno-e-nildo-1024x575_Easy-Resize.com_.jpg","jetpack_sharing_enabled":true,"_links":{"self":[{"href":"https:\/\/www.tribunanf.com.br\/blogdoralfereis\/wp-json\/wp\/v2\/posts\/12672","targetHints":{"allow":["GET"]}}],"collection":[{"href":"https:\/\/www.tribunanf.com.br\/blogdoralfereis\/wp-json\/wp\/v2\/posts"}],"about":[{"href":"https:\/\/www.tribunanf.com.br\/blogdoralfereis\/wp-json\/wp\/v2\/types\/post"}],"author":[{"embeddable":true,"href":"https:\/\/www.tribunanf.com.br\/blogdoralfereis\/wp-json\/wp\/v2\/users\/2"}],"replies":[{"embeddable":true,"href":"https:\/\/www.tribunanf.com.br\/blogdoralfereis\/wp-json\/wp\/v2\/comments?post=12672"}],"version-history":[{"count":0,"href":"https:\/\/www.tribunanf.com.br\/blogdoralfereis\/wp-json\/wp\/v2\/posts\/12672\/revisions"}],"wp:featuredmedia":[{"embeddable":true,"href":"https:\/\/www.tribunanf.com.br\/blogdoralfereis\/wp-json\/wp\/v2\/media\/12673"}],"wp:attachment":[{"href":"https:\/\/www.tribunanf.com.br\/blogdoralfereis\/wp-json\/wp\/v2\/media?parent=12672"}],"wp:term":[{"taxonomy":"category","embeddable":true,"href":"https:\/\/www.tribunanf.com.br\/blogdoralfereis\/wp-json\/wp\/v2\/categories?post=12672"},{"taxonomy":"post_tag","embeddable":true,"href":"https:\/\/www.tribunanf.com.br\/blogdoralfereis\/wp-json\/wp\/v2\/tags?post=12672"}],"curies":[{"name":"wp","href":"https:\/\/api.w.org\/{rel}","templated":true}]}}