{"id":12637,"date":"2024-03-18T16:57:34","date_gmt":"2024-03-18T19:57:34","guid":{"rendered":"https:\/\/www.tribunanf.com.br\/blogdoralfereis\/?p=12637"},"modified":"2024-03-18T18:25:57","modified_gmt":"2024-03-18T21:25:57","slug":"aije-de-freixo-contra-castro-e-pampolha-chega-a-fase-de-alegacoes-finais-pampolha-pede-incompetencia-da-justica-eleitoral-e-improcedencia-da-acao","status":"publish","type":"post","link":"https:\/\/www.tribunanf.com.br\/blogdoralfereis\/2024\/03\/18\/aije-de-freixo-contra-castro-e-pampolha-chega-a-fase-de-alegacoes-finais-pampolha-pede-incompetencia-da-justica-eleitoral-e-improcedencia-da-acao\/","title":{"rendered":"Aije de Freixo contra Castro e Pampolha chega \u00e0 fase de alega\u00e7\u00f5es finais; Pampolha pede incompet\u00eancia da Justi\u00e7a Eleitoral e improced\u00eancia da a\u00e7\u00e3o"},"content":{"rendered":"<p><img loading=\"lazy\" decoding=\"async\" class=\"aligncenter size-full wp-image-10920\" src=\"https:\/\/www.tribunanf.com.br\/blogdoralfereis\/wp-content\/uploads\/sites\/11\/2023\/02\/o-governador-claudio-castro-e-seu-novo-vice-thiago-pampolha.jpeg.jpg\" alt=\"\" width=\"976\" height=\"550\" srcset=\"https:\/\/www.tribunanf.com.br\/blogdoralfereis\/wp-content\/uploads\/sites\/11\/2023\/02\/o-governador-claudio-castro-e-seu-novo-vice-thiago-pampolha.jpeg.jpg 976w, https:\/\/www.tribunanf.com.br\/blogdoralfereis\/wp-content\/uploads\/sites\/11\/2023\/02\/o-governador-claudio-castro-e-seu-novo-vice-thiago-pampolha.jpeg-300x169.jpg 300w, https:\/\/www.tribunanf.com.br\/blogdoralfereis\/wp-content\/uploads\/sites\/11\/2023\/02\/o-governador-claudio-castro-e-seu-novo-vice-thiago-pampolha.jpeg-768x433.jpg 768w\" sizes=\"auto, (max-width: 976px) 100vw, 976px\" \/><\/p>\n<p style=\"text-align: justify;\">A\u00e7\u00e3o de Investiga\u00e7\u00e3o Judicial Eleitoral (AIJE) proposta pelo ent\u00e3o candidato ao governo do estado Marcelo Freixo contra o governador Cl\u00e1udio Castro e o vice Thiago Pampolha, chegou \u00e0 fase de alega\u00e7\u00f5es finais.<\/p>\n<p style=\"text-align: justify;\">Na Aije, Freixo acusa Castro e Pampolha de usar os programas da Funda\u00e7\u00e3o Ceperj para vencer as elei\u00e7\u00f5es de 2022. O caso ganhou destaque na m\u00eddia nacional na \u00e9poca dos fatos.<\/p>\n<p>A a\u00e7\u00e3o pede a cassa\u00e7\u00e3o dos mandatos de Castro e Pampolha, e inelegibilidade por 8 anos.<\/p>\n<p style=\"text-align: justify;\">O vice-governador Thiago Pampolha apresentou, na sexta-feira (15), suas alega\u00e7\u00f5es finais, onde pede a incompet\u00eancia da Justi\u00e7a Eleitoral para julgar o caso ou improced\u00eancia da a\u00e7\u00e3o.<\/p>\n<p style=\"text-align: justify;\">A longa defesa de Pampolha, e bem fundamentada, \u00e9 assinada pelo advogado Bruno Calfat e pelos ex-ministros do Tribunal Superior Eleitoral S\u00e9rgio Banhos e Carlos Horbach, atualmente advogados eleitoralistas.<\/p>\n<p>A a\u00e7\u00e3o deve receber nos pr\u00f3ximos dias as alega\u00e7\u00f5es de Castro; do autor Marcelo Freixo e do Minist\u00e9rio P\u00fablico. Ap\u00f3s as alega\u00e7\u00f5es o caso vai a julgamento.<\/p>\n<p>&#8220;<em>Ante o exposto, requer-se: a) O reconhecimento da incompet\u00eancia da Justi\u00e7a Eleitoral para o julgamento da causa, em raz\u00e3o da aus\u00eancia de conex\u00e3o com o pleito eleitoral e, por consequ\u00eancia, seja extinta a presente AIJE sem an\u00e1lise de m\u00e9rito;<\/em><\/p>\n<ol>\n<li><em>b) Caso assim n\u00e3o se entenda, que seja a presente AIJE julgada improcedente, tendo em vista a aus\u00eancia de comprova\u00e7\u00e3o, em todo o acervo probat\u00f3rio dos autos, de abuso de poder pol\u00edtico ou econ\u00f4mico, tampouco de pr\u00e1tica de conduta vedada pelos investigados;<\/em><\/li>\n<li><em>c) Ad argumentandum, na remota hip\u00f3tese de se entender configurado o il\u00edcito previsto no artigo 73 e seguintes da Lei das Elei\u00e7\u00f5es, em aten\u00e7\u00e3o ao princ\u00edpio da proporcionalidade e razoabilidade, que a san\u00e7\u00e3o se limite ao car\u00e1ter pecuni\u00e1rio; e<\/em><\/li>\n<li><em>d) Ad argumentandum, requer-se, em virtude de sua ilegitimidade passiva ad causam, diante da aus\u00eancia de imputa\u00e7\u00e3o pelos autores da respectiva participa\u00e7\u00e3o, direta ou indireta, nos atos questionados, o afastamento de eventual aplica\u00e7\u00e3o da san\u00e7\u00e3o de inelegibilidade que, nos termos da jurisprud\u00eancia consolidada do eg. TSE, tem natureza personal\u00edssima, n\u00e3o podendo incidir em desfavor do ora requerente.&#8221;, <\/em>pede a defesa de Pampolha.<\/li>\n<\/ol>\n<p>Confira \u00e0 \u00edntegra da defesa: <a href=\"https:\/\/www.tribunanf.com.br\/blogdoralfereis\/wp-content\/uploads\/sites\/11\/2024\/03\/Alegacoes-finais-Pampolha-Aije-Ceperj.pdf\">Alega\u00e7\u00f5es finais &#8211; Pampolha &#8211; Aije Ceperj<\/a><\/p>\n<p>Leia tamb\u00e9m:<\/p>\n<blockquote class=\"wp-embedded-content\" data-secret=\"MH1igIh3sP\"><p><a href=\"https:\/\/www.tribunanf.com.br\/blogdoralfereis\/2024\/03\/18\/defesa-de-pampolha-alega-materias-jornalisticas-tendenciosas-para-se-defender-na-aije\/\">Defesa de Pampolha alega &#8220;mat\u00e9rias jornal\u00edsticas tendenciosas&#8221; para se defender na Aije<\/a><\/p><\/blockquote>\n<p><iframe loading=\"lazy\" class=\"wp-embedded-content\" sandbox=\"allow-scripts\" security=\"restricted\" style=\"position: absolute; clip: rect(1px, 1px, 1px, 1px);\" title=\"&#8220;Defesa de Pampolha alega &#8220;mat\u00e9rias jornal\u00edsticas tendenciosas&#8221; para se defender na Aije&#8221; &#8212; Blog do Ralfe Reis\" src=\"https:\/\/www.tribunanf.com.br\/blogdoralfereis\/2024\/03\/18\/defesa-de-pampolha-alega-materias-jornalisticas-tendenciosas-para-se-defender-na-aije\/embed\/#?secret=hIoU80ToRc#?secret=MH1igIh3sP\" data-secret=\"MH1igIh3sP\" width=\"600\" height=\"338\" frameborder=\"0\" marginwidth=\"0\" marginheight=\"0\" scrolling=\"no\"><\/iframe><\/p>\n","protected":false},"excerpt":{"rendered":"<p>A\u00e7\u00e3o de Investiga\u00e7\u00e3o Judicial Eleitoral (AIJE) proposta pelo ent\u00e3o candidato ao governo do estado Marcelo Freixo contra o governador Cl\u00e1udio&#8230;<\/p>\n","protected":false},"author":2,"featured_media":10920,"comment_status":"open","ping_status":"open","sticky":false,"template":"","format":"standard","meta":{"colormag_page_container_layout":"default_layout","colormag_page_sidebar_layout":"default_layout","jetpack_post_was_ever_published":false,"_jetpack_newsletter_access":"","_jetpack_dont_email_post_to_subs":false,"_jetpack_newsletter_tier_id":0,"_jetpack_memberships_contains_paywalled_content":false,"_jetpack_memberships_contains_paid_content":false,"footnotes":""},"categories":[2],"tags":[],"class_list":["post-12637","post","type-post","status-publish","format-standard","has-post-thumbnail","hentry","category-politica"],"jetpack_featured_media_url":"https:\/\/www.tribunanf.com.br\/blogdoralfereis\/wp-content\/uploads\/sites\/11\/2023\/02\/o-governador-claudio-castro-e-seu-novo-vice-thiago-pampolha.jpeg.jpg","jetpack_sharing_enabled":true,"_links":{"self":[{"href":"https:\/\/www.tribunanf.com.br\/blogdoralfereis\/wp-json\/wp\/v2\/posts\/12637","targetHints":{"allow":["GET"]}}],"collection":[{"href":"https:\/\/www.tribunanf.com.br\/blogdoralfereis\/wp-json\/wp\/v2\/posts"}],"about":[{"href":"https:\/\/www.tribunanf.com.br\/blogdoralfereis\/wp-json\/wp\/v2\/types\/post"}],"author":[{"embeddable":true,"href":"https:\/\/www.tribunanf.com.br\/blogdoralfereis\/wp-json\/wp\/v2\/users\/2"}],"replies":[{"embeddable":true,"href":"https:\/\/www.tribunanf.com.br\/blogdoralfereis\/wp-json\/wp\/v2\/comments?post=12637"}],"version-history":[{"count":0,"href":"https:\/\/www.tribunanf.com.br\/blogdoralfereis\/wp-json\/wp\/v2\/posts\/12637\/revisions"}],"wp:featuredmedia":[{"embeddable":true,"href":"https:\/\/www.tribunanf.com.br\/blogdoralfereis\/wp-json\/wp\/v2\/media\/10920"}],"wp:attachment":[{"href":"https:\/\/www.tribunanf.com.br\/blogdoralfereis\/wp-json\/wp\/v2\/media?parent=12637"}],"wp:term":[{"taxonomy":"category","embeddable":true,"href":"https:\/\/www.tribunanf.com.br\/blogdoralfereis\/wp-json\/wp\/v2\/categories?post=12637"},{"taxonomy":"post_tag","embeddable":true,"href":"https:\/\/www.tribunanf.com.br\/blogdoralfereis\/wp-json\/wp\/v2\/tags?post=12637"}],"curies":[{"name":"wp","href":"https:\/\/api.w.org\/{rel}","templated":true}]}}