{"id":12627,"date":"2024-03-16T13:23:19","date_gmt":"2024-03-16T16:23:19","guid":{"rendered":"https:\/\/www.tribunanf.com.br\/blogdoralfereis\/?p=12627"},"modified":"2024-03-16T13:23:19","modified_gmt":"2024-03-16T16:23:19","slug":"claudio-castro-e-vaiado-em-evento-do-pl","status":"publish","type":"post","link":"https:\/\/www.tribunanf.com.br\/blogdoralfereis\/2024\/03\/16\/claudio-castro-e-vaiado-em-evento-do-pl\/","title":{"rendered":"Cl\u00e1udio Castro \u00e9 vaiado em evento do PL"},"content":{"rendered":"<p><img loading=\"lazy\" decoding=\"async\" class=\"aligncenter size-large wp-image-12628\" src=\"https:\/\/www.tribunanf.com.br\/blogdoralfereis\/wp-content\/uploads\/sites\/11\/2024\/03\/img_8329-1_Easy-Resize.com_-1024x791.jpg\" alt=\"\" width=\"800\" height=\"618\" srcset=\"https:\/\/www.tribunanf.com.br\/blogdoralfereis\/wp-content\/uploads\/sites\/11\/2024\/03\/img_8329-1_Easy-Resize.com_-1024x791.jpg 1024w, https:\/\/www.tribunanf.com.br\/blogdoralfereis\/wp-content\/uploads\/sites\/11\/2024\/03\/img_8329-1_Easy-Resize.com_-300x232.jpg 300w, https:\/\/www.tribunanf.com.br\/blogdoralfereis\/wp-content\/uploads\/sites\/11\/2024\/03\/img_8329-1_Easy-Resize.com_-768x593.jpg 768w, https:\/\/www.tribunanf.com.br\/blogdoralfereis\/wp-content\/uploads\/sites\/11\/2024\/03\/img_8329-1_Easy-Resize.com_.jpg 1280w\" sizes=\"auto, (max-width: 800px) 100vw, 800px\" \/><\/p>\n<p style=\"text-align: justify;\">O governador Cl\u00e1udio Castro (PL) chegou a ser vaiado no evento de lan\u00e7amento da pr\u00e9-candidatura do deputado federal e ex-diretor da Ag\u00eancia Brasileira de Intelig\u00eancia (Abin), Alexandre Ramagem, a prefeito do Rio, diz Berenice Seara, no site Tempo Real.<\/p>\n<p style=\"text-align: justify;\">Tamb\u00e9m houve o ensaio de um corinho de \u201cfora, Castro!\u201d no come\u00e7o do evento.<\/p>\n<p style=\"text-align: justify;\">Quem saiu em defesa do governador foi o senador Fl\u00e1vio Bolsonaro (PL). Com gestos, e de cima do palanque, ele calou a multid\u00e3o que lotou a quadra da Mocidade Independente de Padre Miguel neste s\u00e1bado (16).<\/p>\n<p style=\"text-align: justify;\">Volta e meia, surge no meio politico uma desconfian\u00e7a sobre a lealdade de Castro ao bolsonarismo. Com a presen\u00e7a e um entusiasmado discurso em favor da candidatura de Ramagem, o governador procurou mandar um recado pelo alinhamento.<\/p>\n","protected":false},"excerpt":{"rendered":"<p>O governador Cl\u00e1udio Castro (PL) chegou a ser vaiado no evento de lan\u00e7amento da pr\u00e9-candidatura do deputado federal e ex-diretor&#8230;<\/p>\n","protected":false},"author":2,"featured_media":12628,"comment_status":"open","ping_status":"open","sticky":false,"template":"","format":"standard","meta":{"colormag_page_container_layout":"default_layout","colormag_page_sidebar_layout":"default_layout","jetpack_post_was_ever_published":false,"_jetpack_newsletter_access":"","_jetpack_dont_email_post_to_subs":false,"_jetpack_newsletter_tier_id":0,"_jetpack_memberships_contains_paywalled_content":false,"_jetpack_memberships_contains_paid_content":false,"footnotes":""},"categories":[2],"tags":[],"class_list":["post-12627","post","type-post","status-publish","format-standard","has-post-thumbnail","hentry","category-politica"],"jetpack_featured_media_url":"https:\/\/www.tribunanf.com.br\/blogdoralfereis\/wp-content\/uploads\/sites\/11\/2024\/03\/img_8329-1_Easy-Resize.com_.jpg","jetpack_sharing_enabled":true,"_links":{"self":[{"href":"https:\/\/www.tribunanf.com.br\/blogdoralfereis\/wp-json\/wp\/v2\/posts\/12627","targetHints":{"allow":["GET"]}}],"collection":[{"href":"https:\/\/www.tribunanf.com.br\/blogdoralfereis\/wp-json\/wp\/v2\/posts"}],"about":[{"href":"https:\/\/www.tribunanf.com.br\/blogdoralfereis\/wp-json\/wp\/v2\/types\/post"}],"author":[{"embeddable":true,"href":"https:\/\/www.tribunanf.com.br\/blogdoralfereis\/wp-json\/wp\/v2\/users\/2"}],"replies":[{"embeddable":true,"href":"https:\/\/www.tribunanf.com.br\/blogdoralfereis\/wp-json\/wp\/v2\/comments?post=12627"}],"version-history":[{"count":0,"href":"https:\/\/www.tribunanf.com.br\/blogdoralfereis\/wp-json\/wp\/v2\/posts\/12627\/revisions"}],"wp:featuredmedia":[{"embeddable":true,"href":"https:\/\/www.tribunanf.com.br\/blogdoralfereis\/wp-json\/wp\/v2\/media\/12628"}],"wp:attachment":[{"href":"https:\/\/www.tribunanf.com.br\/blogdoralfereis\/wp-json\/wp\/v2\/media?parent=12627"}],"wp:term":[{"taxonomy":"category","embeddable":true,"href":"https:\/\/www.tribunanf.com.br\/blogdoralfereis\/wp-json\/wp\/v2\/categories?post=12627"},{"taxonomy":"post_tag","embeddable":true,"href":"https:\/\/www.tribunanf.com.br\/blogdoralfereis\/wp-json\/wp\/v2\/tags?post=12627"}],"curies":[{"name":"wp","href":"https:\/\/api.w.org\/{rel}","templated":true}]}}