{"id":12624,"date":"2024-03-16T09:53:33","date_gmt":"2024-03-16T12:53:33","guid":{"rendered":"https:\/\/www.tribunanf.com.br\/blogdoralfereis\/?p=12624"},"modified":"2024-03-16T09:53:33","modified_gmt":"2024-03-16T12:53:33","slug":"saiba-como-combater-a-desinformacao-eleitoral-com-o-sistema-de-alerta-do-tse","status":"publish","type":"post","link":"https:\/\/www.tribunanf.com.br\/blogdoralfereis\/2024\/03\/16\/saiba-como-combater-a-desinformacao-eleitoral-com-o-sistema-de-alerta-do-tse\/","title":{"rendered":"Saiba como combater a desinforma\u00e7\u00e3o eleitoral com o sistema de alerta do TSE"},"content":{"rendered":"<p><img loading=\"lazy\" decoding=\"async\" class=\"aligncenter size-large wp-image-12625\" src=\"https:\/\/www.tribunanf.com.br\/blogdoralfereis\/wp-content\/uploads\/sites\/11\/2024\/03\/tse_Easy-Resize.com_-1024x576.jpg\" alt=\"\" width=\"800\" height=\"450\" srcset=\"https:\/\/www.tribunanf.com.br\/blogdoralfereis\/wp-content\/uploads\/sites\/11\/2024\/03\/tse_Easy-Resize.com_-1024x576.jpg 1024w, https:\/\/www.tribunanf.com.br\/blogdoralfereis\/wp-content\/uploads\/sites\/11\/2024\/03\/tse_Easy-Resize.com_-300x169.jpg 300w, https:\/\/www.tribunanf.com.br\/blogdoralfereis\/wp-content\/uploads\/sites\/11\/2024\/03\/tse_Easy-Resize.com_-768x432.jpg 768w, https:\/\/www.tribunanf.com.br\/blogdoralfereis\/wp-content\/uploads\/sites\/11\/2024\/03\/tse_Easy-Resize.com_.jpg 1280w\" sizes=\"auto, (max-width: 800px) 100vw, 800px\" \/><\/p>\n<p style=\"text-align: justify;\">O Tribunal Superior Eleitoral (TSE) disponibiliza \u00e0s cidad\u00e3s e aos cidad\u00e3os o\u00a0<a href=\"https:\/\/www.tse.jus.br\/eleicoes\/sistema-de-alertas\" target=\"_blank\" rel=\"noopener\">Sistema de Alerta de Desinforma\u00e7\u00e3o Eleitoral<\/a>.\u00a0 A ferramenta, criada em junho de 2022, tem o objetivo de dar protagonismo \u00e0 eleitora e ao eleitor no enfrentamento da desinforma\u00e7\u00e3o durante o per\u00edodo eleitoral.<\/p>\n<p style=\"text-align: justify;\"><strong>Quem pode denunciar?<\/strong><\/p>\n<p style=\"text-align: justify;\">Todo cidad\u00e3o pode e deve colaborar. As den\u00fancias s\u00e3o realizadas por meio do\u00a0<a href=\"https:\/\/www.tse.jus.br\/\" target=\"_blank\" rel=\"noopener\">Portal do TSE<\/a>.<\/p>\n<p style=\"text-align: justify;\">Ao realizar o alerta, a usu\u00e1rio ou o usu\u00e1rio deve indicar qual o tipo de den\u00fancia.<\/p>\n<p style=\"text-align: justify;\"><strong>O que denunciar?<\/strong><\/p>\n<ul style=\"text-align: justify;\">\n<li>Desinforma\u00e7\u00e3o;<\/li>\n<li>Discurso violento ou odioso;<\/li>\n<li>Disparo em massa;<\/li>\n<li>Grave perturba\u00e7\u00e3o do ambiente democr\u00e1tico;<\/li>\n<li>Ind\u00edcio de comportamento inaut\u00eantico;<\/li>\n<li>Vazamento de dados\/incidente cibern\u00e9tico.<\/li>\n<\/ul>\n<p style=\"text-align: justify;\">Na p\u00e1gina, a pessoa consegue indicar ao TSE quais conte\u00fados de car\u00e1ter perverso, que fazem rela\u00e7\u00e3o ao processo eleitoral, est\u00e3o dispon\u00edveis nas redes sociais ou em plataformas de mensagens instant\u00e2neas.<\/p>\n<p style=\"text-align: justify;\">Desinforma\u00e7\u00f5es sobre candidatos ou partidos s\u00e3o feitas em outro sistema,\u00a0<a href=\"https:\/\/www.tse.jus.br\/comunicacao\/noticias\/2022\/Agosto\/saiba-como-denunciar-irregularidades-eleitorais-usando-o-app-pardal\" target=\"_blank\" rel=\"noopener\">o Pardal<\/a>, tamb\u00e9m dispon\u00edvel no Portal do TSE.<\/p>\n<p style=\"text-align: justify;\"><strong>Como fazer a den\u00fancia?<\/strong><\/p>\n<p style=\"text-align: justify;\">Basta preencher o formul\u00e1rio dispon\u00edvel no p\u00e1gina do Sistema, no Portal do TSE.<\/p>\n<p style=\"text-align: justify;\">A queixa deve descrever:<\/p>\n<ul style=\"text-align: justify;\">\n<li>Caracter\u00edsticas da mensagem;<\/li>\n<li>Tipo de conte\u00fado e se h\u00e1 rela\u00e7\u00e3o com o sistema eleitoral;<\/li>\n<li>Local em que foi encontrada.<\/li>\n<\/ul>\n<p style=\"text-align: justify;\"><strong>Como funciona o Sistema<\/strong><\/p>\n<p style=\"text-align: justify;\">O TSE \u00e9 respons\u00e1vel por coletar os alertas e repassar para as plataformas digitais, que, por sua vez, avaliam se houve viola\u00e7\u00e3o \u00e0 legisla\u00e7\u00e3o ou aos respectivos termos de uso. Os relatos recebidos ainda poder\u00e3o ser encaminhados ao Minist\u00e9rio P\u00fablico Eleitoral e demais autoridades para ado\u00e7\u00e3o das medidas legais cab\u00edveis.<\/p>\n<p style=\"text-align: justify;\">Desde o lan\u00e7amento da plataforma at\u00e9 23 de mar\u00e7o de 2023, foram 43.559 den\u00fancias de\u00a0not\u00edcias falsas, descontextualizadas ou manipuladas sobre o processo eleitoral brasileiro.<\/p>\n<p style=\"text-align: justify;\">Confira no v\u00eddeo algumas dicas para verificar se \u00e9\u00a0<em>fake news<\/em>\u00a0ou n\u00e3o.<\/p>\n<div class=\"jetpack-video-wrapper\"><iframe loading=\"lazy\" title=\"Como identificar desinforma\u00e7\u00e3o?\" width=\"800\" height=\"450\" src=\"https:\/\/www.youtube.com\/embed\/77tql2ZYWbg?feature=oembed\" frameborder=\"0\" allow=\"accelerometer; autoplay; clipboard-write; encrypted-media; gyroscope; picture-in-picture; web-share\" referrerpolicy=\"strict-origin-when-cross-origin\" allowfullscreen><\/iframe><\/div>\n<p style=\"text-align: justify;\"><strong>CIEDDE<\/strong><\/p>\n<p style=\"text-align: justify;\">Desde as Elei\u00e7\u00f5es Gerais de 2018, quando o fen\u00f4meno da desinforma\u00e7\u00e3o ganhou intensidade, o TSE tem tomado medidas para dar ainda mais efetividade ao combate \u00e0s\u00a0<em>fake news<\/em>\u00a0e assegurar o bom debate p\u00fablico sem a dissemina\u00e7\u00e3o massiva de narrativas falsas ou descontextualizadas, em detrimento da liberdade de escolha e do direito fundamental do eleitor de ter acesso a informa\u00e7\u00f5es adequadas.<\/p>\n<p style=\"text-align: justify;\">Uma iniciativa importante do Tribunal nesse sentido \u00e9 o\u00a0<a href=\"https:\/\/www.tse.jus.br\/comunicacao\/noticias\/2024\/Marco\/presidente-do-tse-inaugura-centro-integrado-de-combate-a-desinformacao\" target=\"_blank\" rel=\"noopener\">Centro Integrado de Enfrentamento \u00e0 Desinforma\u00e7\u00e3o e Defesa da Democracia (CIEDDE)<\/a>, inaugurado na \u00faltima ter\u00e7a-feira (12).<\/p>\n<p style=\"text-align: justify;\">O Centro tem como objetivo a atua\u00e7\u00e3o coordenada da Justi\u00e7a Eleitoral (JE) junto aos Poderes, aos \u00f3rg\u00e3os da Rep\u00fablica e \u00e0s institui\u00e7\u00f5es na promo\u00e7\u00e3o da educa\u00e7\u00e3o em cidadania, dos valores democr\u00e1ticos e dos direitos digitais.<\/p>\n<p style=\"text-align: justify;\">Unem-se ao Tribunal no combate \u00e0 desinforma\u00e7\u00e3o e aos discursos antidemocr\u00e1ticos:<\/p>\n<ul style=\"text-align: justify;\">\n<li>Minist\u00e9rio da Justi\u00e7a e Seguran\u00e7a P\u00fablica (MJSP);<\/li>\n<li>Minist\u00e9rio P\u00fablico Federal (MPF);<\/li>\n<li>Ag\u00eancia Nacional de Telecomunica\u00e7\u00f5es (Anatel); e<\/li>\n<li>Conselho Federal da Ordem dos Advogados do Brasil (CFOAB).<\/li>\n<\/ul>\n<p style=\"text-align: justify;\">As\u00a0<a href=\"https:\/\/www.tse.jus.br\/comunicacao\/noticias\/2024\/Marco\/tse-firma-acordos-para-combater-discursos-de-odio-deepfakes-e-desinformacao-eleitoral\" target=\"_blank\" rel=\"noopener\">parcerias com esses \u00f3rg\u00e3os foram formalizadas por meio de acordos<\/a>\u00a0de coopera\u00e7\u00e3o t\u00e9cnica firmados pelo presidente do TSE, ministro Alexandre de Moraes, e pelos representantes das institui\u00e7\u00f5es.<\/p>\n<p style=\"text-align: justify;\">Plataformas de redes sociais, servi\u00e7os de mensagens instant\u00e2neas e outras entidades p\u00fablicas e privadas interessadas em contribuir poder\u00e3o ser convidadas para participar do CIEDDE.<\/p>\n<p style=\"text-align: justify;\">\u201cNo Tribunal Superior Eleitoral j\u00e1 v\u00ednhamos neste combate e, agora, estamos dando um salto a mais na efici\u00eancia\u201d, ressaltou o presidente do TSE, ministro Alexandre de Moraes, no evento de inaugura\u00e7\u00e3o do Centro.<\/p>\n<p style=\"text-align: justify;\">AscomTSE*<\/p>\n","protected":false},"excerpt":{"rendered":"<p>O Tribunal Superior Eleitoral (TSE) disponibiliza \u00e0s cidad\u00e3s e aos cidad\u00e3os o\u00a0Sistema de Alerta de Desinforma\u00e7\u00e3o Eleitoral.\u00a0 A ferramenta, criada&#8230;<\/p>\n","protected":false},"author":2,"featured_media":12625,"comment_status":"open","ping_status":"open","sticky":false,"template":"","format":"standard","meta":{"colormag_page_container_layout":"default_layout","colormag_page_sidebar_layout":"default_layout","jetpack_post_was_ever_published":false,"_jetpack_newsletter_access":"","_jetpack_dont_email_post_to_subs":false,"_jetpack_newsletter_tier_id":0,"_jetpack_memberships_contains_paywalled_content":false,"_jetpack_memberships_contains_paid_content":false,"footnotes":""},"categories":[2],"tags":[],"class_list":["post-12624","post","type-post","status-publish","format-standard","has-post-thumbnail","hentry","category-politica"],"jetpack_featured_media_url":"https:\/\/www.tribunanf.com.br\/blogdoralfereis\/wp-content\/uploads\/sites\/11\/2024\/03\/tse_Easy-Resize.com_.jpg","jetpack_sharing_enabled":true,"_links":{"self":[{"href":"https:\/\/www.tribunanf.com.br\/blogdoralfereis\/wp-json\/wp\/v2\/posts\/12624","targetHints":{"allow":["GET"]}}],"collection":[{"href":"https:\/\/www.tribunanf.com.br\/blogdoralfereis\/wp-json\/wp\/v2\/posts"}],"about":[{"href":"https:\/\/www.tribunanf.com.br\/blogdoralfereis\/wp-json\/wp\/v2\/types\/post"}],"author":[{"embeddable":true,"href":"https:\/\/www.tribunanf.com.br\/blogdoralfereis\/wp-json\/wp\/v2\/users\/2"}],"replies":[{"embeddable":true,"href":"https:\/\/www.tribunanf.com.br\/blogdoralfereis\/wp-json\/wp\/v2\/comments?post=12624"}],"version-history":[{"count":0,"href":"https:\/\/www.tribunanf.com.br\/blogdoralfereis\/wp-json\/wp\/v2\/posts\/12624\/revisions"}],"wp:featuredmedia":[{"embeddable":true,"href":"https:\/\/www.tribunanf.com.br\/blogdoralfereis\/wp-json\/wp\/v2\/media\/12625"}],"wp:attachment":[{"href":"https:\/\/www.tribunanf.com.br\/blogdoralfereis\/wp-json\/wp\/v2\/media?parent=12624"}],"wp:term":[{"taxonomy":"category","embeddable":true,"href":"https:\/\/www.tribunanf.com.br\/blogdoralfereis\/wp-json\/wp\/v2\/categories?post=12624"},{"taxonomy":"post_tag","embeddable":true,"href":"https:\/\/www.tribunanf.com.br\/blogdoralfereis\/wp-json\/wp\/v2\/tags?post=12624"}],"curies":[{"name":"wp","href":"https:\/\/api.w.org\/{rel}","templated":true}]}}