{"id":12573,"date":"2024-03-09T10:57:15","date_gmt":"2024-03-09T13:57:15","guid":{"rendered":"https:\/\/www.tribunanf.com.br\/blogdoralfereis\/?p=12573"},"modified":"2024-03-09T15:25:22","modified_gmt":"2024-03-09T18:25:22","slug":"flavio-bolsonaro-cumpre-acordo-com-wladimir-e-thiago-ferrugem-assume-presidencia-do-pl-em-campos","status":"publish","type":"post","link":"https:\/\/www.tribunanf.com.br\/blogdoralfereis\/2024\/03\/09\/flavio-bolsonaro-cumpre-acordo-com-wladimir-e-thiago-ferrugem-assume-presidencia-do-pl-em-campos\/","title":{"rendered":"Fl\u00e1vio Bolsonaro cumpre acordo com Wladimir Garotinho e Thiago Ferrugem assume presid\u00eancia do PL em Campos"},"content":{"rendered":"<p><img loading=\"lazy\" decoding=\"async\" class=\"aligncenter size-large wp-image-12576\" src=\"https:\/\/www.tribunanf.com.br\/blogdoralfereis\/wp-content\/uploads\/sites\/11\/2024\/03\/Snapinsta.app_403599535_18250724260230933_5989418956963721546_n_1080_Easy-Resize.com_-1024x1024.jpg\" alt=\"\" width=\"800\" height=\"800\" srcset=\"https:\/\/www.tribunanf.com.br\/blogdoralfereis\/wp-content\/uploads\/sites\/11\/2024\/03\/Snapinsta.app_403599535_18250724260230933_5989418956963721546_n_1080_Easy-Resize.com_-1024x1024.jpg 1024w, https:\/\/www.tribunanf.com.br\/blogdoralfereis\/wp-content\/uploads\/sites\/11\/2024\/03\/Snapinsta.app_403599535_18250724260230933_5989418956963721546_n_1080_Easy-Resize.com_-300x300.jpg 300w, https:\/\/www.tribunanf.com.br\/blogdoralfereis\/wp-content\/uploads\/sites\/11\/2024\/03\/Snapinsta.app_403599535_18250724260230933_5989418956963721546_n_1080_Easy-Resize.com_-150x150.jpg 150w, https:\/\/www.tribunanf.com.br\/blogdoralfereis\/wp-content\/uploads\/sites\/11\/2024\/03\/Snapinsta.app_403599535_18250724260230933_5989418956963721546_n_1080_Easy-Resize.com_-768x768.jpg 768w, https:\/\/www.tribunanf.com.br\/blogdoralfereis\/wp-content\/uploads\/sites\/11\/2024\/03\/Snapinsta.app_403599535_18250724260230933_5989418956963721546_n_1080_Easy-Resize.com_.jpg 1280w\" sizes=\"auto, (max-width: 800px) 100vw, 800px\" \/><\/p>\n<p style=\"text-align: justify;\">O ex-vereador e chefe de Gabinete da prefeitura, Thiago Ferrugem \u00e9 o novo presidente do Partido Liberal (PL) em Campos dos Goytacazes. O documento foi registrado na quinta-feira. (Confira o documento ao final).<\/p>\n<p style=\"text-align: justify;\">A nomea\u00e7\u00e3o de Ferrugem concretiza a promessa do senador Fl\u00e1vio Bolsonaro ao prefeito Wladimir Garotinho.<\/p>\n<p style=\"text-align: justify;\">Em fevereiro, o senador anunciou atrav\u00e9s de um v\u00eddeo o apoio do PL \u00e0 reelei\u00e7\u00e3o do prefeito de Wladimir Garotinho (PP). No v\u00eddeo, Fl\u00e1vio falou em gratid\u00e3o por Wladimir ter ajudado o pai, o ex-presidente Jair Bolsonaro, nas elei\u00e7\u00f5es de 2022 (<strong><a href=\"https:\/\/www.tribunanf.com.br\/flavio-bolsonaro-anuncia-apoio-do-pl-a-reeleicao-de-wladimir-garotinho-em-campos\/\">AQUI<\/a><\/strong>).<\/p>\n<p style=\"text-align: justify;\">\u201cSou muito grato pelo que voc\u00ea fez conosco, o apoio que nos deu em 22, organizando a cidade para nos receber t\u00e3o bem. Agradecer a todos de Campos, que nos deu tamanha vota\u00e7\u00e3o. Na pol\u00edtica, temos que retribuir a quem nos ajuda em todos os momentos, nos bons e nos ruins\u201d, disse o senador.<\/p>\n<p style=\"text-align: justify;\">\u201cO PL de Campos \u00e9 seu\u201d, afirmou Fl\u00e1vio Bolsonaro ao lado de Wladimir Garotinho.<\/p>\n<p style=\"text-align: justify;\">Confira o documento\u00a0 registrado no TRE-RJ:<\/p>\n<p><img loading=\"lazy\" decoding=\"async\" class=\"aligncenter size-large wp-image-12586\" src=\"https:\/\/www.tribunanf.com.br\/blogdoralfereis\/wp-content\/uploads\/sites\/11\/2024\/03\/SGIP-ConsultaPL-Campos_pag-724x1024.jpg\" alt=\"\" width=\"724\" height=\"1024\" srcset=\"https:\/\/www.tribunanf.com.br\/blogdoralfereis\/wp-content\/uploads\/sites\/11\/2024\/03\/SGIP-ConsultaPL-Campos_pag-724x1024.jpg 724w, https:\/\/www.tribunanf.com.br\/blogdoralfereis\/wp-content\/uploads\/sites\/11\/2024\/03\/SGIP-ConsultaPL-Campos_pag-212x300.jpg 212w, https:\/\/www.tribunanf.com.br\/blogdoralfereis\/wp-content\/uploads\/sites\/11\/2024\/03\/SGIP-ConsultaPL-Campos_pag-768x1086.jpg 768w, https:\/\/www.tribunanf.com.br\/blogdoralfereis\/wp-content\/uploads\/sites\/11\/2024\/03\/SGIP-ConsultaPL-Campos_pag-1086x1536.jpg 1086w, https:\/\/www.tribunanf.com.br\/blogdoralfereis\/wp-content\/uploads\/sites\/11\/2024\/03\/SGIP-ConsultaPL-Campos_pag.jpg 1240w\" sizes=\"auto, (max-width: 724px) 100vw, 724px\" \/><\/p>\n<p><img loading=\"lazy\" decoding=\"async\" class=\"aligncenter size-large wp-image-12575\" src=\"https:\/\/www.tribunanf.com.br\/blogdoralfereis\/wp-content\/uploads\/sites\/11\/2024\/03\/SGIP-ConsultaPL-Campos_page-0002-724x1024.jpg\" alt=\"\" width=\"724\" height=\"1024\" srcset=\"https:\/\/www.tribunanf.com.br\/blogdoralfereis\/wp-content\/uploads\/sites\/11\/2024\/03\/SGIP-ConsultaPL-Campos_page-0002-724x1024.jpg 724w, https:\/\/www.tribunanf.com.br\/blogdoralfereis\/wp-content\/uploads\/sites\/11\/2024\/03\/SGIP-ConsultaPL-Campos_page-0002-212x300.jpg 212w, https:\/\/www.tribunanf.com.br\/blogdoralfereis\/wp-content\/uploads\/sites\/11\/2024\/03\/SGIP-ConsultaPL-Campos_page-0002-768x1086.jpg 768w, https:\/\/www.tribunanf.com.br\/blogdoralfereis\/wp-content\/uploads\/sites\/11\/2024\/03\/SGIP-ConsultaPL-Campos_page-0002-1086x1536.jpg 1086w, https:\/\/www.tribunanf.com.br\/blogdoralfereis\/wp-content\/uploads\/sites\/11\/2024\/03\/SGIP-ConsultaPL-Campos_page-0002.jpg 1240w\" sizes=\"auto, (max-width: 724px) 100vw, 724px\" \/><\/p>\n","protected":false},"excerpt":{"rendered":"<p>O ex-vereador e chefe de Gabinete da prefeitura, Thiago Ferrugem \u00e9 o novo presidente do Partido Liberal (PL) em Campos&#8230;<\/p>\n","protected":false},"author":2,"featured_media":12576,"comment_status":"open","ping_status":"open","sticky":false,"template":"","format":"standard","meta":{"colormag_page_container_layout":"default_layout","colormag_page_sidebar_layout":"default_layout","jetpack_post_was_ever_published":false,"_jetpack_newsletter_access":"","_jetpack_dont_email_post_to_subs":false,"_jetpack_newsletter_tier_id":0,"_jetpack_memberships_contains_paywalled_content":false,"_jetpack_memberships_contains_paid_content":false,"footnotes":""},"categories":[2],"tags":[],"class_list":["post-12573","post","type-post","status-publish","format-standard","has-post-thumbnail","hentry","category-politica"],"jetpack_featured_media_url":"https:\/\/www.tribunanf.com.br\/blogdoralfereis\/wp-content\/uploads\/sites\/11\/2024\/03\/Snapinsta.app_403599535_18250724260230933_5989418956963721546_n_1080_Easy-Resize.com_.jpg","jetpack_sharing_enabled":true,"_links":{"self":[{"href":"https:\/\/www.tribunanf.com.br\/blogdoralfereis\/wp-json\/wp\/v2\/posts\/12573","targetHints":{"allow":["GET"]}}],"collection":[{"href":"https:\/\/www.tribunanf.com.br\/blogdoralfereis\/wp-json\/wp\/v2\/posts"}],"about":[{"href":"https:\/\/www.tribunanf.com.br\/blogdoralfereis\/wp-json\/wp\/v2\/types\/post"}],"author":[{"embeddable":true,"href":"https:\/\/www.tribunanf.com.br\/blogdoralfereis\/wp-json\/wp\/v2\/users\/2"}],"replies":[{"embeddable":true,"href":"https:\/\/www.tribunanf.com.br\/blogdoralfereis\/wp-json\/wp\/v2\/comments?post=12573"}],"version-history":[{"count":0,"href":"https:\/\/www.tribunanf.com.br\/blogdoralfereis\/wp-json\/wp\/v2\/posts\/12573\/revisions"}],"wp:featuredmedia":[{"embeddable":true,"href":"https:\/\/www.tribunanf.com.br\/blogdoralfereis\/wp-json\/wp\/v2\/media\/12576"}],"wp:attachment":[{"href":"https:\/\/www.tribunanf.com.br\/blogdoralfereis\/wp-json\/wp\/v2\/media?parent=12573"}],"wp:term":[{"taxonomy":"category","embeddable":true,"href":"https:\/\/www.tribunanf.com.br\/blogdoralfereis\/wp-json\/wp\/v2\/categories?post=12573"},{"taxonomy":"post_tag","embeddable":true,"href":"https:\/\/www.tribunanf.com.br\/blogdoralfereis\/wp-json\/wp\/v2\/tags?post=12573"}],"curies":[{"name":"wp","href":"https:\/\/api.w.org\/{rel}","templated":true}]}}