{"id":12530,"date":"2024-03-05T16:02:03","date_gmt":"2024-03-05T19:02:03","guid":{"rendered":"https:\/\/www.tribunanf.com.br\/blogdoralfereis\/?p=12530"},"modified":"2024-03-05T16:02:03","modified_gmt":"2024-03-05T19:02:03","slug":"andre-moura-assume-a-secretaria-de-governo-do-estado-rj","status":"publish","type":"post","link":"https:\/\/www.tribunanf.com.br\/blogdoralfereis\/2024\/03\/05\/andre-moura-assume-a-secretaria-de-governo-do-estado-rj\/","title":{"rendered":"Andr\u00e9 Moura assume a secretaria de Governo do Estado RJ"},"content":{"rendered":"<p><img loading=\"lazy\" decoding=\"async\" class=\"aligncenter size-large wp-image-12531\" src=\"https:\/\/www.tribunanf.com.br\/blogdoralfereis\/wp-content\/uploads\/sites\/11\/2024\/03\/moura-e-castro_Easy-Resize.com_-1024x577.jpg\" alt=\"\" width=\"800\" height=\"451\" srcset=\"https:\/\/www.tribunanf.com.br\/blogdoralfereis\/wp-content\/uploads\/sites\/11\/2024\/03\/moura-e-castro_Easy-Resize.com_-1024x577.jpg 1024w, https:\/\/www.tribunanf.com.br\/blogdoralfereis\/wp-content\/uploads\/sites\/11\/2024\/03\/moura-e-castro_Easy-Resize.com_-300x169.jpg 300w, https:\/\/www.tribunanf.com.br\/blogdoralfereis\/wp-content\/uploads\/sites\/11\/2024\/03\/moura-e-castro_Easy-Resize.com_-768x433.jpg 768w, https:\/\/www.tribunanf.com.br\/blogdoralfereis\/wp-content\/uploads\/sites\/11\/2024\/03\/moura-e-castro_Easy-Resize.com_.jpg 1280w\" sizes=\"auto, (max-width: 800px) 100vw, 800px\" \/><\/p>\n<p style=\"text-align: justify;\">O ex-deputado federal Andr\u00e9 Moura, assume a Secretaria de Estado de Governo do Rio de Janeiro.<\/p>\n<p style=\"text-align: justify;\">Moura esteve \u00e0 frente da Casa Civil e atualmente estava na Secretaria Extraordin\u00e1ria de Representa\u00e7\u00e3o do Executivo fluminense em Bras\u00edlia, de onde foi exonerado.<\/p>\n<p style=\"text-align: justify;\">Apesar disso, se mant\u00e9m respons\u00e1vel pelo expediente da pasta na capital federal.<\/p>\n<p style=\"text-align: justify;\">Bernardo Rossi foi exonerado do cargo de secret\u00e1rio de Governo, e nomeado para a vaga do vice-governador Thiago Pampolha na Secretaria de Ambiente e Sustentabilidade.<\/p>\n<p style=\"text-align: justify;\">A exonera\u00e7\u00e3o de Pampolha e a mudan\u00e7a no staff foram publicadas em edi\u00e7\u00e3o extraordin\u00e1ria do Di\u00e1rio Oficial do Estado.<\/p>\n<p style=\"text-align: justify;\">O MDB, partido de Pampolha, emitiu nota oficial manifestando &#8220;enorme descontentamento&#8221; com a exonera\u00e7\u00e3o do vice. Leia no link abaixo.<\/p>\n<blockquote class=\"wp-embedded-content\" data-secret=\"JMV3Klo5AM\"><p><a href=\"https:\/\/www.tribunanf.com.br\/blogdoralfereis\/2024\/03\/05\/mdb-emite-nota-oficial-apos-castro-exonerar-pampolha-o-partido-manifesta-enorme-descontentamento\/\">MDB emite nota oficial ap\u00f3s Castro exonerar Pampolha: &#8220;o partido manifesta enorme descontentamento&#8221;<\/a><\/p><\/blockquote>\n<p><iframe loading=\"lazy\" class=\"wp-embedded-content\" sandbox=\"allow-scripts\" security=\"restricted\" style=\"position: absolute; clip: rect(1px, 1px, 1px, 1px);\" title=\"&#8220;MDB emite nota oficial ap\u00f3s Castro exonerar Pampolha: &#8220;o partido manifesta enorme descontentamento&#8221;&#8221; &#8212; Blog do Ralfe Reis\" src=\"https:\/\/www.tribunanf.com.br\/blogdoralfereis\/2024\/03\/05\/mdb-emite-nota-oficial-apos-castro-exonerar-pampolha-o-partido-manifesta-enorme-descontentamento\/embed\/#?secret=vOEoaU5iXd#?secret=JMV3Klo5AM\" data-secret=\"JMV3Klo5AM\" width=\"600\" height=\"338\" frameborder=\"0\" marginwidth=\"0\" marginheight=\"0\" scrolling=\"no\"><\/iframe><\/p>\n","protected":false},"excerpt":{"rendered":"<p>O ex-deputado federal Andr\u00e9 Moura, assume a Secretaria de Estado de Governo do Rio de Janeiro. Moura esteve \u00e0 frente&#8230;<\/p>\n","protected":false},"author":2,"featured_media":12531,"comment_status":"open","ping_status":"open","sticky":false,"template":"","format":"standard","meta":{"colormag_page_container_layout":"default_layout","colormag_page_sidebar_layout":"default_layout","jetpack_post_was_ever_published":false,"_jetpack_newsletter_access":"","_jetpack_dont_email_post_to_subs":false,"_jetpack_newsletter_tier_id":0,"_jetpack_memberships_contains_paywalled_content":false,"_jetpack_memberships_contains_paid_content":false,"footnotes":""},"categories":[2],"tags":[],"class_list":["post-12530","post","type-post","status-publish","format-standard","has-post-thumbnail","hentry","category-politica"],"jetpack_featured_media_url":"https:\/\/www.tribunanf.com.br\/blogdoralfereis\/wp-content\/uploads\/sites\/11\/2024\/03\/moura-e-castro_Easy-Resize.com_.jpg","jetpack_sharing_enabled":true,"_links":{"self":[{"href":"https:\/\/www.tribunanf.com.br\/blogdoralfereis\/wp-json\/wp\/v2\/posts\/12530","targetHints":{"allow":["GET"]}}],"collection":[{"href":"https:\/\/www.tribunanf.com.br\/blogdoralfereis\/wp-json\/wp\/v2\/posts"}],"about":[{"href":"https:\/\/www.tribunanf.com.br\/blogdoralfereis\/wp-json\/wp\/v2\/types\/post"}],"author":[{"embeddable":true,"href":"https:\/\/www.tribunanf.com.br\/blogdoralfereis\/wp-json\/wp\/v2\/users\/2"}],"replies":[{"embeddable":true,"href":"https:\/\/www.tribunanf.com.br\/blogdoralfereis\/wp-json\/wp\/v2\/comments?post=12530"}],"version-history":[{"count":0,"href":"https:\/\/www.tribunanf.com.br\/blogdoralfereis\/wp-json\/wp\/v2\/posts\/12530\/revisions"}],"wp:featuredmedia":[{"embeddable":true,"href":"https:\/\/www.tribunanf.com.br\/blogdoralfereis\/wp-json\/wp\/v2\/media\/12531"}],"wp:attachment":[{"href":"https:\/\/www.tribunanf.com.br\/blogdoralfereis\/wp-json\/wp\/v2\/media?parent=12530"}],"wp:term":[{"taxonomy":"category","embeddable":true,"href":"https:\/\/www.tribunanf.com.br\/blogdoralfereis\/wp-json\/wp\/v2\/categories?post=12530"},{"taxonomy":"post_tag","embeddable":true,"href":"https:\/\/www.tribunanf.com.br\/blogdoralfereis\/wp-json\/wp\/v2\/tags?post=12530"}],"curies":[{"name":"wp","href":"https:\/\/api.w.org\/{rel}","templated":true}]}}