{"id":12525,"date":"2024-03-05T10:09:06","date_gmt":"2024-03-05T13:09:06","guid":{"rendered":"https:\/\/www.tribunanf.com.br\/blogdoralfereis\/?p=12525"},"modified":"2024-03-05T10:09:06","modified_gmt":"2024-03-05T13:09:06","slug":"mdb-emite-nota-oficial-apos-castro-exonerar-pampolha-o-partido-manifesta-enorme-descontentamento","status":"publish","type":"post","link":"https:\/\/www.tribunanf.com.br\/blogdoralfereis\/2024\/03\/05\/mdb-emite-nota-oficial-apos-castro-exonerar-pampolha-o-partido-manifesta-enorme-descontentamento\/","title":{"rendered":"MDB emite nota oficial ap\u00f3s Castro exonerar Pampolha: &#8220;o partido manifesta enorme descontentamento&#8221;"},"content":{"rendered":"<p><img loading=\"lazy\" decoding=\"async\" class=\"aligncenter size-large wp-image-12528\" src=\"https:\/\/www.tribunanf.com.br\/blogdoralfereis\/wp-content\/uploads\/sites\/11\/2024\/03\/castro-e-pampolha_Easy-Resize.com-1-1024x761.jpg\" alt=\"\" width=\"800\" height=\"595\" srcset=\"https:\/\/www.tribunanf.com.br\/blogdoralfereis\/wp-content\/uploads\/sites\/11\/2024\/03\/castro-e-pampolha_Easy-Resize.com-1-1024x761.jpg 1024w, https:\/\/www.tribunanf.com.br\/blogdoralfereis\/wp-content\/uploads\/sites\/11\/2024\/03\/castro-e-pampolha_Easy-Resize.com-1-300x223.jpg 300w, https:\/\/www.tribunanf.com.br\/blogdoralfereis\/wp-content\/uploads\/sites\/11\/2024\/03\/castro-e-pampolha_Easy-Resize.com-1-768x571.jpg 768w, https:\/\/www.tribunanf.com.br\/blogdoralfereis\/wp-content\/uploads\/sites\/11\/2024\/03\/castro-e-pampolha_Easy-Resize.com-1.jpg 1280w\" sizes=\"auto, (max-width: 800px) 100vw, 800px\" \/><\/p>\n<p style=\"text-align: justify;\">O MDB, partido do vice-governador Thiago Pampolha, utilizou as redes sociais para emitir uma nota oficial para manifestar o &#8220;enorme descontentamento&#8221; com a decis\u00e3o do governador Cl\u00e1udio Castro de exonerar o vice da secretaria de Meio Ambiente.<\/p>\n<p style=\"text-align: justify;\">Conforme noticiado, Castrou convocou Pampolha nesta segunda-feira para comunicar a decis\u00e3o (<strong><a href=\"https:\/\/www.tribunanf.com.br\/blogdoralfereis\/2024\/03\/04\/claudio-castro-vai-defenestrar-o-vice-governador-thiago-pampolha-da-secretaria-de-meio-ambiente\/\">AQUI)<\/a><\/strong>.<\/p>\n<p style=\"text-align: justify;\">O partido \u00e9 da base do governador, e tem apenas dois deputados, mas comandava tr\u00eas secretarias: Ambiente, Esportes e Transportes.<\/p>\n<p style=\"text-align: justify;\">Pampolha foi recentemente filiado ao MDB, onde foi lan\u00e7ado candidato a governador em 2026.<\/p>\n<p style=\"text-align: justify;\">A nota de descontentamento \u00e9 assinada pelo presidente estadual da sigla Washington Reis, e pela nacional, Baleia Rossi.<\/p>\n<p style=\"text-align: justify;\"><em>&#8220;O MDB \u00e9 um partido com s\u00f3lida trajet\u00f3ria e alta representatividade, que preza pelos valores democr\u00e1ticos e baseia suas decis\u00f5es nesses pilares.<\/em><\/p>\n<p style=\"text-align: justify;\"><em>Por meio desta nota, o partido manifesta enorme descontentamento com a decis\u00e3o do Governador do Estado do Rio de Janeiro em exonerar o vice-governador Thiago Pampolha do cargo de Secret\u00e1rio do Ambiente e Sustentabilidade.<\/em><\/p>\n<p style=\"text-align: justify;\"><em>Tal decis\u00e3o se trata de um enorme erro pol\u00edtico, pois foi futilmente motivada pela rec\u00e9m-filia\u00e7\u00e3o de Pampolha ao MDB do Rio. Isso nos causa tristeza e decep\u00e7\u00e3o.<\/em><\/p>\n<p style=\"text-align: justify;\"><em>O partido sempre foi aliado do Governo, trabalhando de forma conjunta pelo bem do estado em uma parceria honesta e transparente.<\/em><\/p>\n<p style=\"text-align: justify;\"><em>A exonera\u00e7\u00e3o do vice-governador filiado ao MDB demonstra um total desprest\u00edgio para com a sigla e todos os seus membros.<\/em><\/p>\n<p style=\"text-align: justify;\"><em>\u00c9 lament\u00e1vel que prematuros projetos de poder afetem a continuidade de um trabalho t\u00e3o bem desenvolvido por Pampolha em favor do povo fluminense.<\/em><\/p>\n<p style=\"text-align: justify;\"><em>Por fim, destacamos que o partido reconhece o valor, hist\u00f3ria e compet\u00eancia de Thiago Pampolha, por isso ele \u00e9 o grande projeto pol\u00edtico do MDB do Rio para 2026.<\/em><\/p>\n<p style=\"text-align: justify;\"><em>Washington Reis, presidente do MDB do Rio de Janeiro<\/em><br \/>\n<em>Baleia Rossi, presidente nacional do MDB&#8221;<\/em><\/p>\n<p><img loading=\"lazy\" decoding=\"async\" class=\"aligncenter size-full wp-image-12527\" src=\"https:\/\/www.tribunanf.com.br\/blogdoralfereis\/wp-content\/uploads\/sites\/11\/2024\/03\/Snapinsta.app_431473178_809555451010928_8146076568592605391_n_1080.jpg\" alt=\"\" width=\"900\" height=\"900\" srcset=\"https:\/\/www.tribunanf.com.br\/blogdoralfereis\/wp-content\/uploads\/sites\/11\/2024\/03\/Snapinsta.app_431473178_809555451010928_8146076568592605391_n_1080.jpg 900w, https:\/\/www.tribunanf.com.br\/blogdoralfereis\/wp-content\/uploads\/sites\/11\/2024\/03\/Snapinsta.app_431473178_809555451010928_8146076568592605391_n_1080-300x300.jpg 300w, https:\/\/www.tribunanf.com.br\/blogdoralfereis\/wp-content\/uploads\/sites\/11\/2024\/03\/Snapinsta.app_431473178_809555451010928_8146076568592605391_n_1080-150x150.jpg 150w, https:\/\/www.tribunanf.com.br\/blogdoralfereis\/wp-content\/uploads\/sites\/11\/2024\/03\/Snapinsta.app_431473178_809555451010928_8146076568592605391_n_1080-768x768.jpg 768w\" sizes=\"auto, (max-width: 900px) 100vw, 900px\" \/><\/p>\n","protected":false},"excerpt":{"rendered":"<p>O MDB, partido do vice-governador Thiago Pampolha, utilizou as redes sociais para emitir uma nota oficial para manifestar o &#8220;enorme&#8230;<\/p>\n","protected":false},"author":2,"featured_media":12528,"comment_status":"open","ping_status":"open","sticky":false,"template":"","format":"standard","meta":{"colormag_page_container_layout":"default_layout","colormag_page_sidebar_layout":"default_layout","jetpack_post_was_ever_published":false,"_jetpack_newsletter_access":"","_jetpack_dont_email_post_to_subs":false,"_jetpack_newsletter_tier_id":0,"_jetpack_memberships_contains_paywalled_content":false,"_jetpack_memberships_contains_paid_content":false,"footnotes":""},"categories":[2],"tags":[],"class_list":["post-12525","post","type-post","status-publish","format-standard","has-post-thumbnail","hentry","category-politica"],"jetpack_featured_media_url":"https:\/\/www.tribunanf.com.br\/blogdoralfereis\/wp-content\/uploads\/sites\/11\/2024\/03\/castro-e-pampolha_Easy-Resize.com-1.jpg","jetpack_sharing_enabled":true,"_links":{"self":[{"href":"https:\/\/www.tribunanf.com.br\/blogdoralfereis\/wp-json\/wp\/v2\/posts\/12525","targetHints":{"allow":["GET"]}}],"collection":[{"href":"https:\/\/www.tribunanf.com.br\/blogdoralfereis\/wp-json\/wp\/v2\/posts"}],"about":[{"href":"https:\/\/www.tribunanf.com.br\/blogdoralfereis\/wp-json\/wp\/v2\/types\/post"}],"author":[{"embeddable":true,"href":"https:\/\/www.tribunanf.com.br\/blogdoralfereis\/wp-json\/wp\/v2\/users\/2"}],"replies":[{"embeddable":true,"href":"https:\/\/www.tribunanf.com.br\/blogdoralfereis\/wp-json\/wp\/v2\/comments?post=12525"}],"version-history":[{"count":0,"href":"https:\/\/www.tribunanf.com.br\/blogdoralfereis\/wp-json\/wp\/v2\/posts\/12525\/revisions"}],"wp:featuredmedia":[{"embeddable":true,"href":"https:\/\/www.tribunanf.com.br\/blogdoralfereis\/wp-json\/wp\/v2\/media\/12528"}],"wp:attachment":[{"href":"https:\/\/www.tribunanf.com.br\/blogdoralfereis\/wp-json\/wp\/v2\/media?parent=12525"}],"wp:term":[{"taxonomy":"category","embeddable":true,"href":"https:\/\/www.tribunanf.com.br\/blogdoralfereis\/wp-json\/wp\/v2\/categories?post=12525"},{"taxonomy":"post_tag","embeddable":true,"href":"https:\/\/www.tribunanf.com.br\/blogdoralfereis\/wp-json\/wp\/v2\/tags?post=12525"}],"curies":[{"name":"wp","href":"https:\/\/api.w.org\/{rel}","templated":true}]}}