{"id":1252,"date":"2018-12-06T16:53:09","date_gmt":"2018-12-06T18:53:09","guid":{"rendered":"http:\/\/www.tribunanf.com.br\/blogdoralfereis\/?p=1252"},"modified":"2018-12-06T16:53:09","modified_gmt":"2018-12-06T18:53:09","slug":"rafael-diniz-agora-quer-fechar-as-casas-noturnas-de-campos","status":"publish","type":"post","link":"https:\/\/www.tribunanf.com.br\/blogdoralfereis\/2018\/12\/06\/rafael-diniz-agora-quer-fechar-as-casas-noturnas-de-campos\/","title":{"rendered":"Rafael Diniz agora quer fechar as casas noturnas de Campos"},"content":{"rendered":"<p><img loading=\"lazy\" decoding=\"async\" class=\"aligncenter size-full wp-image-286\" src=\"http:\/\/www.tribunanf.com.br\/blogdoralfereis\/wp-content\/uploads\/sites\/11\/2018\/06\/rafael-na-prefeitura-540x360.jpg\" alt=\"\" width=\"540\" height=\"360\" srcset=\"https:\/\/www.tribunanf.com.br\/blogdoralfereis\/wp-content\/uploads\/sites\/11\/2018\/06\/rafael-na-prefeitura-540x360.jpg 540w, https:\/\/www.tribunanf.com.br\/blogdoralfereis\/wp-content\/uploads\/sites\/11\/2018\/06\/rafael-na-prefeitura-540x360-300x200.jpg 300w\" sizes=\"auto, (max-width: 540px) 100vw, 540px\" \/><\/p>\n<p style=\"text-align: justify;\">A m\u00eddia corporativa de Campos saiu em ataque \u00e0s casas noturnas que funcionam com m\u00fasica.<\/p>\n<p style=\"text-align: justify;\">A bola da vez foi a boate Luxx no Parque Tamandar\u00e9. Recanto preferido na atualidade pela juventude da cidade.<\/p>\n<p style=\"text-align: justify;\">A mat\u00e9ria n\u00e3o quis trazer para a briga o verdadeiro incomodado pelo som que \u00e9 o hotel Ramada.<\/p>\n<p style=\"text-align: justify;\">O pr\u00e9dio de onde foi feito as imagens realmente poderia ter sido atingido pela m\u00fasica alta, mas isso faz parte da vida.<\/p>\n<p style=\"text-align: justify;\">Depois de destruir boa parte da economia local n\u00e3o \u00e9 justo que se inicie uma cruzada contra as casas noturnas, como vem sendo noticiado.<\/p>\n<p style=\"text-align: justify;\">\u00c9 dif\u00edcil se falar em casa noturna que n\u00e3o tenha m\u00fasica alta e que n\u00e3o tenha ocorr\u00eancia de alguns empurr\u00f5es.<\/p>\n<p style=\"text-align: justify;\">Isso n\u00e3o \u00e9 privil\u00e9gio de Campos \u00e9 de qualquer lugar do mundo.<\/p>\n<p style=\"text-align: justify;\">Tamb\u00e9m est\u00e3o fazendo uma acusa\u00e7\u00e3o \u00e0 boate Luxx pela presen\u00e7a de carros de clientes com m\u00fasica alta em fila dupla na rua. Como que o dono da boate pode controlar os ve\u00edculos na rua?<\/p>\n<p style=\"text-align: justify;\">Tem uma boate em frente ao Baviera que vire e mexe tamb\u00e9m tem esse tipo de ocorr\u00eancia, principalmente na sa\u00edda da boate.<\/p>\n<p style=\"text-align: justify;\">O mundo n\u00e3o pode parar para meia d\u00fazia de representantes de uma elite em decad\u00eancia, como \u00e9 o caso de Campos.<\/p>\n<p style=\"text-align: justify;\">N\u00e3o conhe\u00e7o o dono da boate, nunca vi o dono da boate e nem o dono do hotel Ramada.<\/p>\n","protected":false},"excerpt":{"rendered":"<p>A m\u00eddia corporativa de Campos saiu em ataque \u00e0s casas noturnas que funcionam com m\u00fasica. A bola da vez foi&#8230;<\/p>\n","protected":false},"author":2,"featured_media":286,"comment_status":"open","ping_status":"open","sticky":false,"template":"","format":"standard","meta":{"colormag_page_container_layout":"default_layout","colormag_page_sidebar_layout":"default_layout","jetpack_post_was_ever_published":false,"_jetpack_newsletter_access":"","_jetpack_dont_email_post_to_subs":false,"_jetpack_newsletter_tier_id":0,"_jetpack_memberships_contains_paywalled_content":false,"_jetpack_memberships_contains_paid_content":false,"footnotes":""},"categories":[2],"tags":[],"class_list":["post-1252","post","type-post","status-publish","format-standard","has-post-thumbnail","hentry","category-politica"],"jetpack_featured_media_url":"https:\/\/www.tribunanf.com.br\/blogdoralfereis\/wp-content\/uploads\/sites\/11\/2018\/06\/rafael-na-prefeitura-540x360.jpg","jetpack_sharing_enabled":true,"_links":{"self":[{"href":"https:\/\/www.tribunanf.com.br\/blogdoralfereis\/wp-json\/wp\/v2\/posts\/1252","targetHints":{"allow":["GET"]}}],"collection":[{"href":"https:\/\/www.tribunanf.com.br\/blogdoralfereis\/wp-json\/wp\/v2\/posts"}],"about":[{"href":"https:\/\/www.tribunanf.com.br\/blogdoralfereis\/wp-json\/wp\/v2\/types\/post"}],"author":[{"embeddable":true,"href":"https:\/\/www.tribunanf.com.br\/blogdoralfereis\/wp-json\/wp\/v2\/users\/2"}],"replies":[{"embeddable":true,"href":"https:\/\/www.tribunanf.com.br\/blogdoralfereis\/wp-json\/wp\/v2\/comments?post=1252"}],"version-history":[{"count":0,"href":"https:\/\/www.tribunanf.com.br\/blogdoralfereis\/wp-json\/wp\/v2\/posts\/1252\/revisions"}],"wp:featuredmedia":[{"embeddable":true,"href":"https:\/\/www.tribunanf.com.br\/blogdoralfereis\/wp-json\/wp\/v2\/media\/286"}],"wp:attachment":[{"href":"https:\/\/www.tribunanf.com.br\/blogdoralfereis\/wp-json\/wp\/v2\/media?parent=1252"}],"wp:term":[{"taxonomy":"category","embeddable":true,"href":"https:\/\/www.tribunanf.com.br\/blogdoralfereis\/wp-json\/wp\/v2\/categories?post=1252"},{"taxonomy":"post_tag","embeddable":true,"href":"https:\/\/www.tribunanf.com.br\/blogdoralfereis\/wp-json\/wp\/v2\/tags?post=1252"}],"curies":[{"name":"wp","href":"https:\/\/api.w.org\/{rel}","templated":true}]}}