{"id":12496,"date":"2024-02-29T08:22:23","date_gmt":"2024-02-29T11:22:23","guid":{"rendered":"https:\/\/www.tribunanf.com.br\/blogdoralfereis\/?p=12496"},"modified":"2024-02-29T08:22:23","modified_gmt":"2024-02-29T11:22:23","slug":"rodrigo-bacellar-vai-pra-linha-de-frente-da-campanha-de-rueda-pela-presidencia-do-uniao-brasil","status":"publish","type":"post","link":"https:\/\/www.tribunanf.com.br\/blogdoralfereis\/2024\/02\/29\/rodrigo-bacellar-vai-pra-linha-de-frente-da-campanha-de-rueda-pela-presidencia-do-uniao-brasil\/","title":{"rendered":"Rodrigo Bacellar vai pra linha de frente da campanha de Rueda pela presid\u00eancia do Uni\u00e3o Brasil"},"content":{"rendered":"<p><img loading=\"lazy\" decoding=\"async\" class=\"aligncenter size-large wp-image-12497\" src=\"https:\/\/www.tribunanf.com.br\/blogdoralfereis\/wp-content\/uploads\/sites\/11\/2024\/02\/PHOTO-2024-02-28-22-00-28_Easy-Resize.com_-1024x768.jpg\" alt=\"\" width=\"800\" height=\"600\" srcset=\"https:\/\/www.tribunanf.com.br\/blogdoralfereis\/wp-content\/uploads\/sites\/11\/2024\/02\/PHOTO-2024-02-28-22-00-28_Easy-Resize.com_-1024x768.jpg 1024w, https:\/\/www.tribunanf.com.br\/blogdoralfereis\/wp-content\/uploads\/sites\/11\/2024\/02\/PHOTO-2024-02-28-22-00-28_Easy-Resize.com_-300x225.jpg 300w, https:\/\/www.tribunanf.com.br\/blogdoralfereis\/wp-content\/uploads\/sites\/11\/2024\/02\/PHOTO-2024-02-28-22-00-28_Easy-Resize.com_-768x576.jpg 768w, https:\/\/www.tribunanf.com.br\/blogdoralfereis\/wp-content\/uploads\/sites\/11\/2024\/02\/PHOTO-2024-02-28-22-00-28_Easy-Resize.com_.jpg 1280w\" sizes=\"auto, (max-width: 800px) 100vw, 800px\" \/><\/p>\n<p style=\"text-align: justify;\">A disputa pelo comando do Uni\u00e3o Brasil em Bras\u00edlia nesta quinta-feira est\u00e1 sendo acompanhada de perto pela c\u00fapula fluminense do partido. Se depender do grupo, a conven\u00e7\u00e3o j\u00e1 est\u00e1 decida: o atual vice-presidente, Ant\u00f4nio Rueda, ganha de lavada a vota\u00e7\u00e3o e conquista o mando na dire\u00e7\u00e3o partid\u00e1ria nacional.<\/p>\n<p style=\"text-align: justify;\">Na noite desta quarta-feira, enquanto o atual presidente, Ant\u00f4nio Bivar, espalhava brasa, atacando o advers\u00e1rio, a comitiva do Rio se reunia com Rueda para definir estrat\u00e9gias para o embate de amanh\u00e3 e contabilizar os votos absolutamente seguros.<\/p>\n<p style=\"text-align: justify;\">O futuro presidente da se\u00e7\u00e3o fluminense do partido, deputado Rodrigo Bacellar (presidente da Alerj); o deputado M\u00e1rcio Canella e o secretario da representa\u00e7\u00e3o do governo do Rio, Andr\u00e9 Moura, avan\u00e7aram pela madrugada em exaustivo trabalho junto aos convencionais.<\/p>\n<p style=\"text-align: justify;\">O empenho faz sentido e resulta da proximidade do atual vice com os dirigentes do Rio. Ant\u00f4nio Rueda tem se dedicado \u00e0s articula\u00e7\u00f5es do partido no estado \u00e9 o principal avalista do empoderamento de Bacellar no comando da sigla.<\/p>\n<p style=\"text-align: justify;\">Fonte: Com informa\u00e7\u00f5es do<strong><a href=\"https:\/\/agendadopoder.com.br\/bacellar-vai-pra-linha-de-frente-da-campanha-de-rueda-pela-presidencia-do-uniao-brasil\/\" target=\"_blank\" rel=\"noopener\"> jornalista Ricardo Bruno, do Agenda do Poder<\/a><\/strong><\/p>\n","protected":false},"excerpt":{"rendered":"<p>A disputa pelo comando do Uni\u00e3o Brasil em Bras\u00edlia nesta quinta-feira est\u00e1 sendo acompanhada de perto pela c\u00fapula fluminense do&#8230;<\/p>\n","protected":false},"author":2,"featured_media":12497,"comment_status":"open","ping_status":"open","sticky":false,"template":"","format":"standard","meta":{"colormag_page_container_layout":"default_layout","colormag_page_sidebar_layout":"default_layout","jetpack_post_was_ever_published":false,"_jetpack_newsletter_access":"","_jetpack_dont_email_post_to_subs":false,"_jetpack_newsletter_tier_id":0,"_jetpack_memberships_contains_paywalled_content":false,"_jetpack_memberships_contains_paid_content":false,"footnotes":""},"categories":[2],"tags":[],"class_list":["post-12496","post","type-post","status-publish","format-standard","has-post-thumbnail","hentry","category-politica"],"jetpack_featured_media_url":"https:\/\/www.tribunanf.com.br\/blogdoralfereis\/wp-content\/uploads\/sites\/11\/2024\/02\/PHOTO-2024-02-28-22-00-28_Easy-Resize.com_.jpg","jetpack_sharing_enabled":true,"_links":{"self":[{"href":"https:\/\/www.tribunanf.com.br\/blogdoralfereis\/wp-json\/wp\/v2\/posts\/12496","targetHints":{"allow":["GET"]}}],"collection":[{"href":"https:\/\/www.tribunanf.com.br\/blogdoralfereis\/wp-json\/wp\/v2\/posts"}],"about":[{"href":"https:\/\/www.tribunanf.com.br\/blogdoralfereis\/wp-json\/wp\/v2\/types\/post"}],"author":[{"embeddable":true,"href":"https:\/\/www.tribunanf.com.br\/blogdoralfereis\/wp-json\/wp\/v2\/users\/2"}],"replies":[{"embeddable":true,"href":"https:\/\/www.tribunanf.com.br\/blogdoralfereis\/wp-json\/wp\/v2\/comments?post=12496"}],"version-history":[{"count":0,"href":"https:\/\/www.tribunanf.com.br\/blogdoralfereis\/wp-json\/wp\/v2\/posts\/12496\/revisions"}],"wp:featuredmedia":[{"embeddable":true,"href":"https:\/\/www.tribunanf.com.br\/blogdoralfereis\/wp-json\/wp\/v2\/media\/12497"}],"wp:attachment":[{"href":"https:\/\/www.tribunanf.com.br\/blogdoralfereis\/wp-json\/wp\/v2\/media?parent=12496"}],"wp:term":[{"taxonomy":"category","embeddable":true,"href":"https:\/\/www.tribunanf.com.br\/blogdoralfereis\/wp-json\/wp\/v2\/categories?post=12496"},{"taxonomy":"post_tag","embeddable":true,"href":"https:\/\/www.tribunanf.com.br\/blogdoralfereis\/wp-json\/wp\/v2\/tags?post=12496"}],"curies":[{"name":"wp","href":"https:\/\/api.w.org\/{rel}","templated":true}]}}