{"id":1249,"date":"2018-12-05T22:01:23","date_gmt":"2018-12-06T00:01:23","guid":{"rendered":"http:\/\/www.tribunanf.com.br\/blogdoralfereis\/?p=1249"},"modified":"2018-12-05T22:01:23","modified_gmt":"2018-12-06T00:01:23","slug":"em-dez-meses-rafael-diniz-reduz-gastos-em-3419-do-social-e-aumenta-em-24035-a-propaganda","status":"publish","type":"post","link":"https:\/\/www.tribunanf.com.br\/blogdoralfereis\/2018\/12\/05\/em-dez-meses-rafael-diniz-reduz-gastos-em-3419-do-social-e-aumenta-em-24035-a-propaganda\/","title":{"rendered":"Em dez meses, Rafael Diniz reduz gastos em 34,19% do Social e aumenta em 240,35% a propaganda"},"content":{"rendered":"<p style=\"text-align: justify;\"><img loading=\"lazy\" decoding=\"async\" class=\"aligncenter size-full wp-image-115\" src=\"http:\/\/www.tribunanf.com.br\/blogdoralfereis\/wp-content\/uploads\/sites\/11\/2018\/06\/rafael-diniz-prefeito.jpg\" alt=\"\" width=\"738\" height=\"490\" srcset=\"https:\/\/www.tribunanf.com.br\/blogdoralfereis\/wp-content\/uploads\/sites\/11\/2018\/06\/rafael-diniz-prefeito.jpg 738w, https:\/\/www.tribunanf.com.br\/blogdoralfereis\/wp-content\/uploads\/sites\/11\/2018\/06\/rafael-diniz-prefeito-300x199.jpg 300w\" sizes=\"auto, (max-width: 738px) 100vw, 738px\" \/><\/p>\n<p style=\"text-align: justify;\">Do blog do economista <a href=\"https:\/\/blogdojosealvesneto.blogspot.com\/2018\/12\/em-dez-meses-de-execucao-orcamentario.html?fbclid=IwAR3VLhZH3XnDXR7W72n18ZHy01BUqQwuivc_MSE6_XWqwg_RV0ClOAsjhqk\" target=\"_blank\" rel=\"noopener\">Jos\u00e9 Alves de Azevedo Neto<\/a><\/p>\n<p style=\"text-align: justify;\">De acordo com o Balan\u00e7o de Execu\u00e7\u00e3o Or\u00e7ament\u00e1ria da Prefeitura Municipal de Campos, de janeiro a outubro do ano de 2018, comparado ao mesmo per\u00edodo do ano de 2017, os gastos realizados efetivamente pelo Governo Rafael Diniz, nas principais \u00e1reas representadas, no gr\u00e1fico e na tabela, foram os seguintes.<\/p>\n<p style=\"text-align: justify;\"><img loading=\"lazy\" decoding=\"async\" class=\"aligncenter size-full wp-image-1250\" src=\"http:\/\/www.tribunanf.com.br\/blogdoralfereis\/wp-content\/uploads\/sites\/11\/2018\/12\/g2.jpg\" alt=\"\" width=\"640\" height=\"381\" srcset=\"https:\/\/www.tribunanf.com.br\/blogdoralfereis\/wp-content\/uploads\/sites\/11\/2018\/12\/g2.jpg 640w, https:\/\/www.tribunanf.com.br\/blogdoralfereis\/wp-content\/uploads\/sites\/11\/2018\/12\/g2-300x179.jpg 300w\" sizes=\"auto, (max-width: 640px) 100vw, 640px\" \/><\/p>\n<p style=\"text-align: justify;\">No ano de 2018, o governo gastou na Sa\u00fade R$ 612,488 milh\u00f5es, contra o valor de R$ 570,853 milh\u00f5es no ano de 2017. Os gastos de janeiro a outubro aumentaram no ano de 2018, 7,29% em rela\u00e7\u00e3o ao ano de 2017.<\/p>\n<p style=\"text-align: justify;\">No setor da Educa\u00e7\u00e3o, foram gastos de janeiro a outubro de 2018, o quantitativo financeiro de 255,524. Em 2017 os gastos atingiram o valor de 239,341 milh\u00f5es. O aumento de 2018 em rela\u00e7\u00e3o ao ano de 2017 foi de 6,76%.<\/p>\n<p style=\"text-align: justify;\">Na Agricultura, segmento desprestigiado pelo governo municipal, em 2018 se gastou R$ 200,522 mil, enquanto, de janeiro a outubro do ano de 2017 se executou financeiramente do or\u00e7amento, apenas, R$ 66,00 mil.<\/p>\n<p style=\"text-align: justify;\">Em rela\u00e7\u00e3o a pol\u00edtica social do governo, a cargo da Assist\u00eancia Social. Os gastos sofreram significativa redu\u00e7\u00e3o. No ano de 2018, os valores executados financeiramente, atingiram o patamar de R$ 28,052 milh\u00f5es. No ano de 2017, este quantitativo ficou em R$ 42,624 milh\u00f5es. Os recursos destinados pelo Governo Diniz, na \u00e1rea social de janeiro a outubro do ano de 2018, reduziram 34,19%.<\/p>\n<p style=\"text-align: justify;\">O Poder Legislativo campista, aumentou os seus gastos em 2018 em rela\u00e7\u00e3o ao ano de 2017 em 10,18%, conforme registrado no gr\u00e1fico e na tabela. E a Comunica\u00e7\u00e3o Social, os gastos, tamb\u00e9m, se elevaram no exerc\u00edcio fiscal de 2018, em rela\u00e7\u00e3o ao ano de 2017 em 240,35%.<\/p>\n<p style=\"text-align: justify;\">Por fim, acima est\u00e3o os valores referentes a execu\u00e7\u00e3o financeira de dez meses do or\u00e7amento aprovado pela C\u00e2mara Municipal, para viger no ano fiscal de 2018.<\/p>\n","protected":false},"excerpt":{"rendered":"<p>Do blog do economista Jos\u00e9 Alves de Azevedo Neto De acordo com o Balan\u00e7o de Execu\u00e7\u00e3o Or\u00e7ament\u00e1ria da Prefeitura Municipal&#8230;<\/p>\n","protected":false},"author":2,"featured_media":115,"comment_status":"open","ping_status":"open","sticky":false,"template":"","format":"standard","meta":{"colormag_page_container_layout":"default_layout","colormag_page_sidebar_layout":"default_layout","jetpack_post_was_ever_published":false,"_jetpack_newsletter_access":"","_jetpack_dont_email_post_to_subs":false,"_jetpack_newsletter_tier_id":0,"_jetpack_memberships_contains_paywalled_content":false,"_jetpack_memberships_contains_paid_content":false,"footnotes":""},"categories":[2],"tags":[],"class_list":["post-1249","post","type-post","status-publish","format-standard","has-post-thumbnail","hentry","category-politica"],"jetpack_featured_media_url":"https:\/\/www.tribunanf.com.br\/blogdoralfereis\/wp-content\/uploads\/sites\/11\/2018\/06\/rafael-diniz-prefeito.jpg","jetpack_sharing_enabled":true,"_links":{"self":[{"href":"https:\/\/www.tribunanf.com.br\/blogdoralfereis\/wp-json\/wp\/v2\/posts\/1249","targetHints":{"allow":["GET"]}}],"collection":[{"href":"https:\/\/www.tribunanf.com.br\/blogdoralfereis\/wp-json\/wp\/v2\/posts"}],"about":[{"href":"https:\/\/www.tribunanf.com.br\/blogdoralfereis\/wp-json\/wp\/v2\/types\/post"}],"author":[{"embeddable":true,"href":"https:\/\/www.tribunanf.com.br\/blogdoralfereis\/wp-json\/wp\/v2\/users\/2"}],"replies":[{"embeddable":true,"href":"https:\/\/www.tribunanf.com.br\/blogdoralfereis\/wp-json\/wp\/v2\/comments?post=1249"}],"version-history":[{"count":0,"href":"https:\/\/www.tribunanf.com.br\/blogdoralfereis\/wp-json\/wp\/v2\/posts\/1249\/revisions"}],"wp:featuredmedia":[{"embeddable":true,"href":"https:\/\/www.tribunanf.com.br\/blogdoralfereis\/wp-json\/wp\/v2\/media\/115"}],"wp:attachment":[{"href":"https:\/\/www.tribunanf.com.br\/blogdoralfereis\/wp-json\/wp\/v2\/media?parent=1249"}],"wp:term":[{"taxonomy":"category","embeddable":true,"href":"https:\/\/www.tribunanf.com.br\/blogdoralfereis\/wp-json\/wp\/v2\/categories?post=1249"},{"taxonomy":"post_tag","embeddable":true,"href":"https:\/\/www.tribunanf.com.br\/blogdoralfereis\/wp-json\/wp\/v2\/tags?post=1249"}],"curies":[{"name":"wp","href":"https:\/\/api.w.org\/{rel}","templated":true}]}}