{"id":12489,"date":"2024-02-28T10:05:03","date_gmt":"2024-02-28T13:05:03","guid":{"rendered":"https:\/\/www.tribunanf.com.br\/blogdoralfereis\/?p=12489"},"modified":"2024-02-28T10:05:03","modified_gmt":"2024-02-28T13:05:03","slug":"tse-veta-uso-do-adversario-como-palavra-chave-em-buscas-na-internet","status":"publish","type":"post","link":"https:\/\/www.tribunanf.com.br\/blogdoralfereis\/2024\/02\/28\/tse-veta-uso-do-adversario-como-palavra-chave-em-buscas-na-internet\/","title":{"rendered":"TSE veta uso do advers\u00e1rio como palavra-chave em buscas na internet"},"content":{"rendered":"<p><img loading=\"lazy\" decoding=\"async\" class=\"aligncenter size-large wp-image-12261\" src=\"https:\/\/www.tribunanf.com.br\/blogdoralfereis\/wp-content\/uploads\/sites\/11\/2024\/01\/eleicoes-direito_Easy-Resize.com_-1024x495.jpg\" alt=\"\" width=\"800\" height=\"387\" srcset=\"https:\/\/www.tribunanf.com.br\/blogdoralfereis\/wp-content\/uploads\/sites\/11\/2024\/01\/eleicoes-direito_Easy-Resize.com_-1024x495.jpg 1024w, https:\/\/www.tribunanf.com.br\/blogdoralfereis\/wp-content\/uploads\/sites\/11\/2024\/01\/eleicoes-direito_Easy-Resize.com_-300x145.jpg 300w, https:\/\/www.tribunanf.com.br\/blogdoralfereis\/wp-content\/uploads\/sites\/11\/2024\/01\/eleicoes-direito_Easy-Resize.com_-768x371.jpg 768w, https:\/\/www.tribunanf.com.br\/blogdoralfereis\/wp-content\/uploads\/sites\/11\/2024\/01\/eleicoes-direito_Easy-Resize.com_.jpg 1280w\" sizes=\"auto, (max-width: 800px) 100vw, 800px\" \/><\/p>\n<p style=\"text-align: justify;\">Para as elei\u00e7\u00f5es de 2024, candidatos e partidos est\u00e3o proibidos de patrocinar conte\u00fado em sites de busca na internet que usem como palavra-chave o nome, sigla ou apelido de advers\u00e1rios, mesmo se a inten\u00e7\u00e3o for fazer propaganda positiva de si pr\u00f3prios.<\/p>\n<p style=\"text-align: justify;\">A veda\u00e7\u00e3o \u00e9 uma das altera\u00e7\u00f5es feitas pelo Tribunal Superior Eleitoral no texto da\u00a0<a href=\"https:\/\/www.tse.jus.br\/legislacao\/compilada\/res\/2019\/resolucao-no-23-610-de-18-de-dezembro-de-2019\" target=\"_blank\" rel=\"noopener\">Resolu\u00e7\u00e3o 23.610\/2019<\/a>, por meio da qual a Corte regulamenta a propaganda eleitoral. As mudan\u00e7as foram aprovadas na noite de ter\u00e7a-feira (28\/2).<\/p>\n<p style=\"text-align: justify;\">At\u00e9 ent\u00e3o, o tema n\u00e3o estava resolvido por lei ou por regulamenta\u00e7\u00e3o, mas j\u00e1 havia jurisprud\u00eancia em sentido oposto: de permitir o uso do advers\u00e1rio como palavra-chave de buscas na internet, desde que n\u00e3o fosse para fazer propaganda negativa dele.<\/p>\n<p style=\"text-align: justify;\">O TSE\u00a0firmou essa posi\u00e7\u00e3o em 2020\u00a0e\u00a0reafirmou em 2021, em ambos os casos por maioria apertada de 4 votos a 3.<\/p>\n<p style=\"text-align: justify;\">Posteriormente, o tribunal julgou improcedente uma a\u00e7\u00e3o contra Lula, acusado de uso indevido dos meios de comunica\u00e7\u00e3o nas elei\u00e7\u00f5es de 2022 porque contratou palavras-chave que lhe seriam negativas para impulsionar conte\u00fado positivo.<\/p>\n<p style=\"text-align: justify;\">Durante o tr\u00e2mite da a\u00e7\u00e3o contra Lula, o TSE recebeu dados do uso de links patrocinados no Google e descobriu ind\u00edcios de abuso tanto pela campanha petista como pela de Jair Bolsonaro. Integrantes da corte sugeriram, \u00e0 \u00e9poca, regulamenta\u00e7\u00e3o espec\u00edfica para o tema.<\/p>\n<p style=\"text-align: justify;\">Ela veio na forma do artigo 28, par\u00e1grafo 7\u00ba-B, inciso II da Resolu\u00e7\u00e3o 23.610\/2019, cuja inclus\u00e3o foi aprovada por maioria de votos. Dois ministros divergiram e foram contra.<\/p>\n<p style=\"text-align: justify;\">Mudamos, ent\u00e3o?<\/p>\n<p style=\"text-align: justify;\">O ministro Floriano de Azevedo Marques destacou que o TSE tem um recurso sobre o tema em vota\u00e7\u00e3o, paralisado por pedido de vista, que discute o tema. Nele, ele se posicionou de acordo com a jurisprud\u00eancia e, portanto, contr\u00e1rio \u00e0 norma inclu\u00edda na resolu\u00e7\u00e3o eleitoral.<\/p>\n<p style=\"text-align: justify;\">\u201cA pesquisa vinculada ao impulsionamento positivo d\u00e1 ao eleitor condi\u00e7\u00f5es de aferir os m\u00e9ritos do candidato que pesquisou e tamb\u00e9m daquele que est\u00e1 impulsionando o conte\u00fado\u201d, justificou.<\/p>\n<p style=\"text-align: justify;\">J\u00e1 o ministro Nunes Marques, que \u00e9 cr\u00edtico do uso de impulsionamento de conte\u00fado eleitoral, destacou que o trabalho do TSE na prepara\u00e7\u00e3o de resolu\u00e7\u00f5es \u00e9 de consolida\u00e7\u00e3o das posi\u00e7\u00f5es firmadas na interpreta\u00e7\u00e3o da lei.<\/p>\n<p style=\"text-align: justify;\">\u201cTodos os julgamentos que tivemos at\u00e9 ent\u00e3o sobre o tema foram com placares apertad\u00edssimos e contr\u00e1rios \u00e0 forma\u00e7\u00e3o dessa jurisprud\u00eancia [que pro\u00edbe a contrata\u00e7\u00e3o de palavras-chave com o nome do advers\u00e1rio]\u201d, destacou, ao tamb\u00e9m ficar vencido.<\/p>\n<p style=\"text-align: justify;\">Melhor proibir<\/p>\n<p style=\"text-align: justify;\">A maioria aprovou a proposta da ministra C\u00e1rmen L\u00facia, que a justificou como uma consolida\u00e7\u00e3o da jurisprud\u00eancia. Votaram com ela a ministra Isabel Gallotti e o ministro Alexandre de Moraes, que frequentemente se refere ao tema como \u201cestelionato eleitoral\u201d.<\/p>\n<p style=\"text-align: justify;\">Tamb\u00e9m formou maioria o ministro Andr\u00e9 Ramos Tavares, para quem o patroc\u00ednio de links nas elei\u00e7\u00f5es acaba por falsear os resultados das buscas em um ambiente virtual que se tornou absolutamente necess\u00e1rio nas campanhas eleitorais.<\/p>\n<p style=\"text-align: justify;\">\u201cNa medida em que a pessoa busca um candidato e, no resultado, aparece outro, ainda que a propaganda seja positiva, vamos ter um certo falseamento da busca realizada em um ambiente digital que n\u00e3o \u00e9 secund\u00e1rio\u201d, justificou.<\/p>\n<p style=\"text-align: justify;\">Instru\u00e7\u00e3o 0600751-65.2019.6.00.0000<\/p>\n<p style=\"text-align: justify;\">Fonte: Conjur<\/p>\n","protected":false},"excerpt":{"rendered":"<p>Para as elei\u00e7\u00f5es de 2024, candidatos e partidos est\u00e3o proibidos de patrocinar conte\u00fado em sites de busca na internet que&#8230;<\/p>\n","protected":false},"author":2,"featured_media":12261,"comment_status":"open","ping_status":"open","sticky":false,"template":"","format":"standard","meta":{"colormag_page_container_layout":"default_layout","colormag_page_sidebar_layout":"default_layout","jetpack_post_was_ever_published":false,"_jetpack_newsletter_access":"","_jetpack_dont_email_post_to_subs":false,"_jetpack_newsletter_tier_id":0,"_jetpack_memberships_contains_paywalled_content":false,"_jetpack_memberships_contains_paid_content":false,"footnotes":""},"categories":[2],"tags":[],"class_list":["post-12489","post","type-post","status-publish","format-standard","has-post-thumbnail","hentry","category-politica"],"jetpack_featured_media_url":"https:\/\/www.tribunanf.com.br\/blogdoralfereis\/wp-content\/uploads\/sites\/11\/2024\/01\/eleicoes-direito_Easy-Resize.com_.jpg","jetpack_sharing_enabled":true,"_links":{"self":[{"href":"https:\/\/www.tribunanf.com.br\/blogdoralfereis\/wp-json\/wp\/v2\/posts\/12489","targetHints":{"allow":["GET"]}}],"collection":[{"href":"https:\/\/www.tribunanf.com.br\/blogdoralfereis\/wp-json\/wp\/v2\/posts"}],"about":[{"href":"https:\/\/www.tribunanf.com.br\/blogdoralfereis\/wp-json\/wp\/v2\/types\/post"}],"author":[{"embeddable":true,"href":"https:\/\/www.tribunanf.com.br\/blogdoralfereis\/wp-json\/wp\/v2\/users\/2"}],"replies":[{"embeddable":true,"href":"https:\/\/www.tribunanf.com.br\/blogdoralfereis\/wp-json\/wp\/v2\/comments?post=12489"}],"version-history":[{"count":0,"href":"https:\/\/www.tribunanf.com.br\/blogdoralfereis\/wp-json\/wp\/v2\/posts\/12489\/revisions"}],"wp:featuredmedia":[{"embeddable":true,"href":"https:\/\/www.tribunanf.com.br\/blogdoralfereis\/wp-json\/wp\/v2\/media\/12261"}],"wp:attachment":[{"href":"https:\/\/www.tribunanf.com.br\/blogdoralfereis\/wp-json\/wp\/v2\/media?parent=12489"}],"wp:term":[{"taxonomy":"category","embeddable":true,"href":"https:\/\/www.tribunanf.com.br\/blogdoralfereis\/wp-json\/wp\/v2\/categories?post=12489"},{"taxonomy":"post_tag","embeddable":true,"href":"https:\/\/www.tribunanf.com.br\/blogdoralfereis\/wp-json\/wp\/v2\/tags?post=12489"}],"curies":[{"name":"wp","href":"https:\/\/api.w.org\/{rel}","templated":true}]}}