{"id":12428,"date":"2024-02-08T12:59:25","date_gmt":"2024-02-08T15:59:25","guid":{"rendered":"https:\/\/www.tribunanf.com.br\/blogdoralfereis\/?p=12428"},"modified":"2024-02-08T12:59:25","modified_gmt":"2024-02-08T15:59:25","slug":"stf-torna-publicas-as-decisoes-sobre-operacao-que-investiga-bolsonaro-e-aliados-veja-os-documentos","status":"publish","type":"post","link":"https:\/\/www.tribunanf.com.br\/blogdoralfereis\/2024\/02\/08\/stf-torna-publicas-as-decisoes-sobre-operacao-que-investiga-bolsonaro-e-aliados-veja-os-documentos\/","title":{"rendered":"STF torna p\u00fablicas as decis\u00f5es sobre opera\u00e7\u00e3o que investiga Bolsonaro e aliados; veja os documentos"},"content":{"rendered":"<figure id=\"attachment_5929\" aria-describedby=\"caption-attachment-5929\" style=\"width: 800px\" class=\"wp-caption aligncenter\"><img loading=\"lazy\" decoding=\"async\" class=\"size-large wp-image-5929\" src=\"https:\/\/www.tribunanf.com.br\/blogdoralfereis\/wp-content\/uploads\/sites\/11\/2021\/01\/stf-1024x613.jpg\" alt=\"\" width=\"800\" height=\"479\" \/><figcaption id=\"caption-attachment-5929\" class=\"wp-caption-text\">STF &#8211; Supremo Tribunal Federal<\/figcaption><\/figure>\n<p style=\"text-align: justify;\">O ministro Alexandre de Moraes, do Supremo Tribunal Federal (STF), decretou a pris\u00e3o preventiva de quatro pessoas (Bernardo Rom\u00e3o Correia Neto, Rafael Martins de Oliveira, Filipe Garcia Martins Pereira e Marcelo Costa C\u00e2mara) e a busca e apreens\u00e3o de v\u00e1rios suspeitos de tentativa de golpe de Estado e de aboli\u00e7\u00e3o violenta do Estado Democr\u00e1tico de Direito, entre eles o ex-presidente da Rep\u00fablica Jair Bolsonaro.<\/p>\n<p style=\"text-align: justify;\">A medida se deu com base em pedido da Pol\u00edcia Federal (PF) e parecer favor\u00e1vel da Procuradoria-Geral da Rep\u00fablica (PGR). A investiga\u00e7\u00e3o re\u00fane elementos de diversos inqu\u00e9ritos em andamento no STF, entre eles o que apura a exist\u00eancia de uma mil\u00edcia digital em desfavor da democracia e os que investigam a incita\u00e7\u00e3o e o financiamento aos atos golpistas de 8 de janeiro.<\/p>\n<p style=\"text-align: justify;\">O ministro tamb\u00e9m determinou a proibi\u00e7\u00e3o de contato de todos com os demais investigados e ordenou a entrega de passaportes, com a veda\u00e7\u00e3o de se ausentarem do pa\u00eds.<\/p>\n<p style=\"text-align: justify;\"><b>N\u00facleos<\/b><\/p>\n<p>Segundo a Pol\u00edcia Federal, seis n\u00facleos de atua\u00e7\u00e3o disseminavam a narrativa de ocorr\u00eancia de fraude nas elei\u00e7\u00f5es presidenciais, antes mesmo da realiza\u00e7\u00e3o do pleito, para viabilizar uma interven\u00e7\u00e3o das For\u00e7as Armadas.<\/p>\n<p style=\"text-align: justify;\">Os n\u00facleos seriam os seguintes: desinforma\u00e7\u00e3o e ataques ao sistema eleitoral; incita\u00e7\u00e3o de militares a aderirem ao golpe de Estado; jur\u00eddico; operacional de apoio \u00e0s a\u00e7\u00f5es golpistas; intelig\u00eancia paralela; e oficiais de alta patente com influ\u00eancia e apoio a outros grupos.<\/p>\n<p style=\"text-align: justify;\"><a href=\"http:\/\/www.stf.jus.br\/arquivo\/cms\/noticiaNoticiaStf\/anexo\/PET12100Deciso.pdf\" target=\"_blank\" rel=\"noopener\">Confira a \u00edntegra da decis\u00e3o que autorizou a opera\u00e7\u00e3o<\/a><\/p>\n<p style=\"text-align: justify;\"><a href=\"http:\/\/www.stf.jus.br\/arquivo\/cms\/noticiaNoticiaStf\/anexo\/PET12100ParecerPGR.pdf\" target=\"_blank\" rel=\"noopener\">Confira a \u00edntegra do parecer da PGR<\/a><\/p>\n<p style=\"text-align: justify;\"><a href=\"http:\/\/www.stf.jus.br\/arquivo\/cms\/noticiaNoticiaStf\/anexo\/PET12100Aditamento.pdf\" target=\"_blank\" rel=\"noopener\">Confira o aditamento da decis\u00e3o sobre Valdemar Costa Neto<\/a><\/p>\n<p style=\"text-align: justify;\"><a href=\"http:\/\/www.stf.jus.br\/arquivo\/cms\/noticiaNoticiaStf\/anexo\/PET12100ParecerPGRAditamento.pdf\" target=\"_blank\" rel=\"noopener\">Confira o parecer da PGR sobre o aditamento<\/a><\/p>\n<p style=\"text-align: justify;\">Ascom STF*<\/p>\n","protected":false},"excerpt":{"rendered":"<p>O ministro Alexandre de Moraes, do Supremo Tribunal Federal (STF), decretou a pris\u00e3o preventiva de quatro pessoas (Bernardo Rom\u00e3o Correia&#8230;<\/p>\n","protected":false},"author":2,"featured_media":5929,"comment_status":"open","ping_status":"open","sticky":false,"template":"","format":"standard","meta":{"colormag_page_container_layout":"default_layout","colormag_page_sidebar_layout":"default_layout","jetpack_post_was_ever_published":false,"_jetpack_newsletter_access":"","_jetpack_dont_email_post_to_subs":false,"_jetpack_newsletter_tier_id":0,"_jetpack_memberships_contains_paywalled_content":false,"_jetpack_memberships_contains_paid_content":false,"footnotes":""},"categories":[2],"tags":[],"class_list":["post-12428","post","type-post","status-publish","format-standard","has-post-thumbnail","hentry","category-politica"],"jetpack_featured_media_url":"https:\/\/www.tribunanf.com.br\/blogdoralfereis\/wp-content\/uploads\/sites\/11\/2021\/01\/stf-e1610546871358.jpg","jetpack_sharing_enabled":true,"_links":{"self":[{"href":"https:\/\/www.tribunanf.com.br\/blogdoralfereis\/wp-json\/wp\/v2\/posts\/12428","targetHints":{"allow":["GET"]}}],"collection":[{"href":"https:\/\/www.tribunanf.com.br\/blogdoralfereis\/wp-json\/wp\/v2\/posts"}],"about":[{"href":"https:\/\/www.tribunanf.com.br\/blogdoralfereis\/wp-json\/wp\/v2\/types\/post"}],"author":[{"embeddable":true,"href":"https:\/\/www.tribunanf.com.br\/blogdoralfereis\/wp-json\/wp\/v2\/users\/2"}],"replies":[{"embeddable":true,"href":"https:\/\/www.tribunanf.com.br\/blogdoralfereis\/wp-json\/wp\/v2\/comments?post=12428"}],"version-history":[{"count":0,"href":"https:\/\/www.tribunanf.com.br\/blogdoralfereis\/wp-json\/wp\/v2\/posts\/12428\/revisions"}],"wp:featuredmedia":[{"embeddable":true,"href":"https:\/\/www.tribunanf.com.br\/blogdoralfereis\/wp-json\/wp\/v2\/media\/5929"}],"wp:attachment":[{"href":"https:\/\/www.tribunanf.com.br\/blogdoralfereis\/wp-json\/wp\/v2\/media?parent=12428"}],"wp:term":[{"taxonomy":"category","embeddable":true,"href":"https:\/\/www.tribunanf.com.br\/blogdoralfereis\/wp-json\/wp\/v2\/categories?post=12428"},{"taxonomy":"post_tag","embeddable":true,"href":"https:\/\/www.tribunanf.com.br\/blogdoralfereis\/wp-json\/wp\/v2\/tags?post=12428"}],"curies":[{"name":"wp","href":"https:\/\/api.w.org\/{rel}","templated":true}]}}