{"id":12424,"date":"2024-02-08T11:17:25","date_gmt":"2024-02-08T14:17:25","guid":{"rendered":"https:\/\/www.tribunanf.com.br\/blogdoralfereis\/?p=12424"},"modified":"2024-02-08T11:17:25","modified_gmt":"2024-02-08T14:17:25","slug":"alvo-da-pf-valdemar-costa-neto-e-preso-em-flagrante-por-porte-ilegal-de-arma-de-fogo","status":"publish","type":"post","link":"https:\/\/www.tribunanf.com.br\/blogdoralfereis\/2024\/02\/08\/alvo-da-pf-valdemar-costa-neto-e-preso-em-flagrante-por-porte-ilegal-de-arma-de-fogo\/","title":{"rendered":"Alvo da PF, Valdemar Costa Neto \u00e9 preso em flagrante por porte ilegal de arma de fogo"},"content":{"rendered":"<p><img loading=\"lazy\" decoding=\"async\" class=\"aligncenter size-full wp-image-7617\" src=\"https:\/\/www.tribunanf.com.br\/blogdoralfereis\/wp-content\/uploads\/sites\/11\/2021\/09\/valdemar.jpg\" alt=\"\" width=\"984\" height=\"581\" srcset=\"https:\/\/www.tribunanf.com.br\/blogdoralfereis\/wp-content\/uploads\/sites\/11\/2021\/09\/valdemar.jpg 984w, https:\/\/www.tribunanf.com.br\/blogdoralfereis\/wp-content\/uploads\/sites\/11\/2021\/09\/valdemar-300x177.jpg 300w, https:\/\/www.tribunanf.com.br\/blogdoralfereis\/wp-content\/uploads\/sites\/11\/2021\/09\/valdemar-768x453.jpg 768w\" sizes=\"auto, (max-width: 984px) 100vw, 984px\" \/><\/p>\n<p style=\"text-align: justify;\">O presidente do PL Valdemar Costa Neto foi preso em flagrante na Pol\u00edcia Federal na manh\u00e3 desta quinta-feira por porte ilegal de arma de fogo. Ele estava sendo alvo de um mandado de busca e apreens\u00e3o em uma a\u00e7\u00e3o que investiga a tentativa de golpe de Estado e aboli\u00e7\u00e3o do Estado Democr\u00e1tico de Direito, quando foi flagrado com uma arma com registro irregular, informa o Jornal O Globo.<\/p>\n<p style=\"text-align: justify;\">De acordo com a PF, est\u00e3o sendo cumpridos 30 mandados de busca e apreens\u00e3o, quatro mandados de pris\u00e3o preventiva e 48 medidas cautelares diversas da pris\u00e3o, que incluem a proibi\u00e7\u00e3o de manter contato com os demais investigados, proibi\u00e7\u00e3o de se ausentarem do pa\u00eds, com entrega dos passaportes e suspens\u00e3o do exerc\u00edcio de fun\u00e7\u00f5es p\u00fablicas.<\/p>\n<p style=\"text-align: justify;\">Policiais federais cumprem as medidas judiciais, expedidas pelo Supremo Tribunal Federal, nos estados do Amazonas, Rio de Janeiro, S\u00e3o Paulo, Minas Gerais, Mato Grosso do Sul, Cear\u00e1, Esp\u00edrito Santo, Paran\u00e1, Goi\u00e1s e no Distrito Federal.<\/p>\n<p style=\"text-align: justify;\">Nesta fase, as apura\u00e7\u00f5es apontam que o grupo investigado se dividiu em n\u00facleos de atua\u00e7\u00e3o para disseminar a ocorr\u00eancia de fraude nas Elei\u00e7\u00f5es Presidenciais de 2022, antes mesmo da realiza\u00e7\u00e3o do pleito, de modo a viabilizar e legitimar uma interven\u00e7\u00e3o militar, em din\u00e2mica de mil\u00edcia digital.<\/p>\n<p style=\"text-align: justify;\">O primeiro eixo consistiu na constru\u00e7\u00e3o e propaga\u00e7\u00e3o da vers\u00e3o de fraude nas Elei\u00e7\u00f5es de 2022, por meio da dissemina\u00e7\u00e3o falaciosa de vulnerabilidades do sistema eletr\u00f4nico de vota\u00e7\u00e3o, discurso reiterado pelos investigados desde 2019 e que persistiu mesmo ap\u00f3s os resultados do segundo turno do pleito em 2022.<\/p>\n<p style=\"text-align: justify;\">O segundo eixo de atua\u00e7\u00e3o consistiu na pr\u00e1tica de atos para subsidiar a aboli\u00e7\u00e3o do Estado Democr\u00e1tico de Direito, atrav\u00e9s de um golpe de Estado, com apoio de militares com conhecimentos e t\u00e1ticas de for\u00e7as especiais no ambiente politicamente sens\u00edvel.<\/p>\n<p style=\"text-align: justify;\">&#8220;Os fatos investigados configuram, em tese, os crimes de organiza\u00e7\u00e3o criminosa, aboli\u00e7\u00e3o violenta do Estado Democr\u00e1tico de Direito e golpe de Estado&#8221;, informou a PF, em nota.<\/p>\n<blockquote class=\"wp-embedded-content\" data-secret=\"PmBliwdsvN\"><p><a href=\"https:\/\/www.tribunanf.com.br\/policia-federal-faz-megaoperacao-contra-bolsonaro-e-aliados-por-tentativa-de-golpe\/\">Pol\u00edcia Federal faz megaopera\u00e7\u00e3o contra Bolsonaro e aliados por tentativa de golpe<\/a><\/p><\/blockquote>\n<p><iframe loading=\"lazy\" class=\"wp-embedded-content\" sandbox=\"allow-scripts\" security=\"restricted\" style=\"position: absolute; clip: rect(1px, 1px, 1px, 1px);\" title=\"&#8220;Pol\u00edcia Federal faz megaopera\u00e7\u00e3o contra Bolsonaro e aliados por tentativa de golpe&#8221; &#8212; Tribuna NF\" src=\"https:\/\/www.tribunanf.com.br\/policia-federal-faz-megaoperacao-contra-bolsonaro-e-aliados-por-tentativa-de-golpe\/embed\/#?secret=5hkcU2BcdN#?secret=PmBliwdsvN\" data-secret=\"PmBliwdsvN\" width=\"600\" height=\"338\" frameborder=\"0\" marginwidth=\"0\" marginheight=\"0\" scrolling=\"no\"><\/iframe><\/p>\n","protected":false},"excerpt":{"rendered":"<p>O presidente do PL Valdemar Costa Neto foi preso em flagrante na Pol\u00edcia Federal na manh\u00e3 desta quinta-feira por porte&#8230;<\/p>\n","protected":false},"author":2,"featured_media":7617,"comment_status":"open","ping_status":"open","sticky":false,"template":"","format":"standard","meta":{"colormag_page_container_layout":"default_layout","colormag_page_sidebar_layout":"default_layout","jetpack_post_was_ever_published":false,"_jetpack_newsletter_access":"","_jetpack_dont_email_post_to_subs":false,"_jetpack_newsletter_tier_id":0,"_jetpack_memberships_contains_paywalled_content":false,"_jetpack_memberships_contains_paid_content":false,"footnotes":""},"categories":[2],"tags":[],"class_list":["post-12424","post","type-post","status-publish","format-standard","has-post-thumbnail","hentry","category-politica"],"jetpack_featured_media_url":"https:\/\/www.tribunanf.com.br\/blogdoralfereis\/wp-content\/uploads\/sites\/11\/2021\/09\/valdemar.jpg","jetpack_sharing_enabled":true,"_links":{"self":[{"href":"https:\/\/www.tribunanf.com.br\/blogdoralfereis\/wp-json\/wp\/v2\/posts\/12424","targetHints":{"allow":["GET"]}}],"collection":[{"href":"https:\/\/www.tribunanf.com.br\/blogdoralfereis\/wp-json\/wp\/v2\/posts"}],"about":[{"href":"https:\/\/www.tribunanf.com.br\/blogdoralfereis\/wp-json\/wp\/v2\/types\/post"}],"author":[{"embeddable":true,"href":"https:\/\/www.tribunanf.com.br\/blogdoralfereis\/wp-json\/wp\/v2\/users\/2"}],"replies":[{"embeddable":true,"href":"https:\/\/www.tribunanf.com.br\/blogdoralfereis\/wp-json\/wp\/v2\/comments?post=12424"}],"version-history":[{"count":0,"href":"https:\/\/www.tribunanf.com.br\/blogdoralfereis\/wp-json\/wp\/v2\/posts\/12424\/revisions"}],"wp:featuredmedia":[{"embeddable":true,"href":"https:\/\/www.tribunanf.com.br\/blogdoralfereis\/wp-json\/wp\/v2\/media\/7617"}],"wp:attachment":[{"href":"https:\/\/www.tribunanf.com.br\/blogdoralfereis\/wp-json\/wp\/v2\/media?parent=12424"}],"wp:term":[{"taxonomy":"category","embeddable":true,"href":"https:\/\/www.tribunanf.com.br\/blogdoralfereis\/wp-json\/wp\/v2\/categories?post=12424"},{"taxonomy":"post_tag","embeddable":true,"href":"https:\/\/www.tribunanf.com.br\/blogdoralfereis\/wp-json\/wp\/v2\/tags?post=12424"}],"curies":[{"name":"wp","href":"https:\/\/api.w.org\/{rel}","templated":true}]}}