{"id":12413,"date":"2024-02-07T09:24:08","date_gmt":"2024-02-07T12:24:08","guid":{"rendered":"https:\/\/www.tribunanf.com.br\/blogdoralfereis\/?p=12413"},"modified":"2024-02-07T09:24:08","modified_gmt":"2024-02-07T12:24:08","slug":"chequinho-apos-stf-anular-acao-processo-esta-apto-para-nova-sentenca-em-primeira-instancia","status":"publish","type":"post","link":"https:\/\/www.tribunanf.com.br\/blogdoralfereis\/2024\/02\/07\/chequinho-apos-stf-anular-acao-processo-esta-apto-para-nova-sentenca-em-primeira-instancia\/","title":{"rendered":"Chequinho: Ap\u00f3s STF anular a\u00e7\u00e3o, processo est\u00e1 apto para nova senten\u00e7a em primeira inst\u00e2ncia"},"content":{"rendered":"<p><img loading=\"lazy\" decoding=\"async\" class=\"aligncenter size-full wp-image-634\" src=\"https:\/\/www.tribunanf.com.br\/blogdoralfereis\/wp-content\/uploads\/sites\/11\/2018\/08\/forum.jpg\" alt=\"\" width=\"1000\" height=\"664\" srcset=\"https:\/\/www.tribunanf.com.br\/blogdoralfereis\/wp-content\/uploads\/sites\/11\/2018\/08\/forum.jpg 1000w, https:\/\/www.tribunanf.com.br\/blogdoralfereis\/wp-content\/uploads\/sites\/11\/2018\/08\/forum-300x199.jpg 300w, https:\/\/www.tribunanf.com.br\/blogdoralfereis\/wp-content\/uploads\/sites\/11\/2018\/08\/forum-768x510.jpg 768w\" sizes=\"auto, (max-width: 1000px) 100vw, 1000px\" \/><\/p>\n<p style=\"text-align: justify;\">Ap\u00f3s o Supremo Tribunal Federal anular a condena\u00e7\u00e3o do ex-vereador Thiago Ferrugem no \u00e2mbito da Opera\u00e7\u00e3o Chequinho e determinar o seu retorno para novo julgamento em primeira inst\u00e2ncia, o processo encontra-se maduro para nova prola\u00e7\u00e3o de senten\u00e7a.<\/p>\n<p style=\"text-align: justify;\">\u00c9 o que aponta o despacho do juiz Leonardo Cajueiro, da 76\u00aa Zona Eleitoral de Campos dos Goytacazes, proferido na \u00faltima semana.<\/p>\n<p style=\"text-align: justify;\">Ferrugem foi condenado pelo Tribunal Regional Eleitoral (TRE), em agosto de 2019, a tr\u00eas anos e oito meses de pris\u00e3o, substitu\u00eddos por pagamento de multa e proibi\u00e7\u00e3o de exercer cargos p\u00fablicos, por suposta troca de votos por benef\u00edcios do programa Cheque Cidad\u00e3o na elei\u00e7\u00e3o municipal de 2016.<\/p>\n<p style=\"text-align: justify;\">Em agosto de 2022, a Segunda Turma do Supremo Tribunal Federal anulou uma das provas obtidas durante busca e apreens\u00e3o, que foram declaradas il\u00edcitas (<a href=\"https:\/\/www.tribunanf.com.br\/blogdoralfereis\/2022\/08\/05\/stf-confirma-anulacao-da-operacao-chequinho\/\">Relembre aqui)<\/a>.<\/p>\n<p style=\"text-align: justify;\">Retornando a primeira inst\u00e2ncia, o processo j\u00e1 est\u00e1 apto para nova senten\u00e7a.<\/p>\n<div class=\"logo\" style=\"text-align: justify;\"><strong>DECIS\u00c3O<\/strong><\/div>\n<div class=\"logo\" style=\"text-align: justify;\"><\/div>\n<div class=\"logo\" style=\"text-align: justify;\"><em>&#8220;1) Com rela\u00e7\u00e3o ao requerimento de realiza\u00e7\u00e3o de prova pericial no computador apreendido na Secretaria Municipal de Desenvolvimento Humano e Social de Campos dos Goytacazes, Indefiro. Fase Probat\u00f3ria j\u00e1 superada. O pr\u00f3prio Minist\u00e9rio P\u00fablico, titular da a\u00e7\u00e3o penal, no ID n.\u00ba 120077566, reconhece que o processo est\u00e1 apto para senten\u00e7a, desconsiderando-se as provas reconhecidas como imprest\u00e1veis pelo STF.<\/em><\/div>\n<div class=\"logo\" style=\"text-align: justify;\"><\/div>\n<div class=\"logo\" style=\"text-align: justify;\"><em>2) Estendo os efeitos da imprestabilidade da prova e a consequente nulidade da senten\u00e7a condenat\u00f3ria aos demais r\u00e9us. O Minist\u00e9rio P\u00fablico j\u00e1 ratificou suas alega\u00e7\u00f5es finais, bem como os r\u00e9us Amaro Roberto Pinto e Thiago\u00a0 Cerqueira Ferrugem Nascimento se manifestaram nos IDs n.\u00ba\u00a0120527930 e\u00a0120714435, respectivamente.\u00a0<\/em><\/div>\n<div class=\"logo\" style=\"text-align: justify;\"><\/div>\n<div class=\"logo\" style=\"text-align: justify;\"><em>3) Intime-se o r\u00e9u Vinicius Chagas Madureira para ratificar suas alega\u00e7\u00f5es finais, no prazo de 5 (cinco) dias.<\/em><\/div>\n<div class=\"logo\" style=\"text-align: justify;\"><\/div>\n<div class=\"logo\" style=\"text-align: justify;\"><em>4) Ap\u00f3s, concluso para senten\u00e7a<\/em>.&#8221;<\/div>\n<div class=\"logo\" style=\"text-align: justify;\"><\/div>\n<div class=\"logo\" style=\"text-align: justify;\">Campos &#8211; RJ, na data da assinatura.<\/div>\n<div class=\"logo\" style=\"text-align: justify;\"><\/div>\n<div class=\"logo\" style=\"text-align: justify;\">Leonardo Cajueiro D&#8217;Azevedo<\/div>\n<div class=\"logo\" style=\"text-align: justify;\">Juiz Eleitoral<\/div>\n<div><\/div>\n<div><img loading=\"lazy\" decoding=\"async\" class=\"aligncenter size-large wp-image-12414\" src=\"https:\/\/www.tribunanf.com.br\/blogdoralfereis\/wp-content\/uploads\/sites\/11\/2024\/02\/chequinho_page-0001-724x1024.jpg\" alt=\"\" width=\"724\" height=\"1024\" srcset=\"https:\/\/www.tribunanf.com.br\/blogdoralfereis\/wp-content\/uploads\/sites\/11\/2024\/02\/chequinho_page-0001-724x1024.jpg 724w, https:\/\/www.tribunanf.com.br\/blogdoralfereis\/wp-content\/uploads\/sites\/11\/2024\/02\/chequinho_page-0001-212x300.jpg 212w, https:\/\/www.tribunanf.com.br\/blogdoralfereis\/wp-content\/uploads\/sites\/11\/2024\/02\/chequinho_page-0001-768x1086.jpg 768w, https:\/\/www.tribunanf.com.br\/blogdoralfereis\/wp-content\/uploads\/sites\/11\/2024\/02\/chequinho_page-0001-1086x1536.jpg 1086w, https:\/\/www.tribunanf.com.br\/blogdoralfereis\/wp-content\/uploads\/sites\/11\/2024\/02\/chequinho_page-0001.jpg 1240w\" sizes=\"auto, (max-width: 724px) 100vw, 724px\" \/><\/div>\n","protected":false},"excerpt":{"rendered":"<p>Ap\u00f3s o Supremo Tribunal Federal anular a condena\u00e7\u00e3o do ex-vereador Thiago Ferrugem no \u00e2mbito da Opera\u00e7\u00e3o Chequinho e determinar o&#8230;<\/p>\n","protected":false},"author":2,"featured_media":634,"comment_status":"open","ping_status":"open","sticky":false,"template":"","format":"standard","meta":{"colormag_page_container_layout":"default_layout","colormag_page_sidebar_layout":"default_layout","jetpack_post_was_ever_published":false,"_jetpack_newsletter_access":"","_jetpack_dont_email_post_to_subs":false,"_jetpack_newsletter_tier_id":0,"_jetpack_memberships_contains_paywalled_content":false,"_jetpack_memberships_contains_paid_content":false,"footnotes":""},"categories":[2],"tags":[],"class_list":["post-12413","post","type-post","status-publish","format-standard","has-post-thumbnail","hentry","category-politica"],"jetpack_featured_media_url":"https:\/\/www.tribunanf.com.br\/blogdoralfereis\/wp-content\/uploads\/sites\/11\/2018\/08\/forum.jpg","jetpack_sharing_enabled":true,"_links":{"self":[{"href":"https:\/\/www.tribunanf.com.br\/blogdoralfereis\/wp-json\/wp\/v2\/posts\/12413","targetHints":{"allow":["GET"]}}],"collection":[{"href":"https:\/\/www.tribunanf.com.br\/blogdoralfereis\/wp-json\/wp\/v2\/posts"}],"about":[{"href":"https:\/\/www.tribunanf.com.br\/blogdoralfereis\/wp-json\/wp\/v2\/types\/post"}],"author":[{"embeddable":true,"href":"https:\/\/www.tribunanf.com.br\/blogdoralfereis\/wp-json\/wp\/v2\/users\/2"}],"replies":[{"embeddable":true,"href":"https:\/\/www.tribunanf.com.br\/blogdoralfereis\/wp-json\/wp\/v2\/comments?post=12413"}],"version-history":[{"count":0,"href":"https:\/\/www.tribunanf.com.br\/blogdoralfereis\/wp-json\/wp\/v2\/posts\/12413\/revisions"}],"wp:featuredmedia":[{"embeddable":true,"href":"https:\/\/www.tribunanf.com.br\/blogdoralfereis\/wp-json\/wp\/v2\/media\/634"}],"wp:attachment":[{"href":"https:\/\/www.tribunanf.com.br\/blogdoralfereis\/wp-json\/wp\/v2\/media?parent=12413"}],"wp:term":[{"taxonomy":"category","embeddable":true,"href":"https:\/\/www.tribunanf.com.br\/blogdoralfereis\/wp-json\/wp\/v2\/categories?post=12413"},{"taxonomy":"post_tag","embeddable":true,"href":"https:\/\/www.tribunanf.com.br\/blogdoralfereis\/wp-json\/wp\/v2\/tags?post=12413"}],"curies":[{"name":"wp","href":"https:\/\/api.w.org\/{rel}","templated":true}]}}