{"id":12376,"date":"2024-02-01T20:22:43","date_gmt":"2024-02-01T23:22:43","guid":{"rendered":"https:\/\/www.tribunanf.com.br\/blogdoralfereis\/?p=12376"},"modified":"2024-02-01T20:23:40","modified_gmt":"2024-02-01T23:23:40","slug":"ministra-do-tse-nega-recurso-do-prefeito-de-buzios-alexandre-martins-e-manda-afasta-lo-imediatamente-veja-a-decisao","status":"publish","type":"post","link":"https:\/\/www.tribunanf.com.br\/blogdoralfereis\/2024\/02\/01\/ministra-do-tse-nega-recurso-do-prefeito-de-buzios-alexandre-martins-e-manda-afasta-lo-imediatamente-veja-a-decisao\/","title":{"rendered":"Ministra do TSE nega recurso do prefeito de B\u00fazios Alexandre Martins e manda afast\u00e1-lo imediatamente; veja a decis\u00e3o"},"content":{"rendered":"<p><img loading=\"lazy\" decoding=\"async\" class=\"aligncenter size-large wp-image-12378\" src=\"https:\/\/www.tribunanf.com.br\/blogdoralfereis\/wp-content\/uploads\/sites\/11\/2024\/02\/Alexandre-Martins-cortado_Easy-Resize.com_-1024x512.jpg\" alt=\"\" width=\"800\" height=\"400\" srcset=\"https:\/\/www.tribunanf.com.br\/blogdoralfereis\/wp-content\/uploads\/sites\/11\/2024\/02\/Alexandre-Martins-cortado_Easy-Resize.com_-1024x512.jpg 1024w, https:\/\/www.tribunanf.com.br\/blogdoralfereis\/wp-content\/uploads\/sites\/11\/2024\/02\/Alexandre-Martins-cortado_Easy-Resize.com_-300x150.jpg 300w, https:\/\/www.tribunanf.com.br\/blogdoralfereis\/wp-content\/uploads\/sites\/11\/2024\/02\/Alexandre-Martins-cortado_Easy-Resize.com_-768x384.jpg 768w, https:\/\/www.tribunanf.com.br\/blogdoralfereis\/wp-content\/uploads\/sites\/11\/2024\/02\/Alexandre-Martins-cortado_Easy-Resize.com_.jpg 1280w\" sizes=\"auto, (max-width: 800px) 100vw, 800px\" \/><\/p>\n<p style=\"text-align: justify;\">A ministra Isabel Gallotti, do Tribunal Superior Eleitoral, negou nesta quinta-feira (1) o recurso do prefeito de B\u00fazios, Alexandre Martins, e determinou o imediato afastamento do cargo. A decis\u00e3o tamb\u00e9m cassa o vice-prefeito Miguel Pereira.<\/p>\n<p style=\"text-align: justify;\">A ministra julgou o m\u00e9rito monocraticamente.<\/p>\n<p style=\"text-align: justify;\">Em outubro de 2022, o Colegiado do Tribunal Regional Eleitoral do Rio de Janeiro (TRE-RJ) confirmou, em sess\u00e3o plen\u00e1ria, a cassa\u00e7\u00e3o do mandato do prefeito de Arma\u00e7\u00e3o dos B\u00fazios, Alexandre Martins (Republicanos), e do vice-prefeito, Miguel Pereira de Souza (Republicanos), por abuso do poder econ\u00f4mico nas elei\u00e7\u00f5es de 2020.<\/p>\n<p style=\"text-align: justify;\">A decis\u00e3o determina que sejam realizadas novas elei\u00e7\u00f5es no munic\u00edpio. Alexandre Martins ficou ineleg\u00edvel por oito anos. A Corte estadual afastou a inelegibilidade de Miguel Pereira.<\/p>\n<p style=\"text-align: justify;\">A Corte entendeu que o prefeito Alexandre Martins beneficiou-se de suposta compra de votos, realizada na data do pleito, em 15 de novembro de 2020.<\/p>\n<p style=\"text-align: justify;\">Na ocasi\u00e3o, motivado por den\u00fancia an\u00f4nima, policiais militares apreenderam R$ 6,2 mil em esp\u00e9cie e material de propaganda do ent\u00e3o candidato Alexandre Martins. A quantia e o material de campanha foram encontrados no ve\u00edculo do coordenador da campanha da chapa majorit\u00e1ria do partido Republicanos, Anderson Neves Machado.<\/p>\n<p style=\"text-align: justify;\">Tamb\u00e9m foi encontrada uma anota\u00e7\u00e3o de gastos com pagamento de colaboradores e eventuais benef\u00edcios a eleitores, como cesta b\u00e1sica, limpeza de fossa, al\u00e9m de lista com descri\u00e7\u00e3o do que seria o destino do dinheiro, inclusive com a anota\u00e7\u00e3o \u201cboca de urna\u201d. A planilha discriminava quantias destinadas \u00e0 compra de votos no dia da elei\u00e7\u00e3o, com valor unit\u00e1rio de R$ 150 e gasto total de R$ 22,5 mil. O relator do processo, desembargador federal Luiz Paulo Ara\u00fajo Filho, destacou como grave a conduta, capaz de gerar desequil\u00edbrio entre os candidatos, \u201cem especial num munic\u00edpio em que a diferen\u00e7a entre o candidato eleito e o segundo colocado foi de 1.454 votos\u201d.<\/p>\n<p style=\"text-align: justify;\">Na decis\u00e3o, a ministra apontou que a gravidade da conduta desequilibrou o pleito eleitoral.<\/p>\n<p style=\"text-align: justify;\">&#8220;<em>No caso, extraio da moldura f\u00e1tica do ac\u00f3rd\u00e3o que a gravidade foi justificada com base na natureza das condutas praticadas, na sua repercuss\u00e3o considerando o n\u00famero de beneficiados, na reduzida quantidade de eleitores de Arma\u00e7\u00e3o de B\u00fazios\/RJ (pouco mais de 30 mil) e na pequena diferen\u00e7a no resultado da elei\u00e7\u00e3o entre os recorrentes e os segundos colocados (1.454 votos). <\/em><\/p>\n<p style=\"text-align: justify;\"><em>Em face do exposto, nego seguimento ao recurso especial, nos termos do art. 36, \u00a7 6\u00ba, do RI-TSE. <\/em><\/p>\n<p style=\"text-align: justify;\"><em>Considerando a manuten\u00e7\u00e3o do ac\u00f3rd\u00e3o do TRE\/RJ, determino que a Secretaria Judici\u00e1ria do Tribunal Superior Eleitoral comunique \u00e0quela Corte o teor desta decis\u00e3o para fim de imediata execu\u00e7\u00e3o, independentemente de publica\u00e7\u00e3o, nos termos da jurisprud\u00eancia desta Corte, tamb\u00e9m aplicada em decis\u00f5es singulares (AREspE 0600085-91.2020.6.17.0150\/PE, Rel. Min. Raul Ara\u00fajo Filho, DJe de 7\/8\/2023; REspEl 0600254-72.2020.6.09.0127\/GO, Rel. Min. Ricardo Lewandowski, DJe de 12\/4\/2023).&#8221;, decidiu a ministra.\u00a0<\/em><\/p>\n<p style=\"text-align: justify;\">Confira a \u00edntegra da decis\u00e3o: <a href=\"https:\/\/www.tribunanf.com.br\/blogdoralfereis\/wp-content\/uploads\/sites\/11\/2024\/02\/TSE-cassacao-prefeito-de-Buzios.pdf\">TSE-cassa\u00e7\u00e3o prefeito de B\u00fazios<\/a><\/p>\n","protected":false},"excerpt":{"rendered":"<p>A ministra Isabel Gallotti, do Tribunal Superior Eleitoral, negou nesta quinta-feira (1) o recurso do prefeito de B\u00fazios, Alexandre Martins,&#8230;<\/p>\n","protected":false},"author":2,"featured_media":12378,"comment_status":"open","ping_status":"open","sticky":false,"template":"","format":"standard","meta":{"colormag_page_container_layout":"default_layout","colormag_page_sidebar_layout":"default_layout","jetpack_post_was_ever_published":false,"_jetpack_newsletter_access":"","_jetpack_dont_email_post_to_subs":false,"_jetpack_newsletter_tier_id":0,"_jetpack_memberships_contains_paywalled_content":false,"_jetpack_memberships_contains_paid_content":false,"footnotes":""},"categories":[2],"tags":[],"class_list":["post-12376","post","type-post","status-publish","format-standard","has-post-thumbnail","hentry","category-politica"],"jetpack_featured_media_url":"https:\/\/www.tribunanf.com.br\/blogdoralfereis\/wp-content\/uploads\/sites\/11\/2024\/02\/Alexandre-Martins-cortado_Easy-Resize.com_.jpg","jetpack_sharing_enabled":true,"_links":{"self":[{"href":"https:\/\/www.tribunanf.com.br\/blogdoralfereis\/wp-json\/wp\/v2\/posts\/12376","targetHints":{"allow":["GET"]}}],"collection":[{"href":"https:\/\/www.tribunanf.com.br\/blogdoralfereis\/wp-json\/wp\/v2\/posts"}],"about":[{"href":"https:\/\/www.tribunanf.com.br\/blogdoralfereis\/wp-json\/wp\/v2\/types\/post"}],"author":[{"embeddable":true,"href":"https:\/\/www.tribunanf.com.br\/blogdoralfereis\/wp-json\/wp\/v2\/users\/2"}],"replies":[{"embeddable":true,"href":"https:\/\/www.tribunanf.com.br\/blogdoralfereis\/wp-json\/wp\/v2\/comments?post=12376"}],"version-history":[{"count":0,"href":"https:\/\/www.tribunanf.com.br\/blogdoralfereis\/wp-json\/wp\/v2\/posts\/12376\/revisions"}],"wp:featuredmedia":[{"embeddable":true,"href":"https:\/\/www.tribunanf.com.br\/blogdoralfereis\/wp-json\/wp\/v2\/media\/12378"}],"wp:attachment":[{"href":"https:\/\/www.tribunanf.com.br\/blogdoralfereis\/wp-json\/wp\/v2\/media?parent=12376"}],"wp:term":[{"taxonomy":"category","embeddable":true,"href":"https:\/\/www.tribunanf.com.br\/blogdoralfereis\/wp-json\/wp\/v2\/categories?post=12376"},{"taxonomy":"post_tag","embeddable":true,"href":"https:\/\/www.tribunanf.com.br\/blogdoralfereis\/wp-json\/wp\/v2\/tags?post=12376"}],"curies":[{"name":"wp","href":"https:\/\/api.w.org\/{rel}","templated":true}]}}