{"id":12341,"date":"2024-01-27T10:41:10","date_gmt":"2024-01-27T13:41:10","guid":{"rendered":"https:\/\/www.tribunanf.com.br\/blogdoralfereis\/?p=12341"},"modified":"2024-01-27T10:41:10","modified_gmt":"2024-01-27T13:41:10","slug":"prefeitura-de-campos-abre-licitacao-de-r-19-milhoes-para-construcao-do-complexo-comercial-dos-feirantes","status":"publish","type":"post","link":"https:\/\/www.tribunanf.com.br\/blogdoralfereis\/2024\/01\/27\/prefeitura-de-campos-abre-licitacao-de-r-19-milhoes-para-construcao-do-complexo-comercial-dos-feirantes\/","title":{"rendered":"Prefeitura de Campos abre licita\u00e7\u00e3o de R$ 19 milh\u00f5es para constru\u00e7\u00e3o do Complexo Comercial dos Feirantes"},"content":{"rendered":"<p><img loading=\"lazy\" decoding=\"async\" class=\"aligncenter size-large wp-image-7440\" src=\"https:\/\/www.tribunanf.com.br\/blogdoralfereis\/wp-content\/uploads\/sites\/11\/2021\/08\/prefeitura-campos-1024x682.jpg\" alt=\"\" width=\"800\" height=\"533\" \/><\/p>\n<p style=\"text-align: justify;\">A Prefeitura de Campos dos Goytacazes publicou no Di\u00e1rio Oficial o aviso de licita\u00e7\u00e3o, modalidade Concorr\u00eancia P\u00fablica, para constru\u00e7\u00e3o do\u00a0Complexo Comercial dos Feirantes.<\/p>\n<p style=\"text-align: justify;\">O valor inicial \u00e9 estimado <strong>R$ 18.994.039,00.<\/strong><\/p>\n<p style=\"text-align: justify;\">De acordo com o edital, o complexo ter\u00e1 81 baias para feira livre, mais 68 para peixaria, 13 pontos de a\u00e7ougue e outros sete de restaurante, al\u00e9m de uma pra\u00e7a de alimenta\u00e7\u00e3o externa e estacionamento.<\/p>\n<p><img loading=\"lazy\" decoding=\"async\" class=\"aligncenter size-large wp-image-12342\" src=\"https:\/\/www.tribunanf.com.br\/blogdoralfereis\/wp-content\/uploads\/sites\/11\/2024\/01\/aviso_2172f04135bf18b579b38ab21e627a77-1-724x1024.jpg\" alt=\"\" width=\"724\" height=\"1024\" srcset=\"https:\/\/www.tribunanf.com.br\/blogdoralfereis\/wp-content\/uploads\/sites\/11\/2024\/01\/aviso_2172f04135bf18b579b38ab21e627a77-1-724x1024.jpg 724w, https:\/\/www.tribunanf.com.br\/blogdoralfereis\/wp-content\/uploads\/sites\/11\/2024\/01\/aviso_2172f04135bf18b579b38ab21e627a77-1-212x300.jpg 212w, https:\/\/www.tribunanf.com.br\/blogdoralfereis\/wp-content\/uploads\/sites\/11\/2024\/01\/aviso_2172f04135bf18b579b38ab21e627a77-1-768x1087.jpg 768w, https:\/\/www.tribunanf.com.br\/blogdoralfereis\/wp-content\/uploads\/sites\/11\/2024\/01\/aviso_2172f04135bf18b579b38ab21e627a77-1-1086x1536.jpg 1086w, https:\/\/www.tribunanf.com.br\/blogdoralfereis\/wp-content\/uploads\/sites\/11\/2024\/01\/aviso_2172f04135bf18b579b38ab21e627a77-1-1447x2048.jpg 1447w, https:\/\/www.tribunanf.com.br\/blogdoralfereis\/wp-content\/uploads\/sites\/11\/2024\/01\/aviso_2172f04135bf18b579b38ab21e627a77-1-scaled.jpg 1809w\" sizes=\"auto, (max-width: 724px) 100vw, 724px\" \/><\/p>\n","protected":false},"excerpt":{"rendered":"<p>A Prefeitura de Campos dos Goytacazes publicou no Di\u00e1rio Oficial o aviso de licita\u00e7\u00e3o, modalidade Concorr\u00eancia P\u00fablica, para constru\u00e7\u00e3o do\u00a0Complexo&#8230;<\/p>\n","protected":false},"author":2,"featured_media":7440,"comment_status":"open","ping_status":"open","sticky":false,"template":"","format":"standard","meta":{"colormag_page_container_layout":"default_layout","colormag_page_sidebar_layout":"default_layout","jetpack_post_was_ever_published":false,"_jetpack_newsletter_access":"","_jetpack_dont_email_post_to_subs":false,"_jetpack_newsletter_tier_id":0,"_jetpack_memberships_contains_paywalled_content":false,"_jetpack_memberships_contains_paid_content":false,"footnotes":""},"categories":[2],"tags":[],"class_list":["post-12341","post","type-post","status-publish","format-standard","has-post-thumbnail","hentry","category-politica"],"jetpack_featured_media_url":"https:\/\/www.tribunanf.com.br\/blogdoralfereis\/wp-content\/uploads\/sites\/11\/2021\/08\/prefeitura-campos-e1629389961928.jpg","jetpack_sharing_enabled":true,"_links":{"self":[{"href":"https:\/\/www.tribunanf.com.br\/blogdoralfereis\/wp-json\/wp\/v2\/posts\/12341","targetHints":{"allow":["GET"]}}],"collection":[{"href":"https:\/\/www.tribunanf.com.br\/blogdoralfereis\/wp-json\/wp\/v2\/posts"}],"about":[{"href":"https:\/\/www.tribunanf.com.br\/blogdoralfereis\/wp-json\/wp\/v2\/types\/post"}],"author":[{"embeddable":true,"href":"https:\/\/www.tribunanf.com.br\/blogdoralfereis\/wp-json\/wp\/v2\/users\/2"}],"replies":[{"embeddable":true,"href":"https:\/\/www.tribunanf.com.br\/blogdoralfereis\/wp-json\/wp\/v2\/comments?post=12341"}],"version-history":[{"count":0,"href":"https:\/\/www.tribunanf.com.br\/blogdoralfereis\/wp-json\/wp\/v2\/posts\/12341\/revisions"}],"wp:featuredmedia":[{"embeddable":true,"href":"https:\/\/www.tribunanf.com.br\/blogdoralfereis\/wp-json\/wp\/v2\/media\/7440"}],"wp:attachment":[{"href":"https:\/\/www.tribunanf.com.br\/blogdoralfereis\/wp-json\/wp\/v2\/media?parent=12341"}],"wp:term":[{"taxonomy":"category","embeddable":true,"href":"https:\/\/www.tribunanf.com.br\/blogdoralfereis\/wp-json\/wp\/v2\/categories?post=12341"},{"taxonomy":"post_tag","embeddable":true,"href":"https:\/\/www.tribunanf.com.br\/blogdoralfereis\/wp-json\/wp\/v2\/tags?post=12341"}],"curies":[{"name":"wp","href":"https:\/\/api.w.org\/{rel}","templated":true}]}}