{"id":12328,"date":"2024-01-25T11:47:53","date_gmt":"2024-01-25T14:47:53","guid":{"rendered":"https:\/\/www.tribunanf.com.br\/blogdoralfereis\/?p=12328"},"modified":"2024-01-25T11:47:53","modified_gmt":"2024-01-25T14:47:53","slug":"tce-rj-suspende-licitacao-de-r-186-milhoes-da-setram-para-estudos-visando-a-implantacao-de-trechos-metroviarios","status":"publish","type":"post","link":"https:\/\/www.tribunanf.com.br\/blogdoralfereis\/2024\/01\/25\/tce-rj-suspende-licitacao-de-r-186-milhoes-da-setram-para-estudos-visando-a-implantacao-de-trechos-metroviarios\/","title":{"rendered":"TCE-RJ suspende licita\u00e7\u00e3o de R$ 18,6 milh\u00f5es da Setram para estudos visando \u00e0 implanta\u00e7\u00e3o de trechos metrovi\u00e1rios"},"content":{"rendered":"<p><img loading=\"lazy\" decoding=\"async\" class=\"aligncenter size-large wp-image-12330\" src=\"https:\/\/www.tribunanf.com.br\/blogdoralfereis\/wp-content\/uploads\/sites\/11\/2024\/01\/reis-e-castro_Easy-Resize.com_-1024x766.jpg\" alt=\"\" width=\"800\" height=\"598\" srcset=\"https:\/\/www.tribunanf.com.br\/blogdoralfereis\/wp-content\/uploads\/sites\/11\/2024\/01\/reis-e-castro_Easy-Resize.com_-1024x766.jpg 1024w, https:\/\/www.tribunanf.com.br\/blogdoralfereis\/wp-content\/uploads\/sites\/11\/2024\/01\/reis-e-castro_Easy-Resize.com_-300x224.jpg 300w, https:\/\/www.tribunanf.com.br\/blogdoralfereis\/wp-content\/uploads\/sites\/11\/2024\/01\/reis-e-castro_Easy-Resize.com_-768x574.jpg 768w, https:\/\/www.tribunanf.com.br\/blogdoralfereis\/wp-content\/uploads\/sites\/11\/2024\/01\/reis-e-castro_Easy-Resize.com_.jpg 1280w\" sizes=\"auto, (max-width: 800px) 100vw, 800px\" \/><\/p>\n<p style=\"text-align: justify;\">O Tribunal de Contas do Estado do Rio de Janeiro suspendeu, nessa quarta-feira (24), uma Concorr\u00eancia P\u00fablica da Secretaria de Estado de Transporte e Mobilidade Urbana (SETRAM),\u00a0que tem como objeto a contrata\u00e7\u00e3o de estudos de viabilidade visando \u00e0 implanta\u00e7\u00e3o de trechos metrovi\u00e1rios utilizando Modelagem de Informa\u00e7\u00e3o da Constru\u00e7\u00e3o (BIM).\u00a0A decis\u00e3o \u00e9 do Conselheiro Christiano Lacerda Ghurren.<\/p>\n<p style=\"text-align: justify;\">Segundo o edital da secretaria comandada por Washington Reis, o valor estimado do certame \u00e9 de <strong>R$ 18.678.195,30 <\/strong>(dezoito milh\u00f5es, seiscentos e setenta e oito mil e cento e noventa e cinco reais e trinta centavos).<\/p>\n<p style=\"text-align: justify;\">De acordo com a decis\u00e3o do conselheiro, o edital tem inconsist\u00eancias que podem causar dano ao er\u00e1rio.<\/p>\n<p style=\"text-align: justify;\">&#8220;<em>Ap\u00f3s detido exame dos autos, consigno que est\u00e3o presentes os requisitos para a admissibilidade da presente Representa\u00e7\u00e3o, uma vez que atende ao previsto no artigo 109 do Regimento Interno desta Corte, bem como cumpre os crit\u00e9rios de risco, materialidade, relev\u00e2ncia e oportunidade previstos no artigo 111 da referido Regimento. Superada a an\u00e1lise dos requisitos de admissibilidade, verifico, em sede de exame sum\u00e1rio, que o certame combatido cont\u00e9m inconsist\u00eancias que podem causar <strong>dano ao er\u00e1rio.<\/strong><\/em><\/p>\n<p style=\"text-align: justify;\"><em>&#8230;A justificativa apresentada pelo jurisdicionado para se eximir de elaborar o or\u00e7amento detalhado em planilhas que expressem a composi\u00e7\u00e3o de todos os custos unit\u00e1rios contraria o disposto no artigo 7\u00ba, \u00a72\u00ba, II, da Lei Federal 8.666\/931 .<\/em><\/p>\n<p style=\"text-align: justify;\"><em>\u00a0Destaca-se, ainda, que na licita\u00e7\u00e3o em an\u00e1lise n\u00e3o foram adotados pre\u00e7os de sistemas de custos referenciais, o que, conforme entendimento j\u00e1 consagrado nesta Corte2 , s\u00e3o instrumentos indispens\u00e1veis para precifica\u00e7\u00e3o, sendo a dispensa poss\u00edvel somente em car\u00e1ter de exce\u00e7\u00e3o.<\/em><\/p>\n<p style=\"text-align: justify;\"><em>Desta forma, observo a probabilidade do direito apta \u00e0 concess\u00e3o da tutela requerida e, ante a potencialidade de preju\u00edzo ao patrim\u00f4nio p\u00fablico e o risco de inefic\u00e1cia de decis\u00e3o de m\u00e9rito, entendo demonstrado o requisito do periculum in mora, raz\u00e3o pela qual reputo necess\u00e1ria, com <strong>fundamento no poder geral de cautela, a suspens\u00e3o do andamento do certame at\u00e9 o julgamento de m\u00e9rito da Representa\u00e7\u00e3o em tela<\/strong>.&#8221;<\/em>, decidiu o conselheiro.<\/p>\n","protected":false},"excerpt":{"rendered":"<p>O Tribunal de Contas do Estado do Rio de Janeiro suspendeu, nessa quarta-feira (24), uma Concorr\u00eancia P\u00fablica da Secretaria de&#8230;<\/p>\n","protected":false},"author":2,"featured_media":12330,"comment_status":"open","ping_status":"open","sticky":false,"template":"","format":"standard","meta":{"colormag_page_container_layout":"default_layout","colormag_page_sidebar_layout":"default_layout","jetpack_post_was_ever_published":false,"_jetpack_newsletter_access":"","_jetpack_dont_email_post_to_subs":false,"_jetpack_newsletter_tier_id":0,"_jetpack_memberships_contains_paywalled_content":false,"_jetpack_memberships_contains_paid_content":false,"footnotes":""},"categories":[2],"tags":[],"class_list":["post-12328","post","type-post","status-publish","format-standard","has-post-thumbnail","hentry","category-politica"],"jetpack_featured_media_url":"https:\/\/www.tribunanf.com.br\/blogdoralfereis\/wp-content\/uploads\/sites\/11\/2024\/01\/reis-e-castro_Easy-Resize.com_.jpg","jetpack_sharing_enabled":true,"_links":{"self":[{"href":"https:\/\/www.tribunanf.com.br\/blogdoralfereis\/wp-json\/wp\/v2\/posts\/12328","targetHints":{"allow":["GET"]}}],"collection":[{"href":"https:\/\/www.tribunanf.com.br\/blogdoralfereis\/wp-json\/wp\/v2\/posts"}],"about":[{"href":"https:\/\/www.tribunanf.com.br\/blogdoralfereis\/wp-json\/wp\/v2\/types\/post"}],"author":[{"embeddable":true,"href":"https:\/\/www.tribunanf.com.br\/blogdoralfereis\/wp-json\/wp\/v2\/users\/2"}],"replies":[{"embeddable":true,"href":"https:\/\/www.tribunanf.com.br\/blogdoralfereis\/wp-json\/wp\/v2\/comments?post=12328"}],"version-history":[{"count":0,"href":"https:\/\/www.tribunanf.com.br\/blogdoralfereis\/wp-json\/wp\/v2\/posts\/12328\/revisions"}],"wp:featuredmedia":[{"embeddable":true,"href":"https:\/\/www.tribunanf.com.br\/blogdoralfereis\/wp-json\/wp\/v2\/media\/12330"}],"wp:attachment":[{"href":"https:\/\/www.tribunanf.com.br\/blogdoralfereis\/wp-json\/wp\/v2\/media?parent=12328"}],"wp:term":[{"taxonomy":"category","embeddable":true,"href":"https:\/\/www.tribunanf.com.br\/blogdoralfereis\/wp-json\/wp\/v2\/categories?post=12328"},{"taxonomy":"post_tag","embeddable":true,"href":"https:\/\/www.tribunanf.com.br\/blogdoralfereis\/wp-json\/wp\/v2\/tags?post=12328"}],"curies":[{"name":"wp","href":"https:\/\/api.w.org\/{rel}","templated":true}]}}