{"id":12280,"date":"2024-01-21T11:44:57","date_gmt":"2024-01-21T14:44:57","guid":{"rendered":"https:\/\/www.tribunanf.com.br\/blogdoralfereis\/?p=12280"},"modified":"2024-01-21T11:49:23","modified_gmt":"2024-01-21T14:49:23","slug":"xexe-e-o-novo-balneario-dos-politicos","status":"publish","type":"post","link":"https:\/\/www.tribunanf.com.br\/blogdoralfereis\/2024\/01\/21\/xexe-e-o-novo-balneario-dos-politicos\/","title":{"rendered":"Xex\u00e9 \u00e9 o novo balne\u00e1rio dos pol\u00edticos"},"content":{"rendered":"<p><img loading=\"lazy\" decoding=\"async\" class=\"aligncenter size-large wp-image-12281\" src=\"https:\/\/www.tribunanf.com.br\/blogdoralfereis\/wp-content\/uploads\/sites\/11\/2024\/01\/xexe_Easy-Resize.com_-1024x768.jpg\" alt=\"\" width=\"800\" height=\"600\" srcset=\"https:\/\/www.tribunanf.com.br\/blogdoralfereis\/wp-content\/uploads\/sites\/11\/2024\/01\/xexe_Easy-Resize.com_-1024x768.jpg 1024w, https:\/\/www.tribunanf.com.br\/blogdoralfereis\/wp-content\/uploads\/sites\/11\/2024\/01\/xexe_Easy-Resize.com_-300x225.jpg 300w, https:\/\/www.tribunanf.com.br\/blogdoralfereis\/wp-content\/uploads\/sites\/11\/2024\/01\/xexe_Easy-Resize.com_-768x576.jpg 768w, https:\/\/www.tribunanf.com.br\/blogdoralfereis\/wp-content\/uploads\/sites\/11\/2024\/01\/xexe_Easy-Resize.com_.jpg 1280w\" sizes=\"auto, (max-width: 800px) 100vw, 800px\" \/><\/p>\n<p style=\"text-align: justify;\">A praia do Xex\u00e9, em Farol de S\u00e3o Thom\u00e9, tornou-se o novo balne\u00e1rio dos pol\u00edticos da plan\u00edcie Goitac\u00e1, e de outros lugares.<\/p>\n<p style=\"text-align: justify;\">Na \u00faltima sexta-feira, a praia recebeu a visita de diversos pol\u00edticos, entre vereadores, deputados e lideran\u00e7as pol\u00edticas.<\/p>\n<p style=\"text-align: justify;\">Quem passava pela praia, logo na entrada do Xex\u00e9, viu um festival de carr\u00f5es, pickups Hilux e SW4.<\/p>\n<p>A turma ficou todo o dia na praia.<\/p>\n<p style=\"text-align: justify;\">E que sejam bem-vindos.<\/p>\n<p style=\"text-align: justify;\">A praia tamb\u00e9m \u00e9 frequentada por muitos empres\u00e1rios, que querem sair da &#8220;muvuca&#8221;.<\/p>\n<p>Hoje, o Xex\u00e9 tem quase 10 mil moradores e milhares de veranistas.<\/p>\n","protected":false},"excerpt":{"rendered":"<p>A praia do Xex\u00e9, em Farol de S\u00e3o Thom\u00e9, tornou-se o novo balne\u00e1rio dos pol\u00edticos da plan\u00edcie Goitac\u00e1, e de&#8230;<\/p>\n","protected":false},"author":2,"featured_media":12281,"comment_status":"open","ping_status":"open","sticky":false,"template":"","format":"standard","meta":{"colormag_page_container_layout":"default_layout","colormag_page_sidebar_layout":"default_layout","jetpack_post_was_ever_published":false,"_jetpack_newsletter_access":"","_jetpack_dont_email_post_to_subs":false,"_jetpack_newsletter_tier_id":0,"_jetpack_memberships_contains_paywalled_content":false,"_jetpack_memberships_contains_paid_content":false,"footnotes":""},"categories":[2],"tags":[],"class_list":["post-12280","post","type-post","status-publish","format-standard","has-post-thumbnail","hentry","category-politica"],"jetpack_featured_media_url":"https:\/\/www.tribunanf.com.br\/blogdoralfereis\/wp-content\/uploads\/sites\/11\/2024\/01\/xexe_Easy-Resize.com_.jpg","jetpack_sharing_enabled":true,"_links":{"self":[{"href":"https:\/\/www.tribunanf.com.br\/blogdoralfereis\/wp-json\/wp\/v2\/posts\/12280","targetHints":{"allow":["GET"]}}],"collection":[{"href":"https:\/\/www.tribunanf.com.br\/blogdoralfereis\/wp-json\/wp\/v2\/posts"}],"about":[{"href":"https:\/\/www.tribunanf.com.br\/blogdoralfereis\/wp-json\/wp\/v2\/types\/post"}],"author":[{"embeddable":true,"href":"https:\/\/www.tribunanf.com.br\/blogdoralfereis\/wp-json\/wp\/v2\/users\/2"}],"replies":[{"embeddable":true,"href":"https:\/\/www.tribunanf.com.br\/blogdoralfereis\/wp-json\/wp\/v2\/comments?post=12280"}],"version-history":[{"count":0,"href":"https:\/\/www.tribunanf.com.br\/blogdoralfereis\/wp-json\/wp\/v2\/posts\/12280\/revisions"}],"wp:featuredmedia":[{"embeddable":true,"href":"https:\/\/www.tribunanf.com.br\/blogdoralfereis\/wp-json\/wp\/v2\/media\/12281"}],"wp:attachment":[{"href":"https:\/\/www.tribunanf.com.br\/blogdoralfereis\/wp-json\/wp\/v2\/media?parent=12280"}],"wp:term":[{"taxonomy":"category","embeddable":true,"href":"https:\/\/www.tribunanf.com.br\/blogdoralfereis\/wp-json\/wp\/v2\/categories?post=12280"},{"taxonomy":"post_tag","embeddable":true,"href":"https:\/\/www.tribunanf.com.br\/blogdoralfereis\/wp-json\/wp\/v2\/tags?post=12280"}],"curies":[{"name":"wp","href":"https:\/\/api.w.org\/{rel}","templated":true}]}}