{"id":1225,"date":"2018-11-30T16:45:01","date_gmt":"2018-11-30T18:45:01","guid":{"rendered":"http:\/\/www.tribunanf.com.br\/blogdoralfereis\/?p=1225"},"modified":"2018-12-02T16:53:58","modified_gmt":"2018-12-02T18:53:58","slug":"witzel-e-garotinho-conversam-neste-domingo","status":"publish","type":"post","link":"https:\/\/www.tribunanf.com.br\/blogdoralfereis\/2018\/11\/30\/witzel-e-garotinho-conversam-neste-domingo\/","title":{"rendered":"Witzel e Garotinho conversam neste domingo"},"content":{"rendered":"<p><img loading=\"lazy\" decoding=\"async\" class=\"aligncenter size-full wp-image-1227\" src=\"http:\/\/www.tribunanf.com.br\/blogdoralfereis\/wp-content\/uploads\/sites\/11\/2018\/12\/witzel-e-garotinho.jpg\" alt=\"\" width=\"666\" height=\"375\" srcset=\"https:\/\/www.tribunanf.com.br\/blogdoralfereis\/wp-content\/uploads\/sites\/11\/2018\/12\/witzel-e-garotinho.jpg 666w, https:\/\/www.tribunanf.com.br\/blogdoralfereis\/wp-content\/uploads\/sites\/11\/2018\/12\/witzel-e-garotinho-300x169.jpg 300w\" sizes=\"auto, (max-width: 666px) 100vw, 666px\" \/><\/p>\n<p style=\"text-align: justify;\">RIO &#8211; O governador eleito do Rio de Janeiro, Wilson Witzel (PSC), conversar\u00e1 amanh\u00e3 de manh\u00e3 com o ex-governador Anthony Garotinho (PRP). O bate-papo ocorrer\u00e1 durante participa\u00e7\u00e3o do ex-juiz no programa &#8216;Fala, Garotinho&#8217;, da R\u00e1dio Tupi. O futuro chefe do Poder Executivo fluminense falar\u00e1 sobre seus planos ao ex-comandante do Pal\u00e1cio Guanabara.<\/p>\n<p style=\"text-align: justify;\">Witzel e Garotinho t\u00eam se aproximado. O ex-juiz vem consultando o ex-governador sobre suas inten\u00e7\u00f5es para os pr\u00f3ximos quatro anos. Coordenador de campanha de Garotinho nas elei\u00e7\u00f5es de 2014 e 2018, Cleiton Rodrigues, de 51 anos, ser\u00e1 o chefe de gabinete de Witzel, como publicou o jornal &#8216;O Dia&#8217;.<\/p>\n<p style=\"text-align: justify;\">Rodrigues j\u00e1 trabalha com a equipe de transi\u00e7\u00e3o do futuro governador e \u00e9 visto com frequ\u00eancia no pr\u00e9dio da Firjan, no Centro do Rio, onde as reuni\u00f5es t\u00eam acontecido. Tanto Garotinho quanto Witzel negam que a escolha por\u00a0Cleiton tenha sido fruto de indica\u00e7\u00e3o do\u00a0ex-governador.<\/p>\n<p style=\"text-align: justify;\">Garotinho estreia o programa Fala Garotinho, na R\u00e1dio Tupi, a partir das 7h.<\/p>\n<p>Com informa\u00e7\u00f5es O Globo.<\/p>\n<p><img loading=\"lazy\" decoding=\"async\" class=\"aligncenter size-full wp-image-1226\" src=\"http:\/\/www.tribunanf.com.br\/blogdoralfereis\/wp-content\/uploads\/sites\/11\/2018\/12\/0ebcbd68-e8af-4684-b496-a81775284af3.jpg\" alt=\"\" width=\"713\" height=\"714\" srcset=\"https:\/\/www.tribunanf.com.br\/blogdoralfereis\/wp-content\/uploads\/sites\/11\/2018\/12\/0ebcbd68-e8af-4684-b496-a81775284af3.jpg 713w, https:\/\/www.tribunanf.com.br\/blogdoralfereis\/wp-content\/uploads\/sites\/11\/2018\/12\/0ebcbd68-e8af-4684-b496-a81775284af3-150x150.jpg 150w, https:\/\/www.tribunanf.com.br\/blogdoralfereis\/wp-content\/uploads\/sites\/11\/2018\/12\/0ebcbd68-e8af-4684-b496-a81775284af3-300x300.jpg 300w\" sizes=\"auto, (max-width: 713px) 100vw, 713px\" \/><\/p>\n","protected":false},"excerpt":{"rendered":"<p>RIO &#8211; O governador eleito do Rio de Janeiro, Wilson Witzel (PSC), conversar\u00e1 amanh\u00e3 de manh\u00e3 com o ex-governador Anthony&#8230;<\/p>\n","protected":false},"author":2,"featured_media":1227,"comment_status":"open","ping_status":"open","sticky":false,"template":"","format":"standard","meta":{"colormag_page_container_layout":"default_layout","colormag_page_sidebar_layout":"default_layout","jetpack_post_was_ever_published":false,"_jetpack_newsletter_access":"","_jetpack_dont_email_post_to_subs":false,"_jetpack_newsletter_tier_id":0,"_jetpack_memberships_contains_paywalled_content":false,"_jetpack_memberships_contains_paid_content":false,"footnotes":""},"categories":[2],"tags":[],"class_list":["post-1225","post","type-post","status-publish","format-standard","has-post-thumbnail","hentry","category-politica"],"jetpack_featured_media_url":"https:\/\/www.tribunanf.com.br\/blogdoralfereis\/wp-content\/uploads\/sites\/11\/2018\/12\/witzel-e-garotinho.jpg","jetpack_sharing_enabled":true,"_links":{"self":[{"href":"https:\/\/www.tribunanf.com.br\/blogdoralfereis\/wp-json\/wp\/v2\/posts\/1225","targetHints":{"allow":["GET"]}}],"collection":[{"href":"https:\/\/www.tribunanf.com.br\/blogdoralfereis\/wp-json\/wp\/v2\/posts"}],"about":[{"href":"https:\/\/www.tribunanf.com.br\/blogdoralfereis\/wp-json\/wp\/v2\/types\/post"}],"author":[{"embeddable":true,"href":"https:\/\/www.tribunanf.com.br\/blogdoralfereis\/wp-json\/wp\/v2\/users\/2"}],"replies":[{"embeddable":true,"href":"https:\/\/www.tribunanf.com.br\/blogdoralfereis\/wp-json\/wp\/v2\/comments?post=1225"}],"version-history":[{"count":0,"href":"https:\/\/www.tribunanf.com.br\/blogdoralfereis\/wp-json\/wp\/v2\/posts\/1225\/revisions"}],"wp:featuredmedia":[{"embeddable":true,"href":"https:\/\/www.tribunanf.com.br\/blogdoralfereis\/wp-json\/wp\/v2\/media\/1227"}],"wp:attachment":[{"href":"https:\/\/www.tribunanf.com.br\/blogdoralfereis\/wp-json\/wp\/v2\/media?parent=1225"}],"wp:term":[{"taxonomy":"category","embeddable":true,"href":"https:\/\/www.tribunanf.com.br\/blogdoralfereis\/wp-json\/wp\/v2\/categories?post=1225"},{"taxonomy":"post_tag","embeddable":true,"href":"https:\/\/www.tribunanf.com.br\/blogdoralfereis\/wp-json\/wp\/v2\/tags?post=1225"}],"curies":[{"name":"wp","href":"https:\/\/api.w.org\/{rel}","templated":true}]}}