{"id":1212,"date":"2018-11-29T13:39:05","date_gmt":"2018-11-29T15:39:05","guid":{"rendered":"http:\/\/www.tribunanf.com.br\/blogdoralfereis\/?p=1212"},"modified":"2018-11-29T13:47:50","modified_gmt":"2018-11-29T15:47:50","slug":"pezao-ficara-preso-no-bep-junto-com-o-ex-procurador-geral-de-justica-claudio-lopes","status":"publish","type":"post","link":"https:\/\/www.tribunanf.com.br\/blogdoralfereis\/2018\/11\/29\/pezao-ficara-preso-no-bep-junto-com-o-ex-procurador-geral-de-justica-claudio-lopes\/","title":{"rendered":"Pez\u00e3o ficar\u00e1 preso no BEP junto com o ex-procurador-geral de Justi\u00e7a Claudio Lopes"},"content":{"rendered":"<p><img loading=\"lazy\" decoding=\"async\" class=\"aligncenter size-full wp-image-1213\" src=\"http:\/\/www.tribunanf.com.br\/blogdoralfereis\/wp-content\/uploads\/sites\/11\/2018\/11\/pez\u00e3o-1.jpg\" alt=\"\" width=\"1600\" height=\"1067\" srcset=\"https:\/\/www.tribunanf.com.br\/blogdoralfereis\/wp-content\/uploads\/sites\/11\/2018\/11\/pez\u00e3o-1.jpg 1600w, https:\/\/www.tribunanf.com.br\/blogdoralfereis\/wp-content\/uploads\/sites\/11\/2018\/11\/pez\u00e3o-1-300x200.jpg 300w, https:\/\/www.tribunanf.com.br\/blogdoralfereis\/wp-content\/uploads\/sites\/11\/2018\/11\/pez\u00e3o-1-768x512.jpg 768w, https:\/\/www.tribunanf.com.br\/blogdoralfereis\/wp-content\/uploads\/sites\/11\/2018\/11\/pez\u00e3o-1-1024x683.jpg 1024w\" sizes=\"auto, (max-width: 1600px) 100vw, 1600px\" \/><\/p>\n<p style=\"text-align: justify;\">O governador Luiz Fernando Pez\u00e3o, preso na opera\u00e7\u00e3o Boca de Lobo, desdobramento da Lava Jato do Rio, dever\u00e1 ficar preso no Batalh\u00e3o Especial Prisional (BEP) de Niter\u00f3i.<\/p>\n<p style=\"text-align: justify;\">No BEP tamb\u00e9m est\u00e1 preso o ex-procurador-geral de Justi\u00e7a do Rio, Claudio Lopes, acusado\u00a0de blindar a organiza\u00e7\u00e3o criminosa liderada por Cabral e receber R$ 7,2 milh\u00f5es em propinas. Entre os principais motivos pela pris\u00e3o preventiva de Lopes foi de que ele teria pressionado uma promotora de justi\u00e7a para obter informa\u00e7\u00f5es sobre investiga\u00e7\u00f5es relacionadas ao prefeito de Campos dos Goytacazes Rafael Diniz.<\/p>\n<p style=\"text-align: justify;\"><a title=\"Ex-procurador-geral de Justi\u00e7a do Rio pressionou promotora por informa\u00e7\u00f5es envolvendo o Prefeito de Campos\" href=\"http:\/\/www.tribunanf.com.br\/ex-procurador-geral-de-justica-do-rio-pressionou-promotora-por-informacoes-envolvendo-a-prefeitura-de-campos\/\">*Ex-procurador-geral de Justi\u00e7a do Rio pressionou promotora por informa\u00e7\u00f5es envolvendo o Prefeito de Campos<\/a><\/p>\n<p style=\"text-align: justify;\"><a title=\"Ex-procurador-geral do esquema de Cabral tentou obter informa\u00e7\u00f5es sobre investiga\u00e7\u00f5es contra governo Rafael Diniz em agosto\" href=\"http:\/\/www.tribunanf.com.br\/blogdoralfereis\/2018\/11\/27\/ex-procurador-geral-do-esquema-de-cabral-tentou-obter-informacoes-sobre-investigacoes-contra-governo-rafael-diniz-em-agosto\/\">*Ex-procurador-geral do esquema de Cabral tentou obter informa\u00e7\u00f5es sobre investiga\u00e7\u00f5es contra governo Rafael Diniz em agosto<\/a><\/p>\n","protected":false},"excerpt":{"rendered":"<p>O governador Luiz Fernando Pez\u00e3o, preso na opera\u00e7\u00e3o Boca de Lobo, desdobramento da Lava Jato do Rio, dever\u00e1 ficar preso&#8230;<\/p>\n","protected":false},"author":2,"featured_media":1213,"comment_status":"open","ping_status":"open","sticky":false,"template":"","format":"standard","meta":{"colormag_page_container_layout":"default_layout","colormag_page_sidebar_layout":"default_layout","jetpack_post_was_ever_published":false,"_jetpack_newsletter_access":"","_jetpack_dont_email_post_to_subs":false,"_jetpack_newsletter_tier_id":0,"_jetpack_memberships_contains_paywalled_content":false,"_jetpack_memberships_contains_paid_content":false,"footnotes":""},"categories":[2],"tags":[],"class_list":["post-1212","post","type-post","status-publish","format-standard","has-post-thumbnail","hentry","category-politica"],"jetpack_featured_media_url":"https:\/\/www.tribunanf.com.br\/blogdoralfereis\/wp-content\/uploads\/sites\/11\/2018\/11\/pez\u00e3o-1.jpg","jetpack_sharing_enabled":true,"_links":{"self":[{"href":"https:\/\/www.tribunanf.com.br\/blogdoralfereis\/wp-json\/wp\/v2\/posts\/1212","targetHints":{"allow":["GET"]}}],"collection":[{"href":"https:\/\/www.tribunanf.com.br\/blogdoralfereis\/wp-json\/wp\/v2\/posts"}],"about":[{"href":"https:\/\/www.tribunanf.com.br\/blogdoralfereis\/wp-json\/wp\/v2\/types\/post"}],"author":[{"embeddable":true,"href":"https:\/\/www.tribunanf.com.br\/blogdoralfereis\/wp-json\/wp\/v2\/users\/2"}],"replies":[{"embeddable":true,"href":"https:\/\/www.tribunanf.com.br\/blogdoralfereis\/wp-json\/wp\/v2\/comments?post=1212"}],"version-history":[{"count":0,"href":"https:\/\/www.tribunanf.com.br\/blogdoralfereis\/wp-json\/wp\/v2\/posts\/1212\/revisions"}],"wp:featuredmedia":[{"embeddable":true,"href":"https:\/\/www.tribunanf.com.br\/blogdoralfereis\/wp-json\/wp\/v2\/media\/1213"}],"wp:attachment":[{"href":"https:\/\/www.tribunanf.com.br\/blogdoralfereis\/wp-json\/wp\/v2\/media?parent=1212"}],"wp:term":[{"taxonomy":"category","embeddable":true,"href":"https:\/\/www.tribunanf.com.br\/blogdoralfereis\/wp-json\/wp\/v2\/categories?post=1212"},{"taxonomy":"post_tag","embeddable":true,"href":"https:\/\/www.tribunanf.com.br\/blogdoralfereis\/wp-json\/wp\/v2\/tags?post=1212"}],"curies":[{"name":"wp","href":"https:\/\/api.w.org\/{rel}","templated":true}]}}