{"id":12,"date":"2018-06-02T11:43:25","date_gmt":"2018-06-02T14:43:25","guid":{"rendered":"http:\/\/www.tribunanf.com.br\/blogdoralfereis\/?p=12"},"modified":"2018-06-02T11:43:25","modified_gmt":"2018-06-02T14:43:25","slug":"icms-deputados-querem-incluir-gas-de-cozinha-na-cesta-basica","status":"publish","type":"post","link":"https:\/\/www.tribunanf.com.br\/blogdoralfereis\/2018\/06\/02\/icms-deputados-querem-incluir-gas-de-cozinha-na-cesta-basica\/","title":{"rendered":"ICMS: deputados querem incluir g\u00e1s de cozinha na cesta b\u00e1sica"},"content":{"rendered":"<p>Quando o governo tirou de pauta a redu\u00e7\u00e3o do ICMS do diesel, os deputados n\u00e3o tiveram alternativa a n\u00e3o ser retroceder e deixar a discuss\u00e3o sobre os outros combust\u00edveis para depois. Mas o pessoal n\u00e3o pretende deixar o assunto esfriar.<\/p>\n<p>S\u00e3o duas as frentes de ataque: por um lado, ser\u00e1 formada uma comiss\u00e3o especial para analisar todas as emendas de redu\u00e7\u00e3o do ICMS, incluindo gasolina e etanol.<\/p>\n<p>E, por outro, j\u00e1 circulam na Casa propostas para incluir o g\u00e1s de cozinha na cesta b\u00e1sica \u2014 o que deixaria a al\u00edquota em 7%.<\/p>\n<p>&#8220;O debate sobre o diesel \u00e9 importante, mas precisamos discutir outras quest\u00f5es que refletem na vida da popula\u00e7\u00e3o&#8221;, argumenta Gilberto Palmares (PT), autor de um dos projetos de lei sobre o assunto.<\/p>\n<p>A rainha da Zona Oeste, Lucinha (PSDB) tamb\u00e9m defende a causa, e vai al\u00e9m:<\/p>\n<p>&#8220;N\u00e3o basta aprovar a lei: a comiss\u00e3o tem que fiscalizar pra ver se a redu\u00e7\u00e3o vai chegar ao pre\u00e7o final, para beneficiar o consumidor. Temos que ficar de olho, sen\u00e3o s\u00f3 vamos beneficiar os empres\u00e1rios\u201d, alerta.<\/p>\n<p>Fonte: Extra, Extra<\/p>\n","protected":false},"excerpt":{"rendered":"<p>Quando o governo tirou de pauta a redu\u00e7\u00e3o do ICMS do diesel, os deputados n\u00e3o tiveram alternativa a n\u00e3o ser&#8230;<\/p>\n","protected":false},"author":2,"featured_media":13,"comment_status":"open","ping_status":"open","sticky":false,"template":"","format":"standard","meta":{"colormag_page_container_layout":"default_layout","colormag_page_sidebar_layout":"default_layout","jetpack_post_was_ever_published":false,"_jetpack_newsletter_access":"","_jetpack_dont_email_post_to_subs":false,"_jetpack_newsletter_tier_id":0,"_jetpack_memberships_contains_paywalled_content":false,"_jetpack_memberships_contains_paid_content":false,"footnotes":""},"categories":[2],"tags":[],"class_list":["post-12","post","type-post","status-publish","format-standard","has-post-thumbnail","hentry","category-politica"],"jetpack_featured_media_url":"https:\/\/www.tribunanf.com.br\/blogdoralfereis\/wp-content\/uploads\/sites\/11\/2018\/06\/xicms_deputados-querem-incluir-gas-de-cozinha-na-cesta-basica.jpg.pagespeed.ic_.VDPZhpUF7S.jpg","jetpack_sharing_enabled":true,"_links":{"self":[{"href":"https:\/\/www.tribunanf.com.br\/blogdoralfereis\/wp-json\/wp\/v2\/posts\/12","targetHints":{"allow":["GET"]}}],"collection":[{"href":"https:\/\/www.tribunanf.com.br\/blogdoralfereis\/wp-json\/wp\/v2\/posts"}],"about":[{"href":"https:\/\/www.tribunanf.com.br\/blogdoralfereis\/wp-json\/wp\/v2\/types\/post"}],"author":[{"embeddable":true,"href":"https:\/\/www.tribunanf.com.br\/blogdoralfereis\/wp-json\/wp\/v2\/users\/2"}],"replies":[{"embeddable":true,"href":"https:\/\/www.tribunanf.com.br\/blogdoralfereis\/wp-json\/wp\/v2\/comments?post=12"}],"version-history":[{"count":0,"href":"https:\/\/www.tribunanf.com.br\/blogdoralfereis\/wp-json\/wp\/v2\/posts\/12\/revisions"}],"wp:featuredmedia":[{"embeddable":true,"href":"https:\/\/www.tribunanf.com.br\/blogdoralfereis\/wp-json\/wp\/v2\/media\/13"}],"wp:attachment":[{"href":"https:\/\/www.tribunanf.com.br\/blogdoralfereis\/wp-json\/wp\/v2\/media?parent=12"}],"wp:term":[{"taxonomy":"category","embeddable":true,"href":"https:\/\/www.tribunanf.com.br\/blogdoralfereis\/wp-json\/wp\/v2\/categories?post=12"},{"taxonomy":"post_tag","embeddable":true,"href":"https:\/\/www.tribunanf.com.br\/blogdoralfereis\/wp-json\/wp\/v2\/tags?post=12"}],"curies":[{"name":"wp","href":"https:\/\/api.w.org\/{rel}","templated":true}]}}